{"id":215736,"date":"2025-06-30T13:20:09","date_gmt":"2025-06-30T13:20:09","guid":{"rendered":"https:\/\/www.europesays.com\/fr\/215736\/"},"modified":"2025-06-30T13:20:09","modified_gmt":"2025-06-30T13:20:09","slug":"jennyfer-ferme-cette-boutique-de-mode-connue-la-remplace","status":"publish","type":"post","link":"https:\/\/www.europesays.com\/fr\/215736\/","title":{"rendered":"Jennyfer ferme, cette boutique de mode connue la remplace"},"content":{"rendered":"<p>            Par<br \/>\n        <strong><br \/>\n            <a href=\"https:\/\/actu.fr\/auteur\/mathias-souteyrat\" title=\"Consulter tous les articles de Mathias Souteyrat\" target=\"_blank\" rel=\"noopener\">Mathias Souteyrat<\/a><br \/>\n        <\/strong><\/p>\n<p>        Publi\u00e9 le<\/p>\n<p>            30 juin 2025 \u00e0 14h12        <\/p>\n<p>Prise d\u2019assaut jusqu\u2019\u00e0 sa fermeture (\u00e0 la suite d\u2019une liquidation judiciaire en France), la boutique <a href=\"https:\/\/actu.fr\/auvergne-rhone-alpes\/saint-etienne_42218\/loire-jennyfer-place-en-liquidation-judiciaire-ces-trois-boutiques-en-danger_62582100.html\" target=\"_blank\" rel=\"noopener\">Jennyfer<\/a> (*) a pli\u00e9 bagage du centre commercial de <a href=\"https:\/\/actu.fr\/tag\/centre-commercial-steel\" target=\"_blank\" rel=\"noopener\">Steel<\/a> \u00e0 Saint-Etienne.<\/p>\n<p class=\" wall-content\">La cellule commerciale n\u2019est pas rest\u00e9e vide longtemps. Elle est remplac\u00e9e par un autre magasin de mode\u2009: Bonobo.<\/p>\n<p>\u00ab\u2009Attirer des marques nationales\u2009\u00bb<\/p>\n<blockquote class=\"ac-article-quote wall-content\">\n<p>Cette ouverture vient renforcer l&rsquo;offre commerciale de Steel avec une nouvelle enseigne, dynamique et engag\u00e9e tout en contribuant au maintien de l\u2019emploi. Elle t\u00e9moigne de la capacit\u00e9 de Steel \u00e0 attirer des marques nationales et \u00e0 r\u00e9pondre aux attentes des visiteurs tout en confirmant son r\u00f4le moteur au sein de l&rsquo;agglom\u00e9ration st\u00e9phanoise.<\/p>\n<p>    <strong>Josselin Durand<\/strong><br \/>\n        Directeur du centre Steel    <\/p><\/blockquote>\n<p class=\" wall-content\">Roanne, Montbrison, Villars, Firminy, Centre Deux Saint-Etienne\u2026 Il s\u2019agit donc de la sixi\u00e8me boutique de la marque dans la Loire.<\/p>\n<p>(*) 191 boutiques Jennyfer ont ferm\u00e9 le 29\u00a0mai. Dans la Loire, l\u2019enseigne comptait\u00a0trois magasins\u2009\u00e0 Roanne, Steel et Centre Deux \u00e0 Saint-Etienne.<\/p>\n<p>Vid\u00e9os : en ce moment sur Actu<\/p>\n<p class=\" wall-content\">Suivez toute l\u2019actualit\u00e9 de vos villes et m\u00e9dias favoris en vous inscrivant \u00e0 <a href=\"https:\/\/moncompte.actu.fr\" title=\"D\u00e9couvez Mon Actu\" rel=\"nofollow noopener\" data-trk=\"{&quot;cta&quot;:{&quot;action&quot;:&quot;https:\\\/\\\/moncompte.actu.fr&quot;,&quot;category&quot;:&quot;mon compte&quot;,&quot;from&quot;:&quot;article footer&quot;,&quot;name&quot;:&quot;Mon actu&quot;,&quot;type&quot;:&quot;cta&quot;}}\" target=\"_blank\">Mon Actu<\/a>.<\/p>\n<ul class=\"ac-article-tag wall-content\">\n<li><a href=\"https:\/\/actu.fr\/tag\/centre-commercial-steel\" data-trk=\"{&quot;cta&quot;:{&quot;action&quot;:&quot;Centre commercial Steel&quot;,&quot;category&quot;:&quot;tag&quot;,&quot;from&quot;:&quot;article footer&quot;,&quot;name&quot;:&quot;Centre commercial Steel&quot;,&quot;type&quot;:&quot;cta&quot;}}\" target=\"_blank\" rel=\"noopener\">#Centre commercial Steel<\/a><\/li>\n<li><a href=\"https:\/\/actu.fr\/tag\/nouveaux-commerces\" data-trk=\"{&quot;cta&quot;:{&quot;action&quot;:&quot;Nouveaux commerces&quot;,&quot;category&quot;:&quot;tag&quot;,&quot;from&quot;:&quot;article footer&quot;,&quot;name&quot;:&quot;Nouveaux commerces&quot;,&quot;type&quot;:&quot;cta&quot;}}\" target=\"_blank\" rel=\"noopener\">#Nouveaux commerces<\/a><\/li>\n<\/ul>\n","protected":false},"excerpt":{"rendered":"Par Mathias Souteyrat Publi\u00e9 le 30 juin 2025 \u00e0 14h12 Prise d\u2019assaut jusqu\u2019\u00e0 sa fermeture (\u00e0 la suite&hellip;\n","protected":false},"author":2,"featured_media":215737,"comment_status":"","ping_status":"","sticky":false,"template":"","format":"standard","meta":{"footnotes":""},"categories":[9653],"tags":[1111,11,2430,16733,33,1777,674,1011,27,12,3147,25,4001],"class_list":{"0":"post-215736","1":"post","2":"type-post","3":"status-publish","4":"format-standard","5":"has-post-thumbnail","7":"category-saint-etienne","8":"tag-actu","9":"tag-actualites","10":"tag-auvergne-rhone-alpes","11":"tag-centre-commercial-steel","12":"tag-economie","13":"tag-eu","14":"tag-europe","15":"tag-fr","16":"tag-france","17":"tag-news","18":"tag-nouveaux-commerces","19":"tag-republique-francaise","20":"tag-saint-etienne"},"share_on_mastodon":{"url":"https:\/\/pubeurope.com\/@fr\/114772523371929622","error":""},"_links":{"self":[{"href":"https:\/\/www.europesays.com\/fr\/wp-json\/wp\/v2\/posts\/215736","targetHints":{"allow":["GET"]}}],"collection":[{"href":"https:\/\/www.europesays.com\/fr\/wp-json\/wp\/v2\/posts"}],"about":[{"href":"https:\/\/www.europesays.com\/fr\/wp-json\/wp\/v2\/types\/post"}],"author":[{"embeddable":true,"href":"https:\/\/www.europesays.com\/fr\/wp-json\/wp\/v2\/users\/2"}],"replies":[{"embeddable":true,"href":"https:\/\/www.europesays.com\/fr\/wp-json\/wp\/v2\/comments?post=215736"}],"version-history":[{"count":0,"href":"https:\/\/www.europesays.com\/fr\/wp-json\/wp\/v2\/posts\/215736\/revisions"}],"wp:featuredmedia":[{"embeddable":true,"href":"https:\/\/www.europesays.com\/fr\/wp-json\/wp\/v2\/media\/215737"}],"wp:attachment":[{"href":"https:\/\/www.europesays.com\/fr\/wp-json\/wp\/v2\/media?parent=215736"}],"wp:term":[{"taxonomy":"category","embeddable":true,"href":"https:\/\/www.europesays.com\/fr\/wp-json\/wp\/v2\/categories?post=215736"},{"taxonomy":"post_tag","embeddable":true,"href":"https:\/\/www.europesays.com\/fr\/wp-json\/wp\/v2\/tags?post=215736"}],"curies":[{"name":"wp","href":"https:\/\/api.w.org\/{rel}","templated":true}]}}