{"id":21575,"date":"2025-04-13T06:44:09","date_gmt":"2025-04-13T06:44:09","guid":{"rendered":"https:\/\/www.europesays.com\/fr\/21575\/"},"modified":"2025-04-13T06:44:09","modified_gmt":"2025-04-13T06:44:09","slug":"meteo-changement-de-temps-ce-week-end-une-premiere-semaine-de-vacances-morose-a-toulouse-et-en-occitanie","status":"publish","type":"post","link":"https:\/\/www.europesays.com\/fr\/21575\/","title":{"rendered":"M\u00e9t\u00e9o. Changement de temps ce week-end, une premi\u00e8re semaine de vacances morose \u00e0 Toulouse et en Occitanie"},"content":{"rendered":"<p>            Par<br \/>\n        <strong><br \/>\n            <a href=\"https:\/\/actu.fr\/auteur\/lucie-2\" title=\"Consulter tous les articles de Lucie Fraisse\" rel=\"nofollow noopener\" target=\"_blank\">Lucie Fraisse<\/a><br \/>\n        <\/strong><\/p>\n<p>        Publi\u00e9 le<\/p>\n<p>            12 avr. 2025 \u00e0 6h04        <\/p>\n<p>\u00c7a se g\u00e2te ce week-end ! Apr\u00e8s quelques jours de (tr\u00e8s) beau temps, la m\u00e9t\u00e9o devient plus chagrine ces 12 et 13 avril 2025 et la premi\u00e8re semaine des vacances scolaires s\u2019annonce grise et pluvieuse, \u00e0<a href=\"https:\/\/actu.fr\/toulouse\/\" rel=\"nofollow noopener\" target=\"_blank\"> Toulouse<\/a> <strong>et en Occitanie<\/strong>. On fait le point sur les pr\u00e9visions de M\u00e9t\u00e9o France pour ces prochains jours.<\/p>\n<p>Des orages samedi \u00e0 Toulouse\u00a0<\/p>\n<p class=\" wall-content\">\u00c0 Toulouse, M\u00e9t\u00e9o France<a href=\"https:\/\/actu.fr\/occitanie\/toulouse_31555\/changement-radical-de-temps-a-toulouse-et-en-haute-garonne-averses-et-orages-font-leur-retour_62497579.html\" rel=\"nofollow noopener\" target=\"_blank\"> annonce des orages d\u00e8s samedi<\/a> : ils arriveront vers 21 heures et dureront jusque dans la nuit. Dimanche, le ciel s\u2019assombrit et les averses seront pr\u00e9sentes, avec des cumuls de pluie plut\u00f4t faibles cependant. <strong>La pluie vire \u00e0 l\u2019orage en fin d\u2019apr\u00e8s-midi<\/strong> sur une bonne partie de la Haute-Garonne.<\/p>\n<p class=\" wall-content\">Dimanche, ces pluies s\u2019accompagnent d\u2019une chute des temp\u00e9ratures \u00e0 Toulouse, on perdra alors 4 \u00e0 5 degr\u00e9s.<\/p>\n<p>Une semaine plut\u00f4t fra\u00eeche\u00a0<\/p>\n<p class=\" wall-content\">Et mieux vaut ne pas avoir rang\u00e9 ses pulls apr\u00e8s les quelques beaux et doux jours que l\u2019on vient de conna\u00eetre. La premi\u00e8re semaine des vacances scolaires s\u2019annonce en effet plut\u00f4t fra\u00eeche<strong>, avec des temp\u00e9ratures en dessous de 20\u00b0C et donc des normales de saison<\/strong>. Mercredi sera la journ\u00e9e la plus fra\u00eeche de la semaine, avec 14\u00b0C au plus chaud de la journ\u00e9e.<\/p>\n<p class=\" wall-content\">Des temp\u00e9ratures en baisse qui s\u2019accompagnent d\u2019averses, annonc\u00e9es tous les jours de la semaine ou presque. Des rafales de vent autour de 40 et 50 km\/h sont annonc\u00e9es en milieu de semaine.<\/p>\n<p>M\u00eame topo partout en Occitanie\u00a0<\/p>\n<p class=\" wall-content\">Si vous partez en vacances, n\u2019esp\u00e9rez pas avoir de meilleures conditions en allant ailleurs en <strong>Occitanie<\/strong> (ou en France d\u2019ailleurs) : <a href=\"https:\/\/actu.fr\/meteo\/occitanie-cette-fois-c-est-sur-il-va-pleuvoir-enormement-la-semaine-prochaine-sortez-les-parapluies_62497042.html\" rel=\"nofollow noopener\" target=\"_blank\">le temps sera maussade partout !<\/a><\/p>\n<p>Vid\u00e9os : en ce moment sur Actu<\/p>\n<p class=\" wall-content\">Si la journ\u00e9e de samedi d\u00e9bute sous le soleil, les nuages et les orages arriveront par l\u2019ouest de la r\u00e9gion en soir\u00e9e. Dimanche, les pluies \u00e9parses seront pr\u00e9sentes partout. Le soleil fera un timide retour lundi, surtout \u00e0 l\u2019ouest de la r\u00e9gion, avant que les averses reviennent de plus belle, au moins jusqu\u2019\u00e0 jeudi.<\/p>\n<p class=\" wall-content\">Suivez toute l\u2019actualit\u00e9 de vos villes et m\u00e9dias favoris en vous inscrivant \u00e0 <a href=\"https:\/\/moncompte.actu.fr\" title=\"D\u00e9couvez Mon Actu\" rel=\"nofollow noopener\" data-trk=\"{&quot;cta&quot;:{&quot;action&quot;:&quot;https:\\\/\\\/moncompte.actu.fr&quot;,&quot;category&quot;:&quot;mon compte&quot;,&quot;from&quot;:&quot;article footer&quot;,&quot;name&quot;:&quot;Mon actu&quot;,&quot;type&quot;:&quot;cta&quot;}}\" target=\"_blank\">Mon Actu<\/a>.<\/p>\n","protected":false},"excerpt":{"rendered":"Par Lucie Fraisse Publi\u00e9 le 12 avr. 2025 \u00e0 6h04 \u00c7a se g\u00e2te ce week-end ! Apr\u00e8s quelques&hellip;\n","protected":false},"author":2,"featured_media":21576,"comment_status":"","ping_status":"","sticky":false,"template":"","format":"standard","meta":{"footnotes":""},"categories":[2816],"tags":[1111,11,1777,674,1011,27,2487,2357,12,2680,25,2312],"class_list":{"0":"post-21575","1":"post","2":"type-post","3":"status-publish","4":"format-standard","5":"has-post-thumbnail","7":"category-toulouse","8":"tag-actu","9":"tag-actualites","10":"tag-eu","11":"tag-europe","12":"tag-fr","13":"tag-france","14":"tag-meteo","15":"tag-meteo-france","16":"tag-news","17":"tag-occitanie","18":"tag-republique-francaise","19":"tag-toulouse"},"share_on_mastodon":{"url":"","error":""},"_links":{"self":[{"href":"https:\/\/www.europesays.com\/fr\/wp-json\/wp\/v2\/posts\/21575","targetHints":{"allow":["GET"]}}],"collection":[{"href":"https:\/\/www.europesays.com\/fr\/wp-json\/wp\/v2\/posts"}],"about":[{"href":"https:\/\/www.europesays.com\/fr\/wp-json\/wp\/v2\/types\/post"}],"author":[{"embeddable":true,"href":"https:\/\/www.europesays.com\/fr\/wp-json\/wp\/v2\/users\/2"}],"replies":[{"embeddable":true,"href":"https:\/\/www.europesays.com\/fr\/wp-json\/wp\/v2\/comments?post=21575"}],"version-history":[{"count":0,"href":"https:\/\/www.europesays.com\/fr\/wp-json\/wp\/v2\/posts\/21575\/revisions"}],"wp:featuredmedia":[{"embeddable":true,"href":"https:\/\/www.europesays.com\/fr\/wp-json\/wp\/v2\/media\/21576"}],"wp:attachment":[{"href":"https:\/\/www.europesays.com\/fr\/wp-json\/wp\/v2\/media?parent=21575"}],"wp:term":[{"taxonomy":"category","embeddable":true,"href":"https:\/\/www.europesays.com\/fr\/wp-json\/wp\/v2\/categories?post=21575"},{"taxonomy":"post_tag","embeddable":true,"href":"https:\/\/www.europesays.com\/fr\/wp-json\/wp\/v2\/tags?post=21575"}],"curies":[{"name":"wp","href":"https:\/\/api.w.org\/{rel}","templated":true}]}}