{"id":215776,"date":"2025-06-30T13:42:08","date_gmt":"2025-06-30T13:42:08","guid":{"rendered":"https:\/\/www.europesays.com\/fr\/215776\/"},"modified":"2025-06-30T13:42:08","modified_gmt":"2025-06-30T13:42:08","slug":"le-principal-danger-pour-toulouse-est-la-france-insoumise","status":"publish","type":"post","link":"https:\/\/www.europesays.com\/fr\/215776\/","title":{"rendered":"Le principal danger pour Toulouse est la France Insoumise"},"content":{"rendered":"<p>            Par<br \/>\n        <strong><br \/>\n            <a href=\"https:\/\/actu.fr\/auteur\/pascal-pallas\" title=\"Consulter tous les articles de Pascal Pallas\" target=\"_blank\" rel=\"noopener\">Pascal Pallas<\/a><br \/>\n        <\/strong><\/p>\n<p>        Publi\u00e9 le<\/p>\n<p>            30 juin 2025 \u00e0 15h35        <\/p>\n<p>Les mots ont \u00e9t\u00e9 graves, durs, sentencieux. Et ils \u00e9taient tous \u00e0 l\u2019encontre de Fran\u00e7ois Piquemal, candidat aux <strong>\u00e9lections municipales 2026 \u00e0 Toulouse<\/strong> sous banni\u00e8re de la France Insoumise (LFI).\u00a0<\/p>\n<p class=\" wall-content\"><strong><a href=\"https:\/\/actu.fr\/tag\/jean-luc-moudenc\" target=\"_blank\" rel=\"noopener\">Jean-Luc Moudenc<\/a><\/strong> n\u2019a pas m\u00e9nag\u00e9 son seul adversaire pour l\u2019heure officiellement d\u00e9clar\u00e9 \u00e0 l\u2019occasion d\u2019un meeting suivi par 500 personnes, samedi 28 juin 2025, salle Jean-Mermoz \u00e0 <strong>Toulouse<\/strong>.\u00a0<\/p>\n<p>\u00ab\u00a0Ce sont des guignols\u00a0\u00bb<\/p>\n<p class=\" wall-content\">En attendant que le maire sortant se pr\u00e9sente sur l\u2019estrade, <strong>Olivier Arsac<\/strong>, adjoint au maire de Toulouse et secr\u00e9taire d\u00e9partemental du parti Les R\u00e9publicains, avait donn\u00e9 le la. \u00ab\u00a0Ce sont <strong>des guignols\u00a0\u00bb,<\/strong> l\u00e2chait le chauffeur de salle avant de rappeler que lors de la campagne des Municipales 2020, le mouvement Archipel Citoyen (duquel sont issus les actuels \u00e9lus municipaux de LFI, NDLR), voulaient r\u00e9volutionner la politique avec des pratiques vertueuses, mais qu\u2019en r\u00e9alit\u00e9 \u00ab\u00a0ils ont cumul\u00e9 les mandats\u00a0\u00bb.\u00a0<\/p>\n<p class=\" wall-content\">\u00ab\u00a0Nous ne voulons pas d\u2019un M\u00e9lenchoniste au Capitole\u00a0\u00bb, d\u00e9clarait ensuite la premi\u00e8re adjointe, <strong>Marion Lalanne de Laubad\u00e8re<\/strong>. \u00ab\u00a0Parce que Toulouse m\u00e9rite mieux que des postures et des slogans\u00a0\u00bb.\u00a0<\/p>\n<p>\u00ab\u00a0Une campagne de caniveau\u00a0\u00bb d\u00e9nonce Jean-Luc Moudenc<\/p>\n<p class=\" wall-content\">Vis\u00e9 par deux plaintes d\u00e9pos\u00e9es par Anticor, <a href=\"https:\/\/actu.fr\/occitanie\/toulouse_31555\/plainte-d-anticor-contre-le-maire-de-toulouse-j-ai-ma-conscience-en-paix-dit-jean-luc-moudenc_62800389.html\" target=\"_blank\" rel=\"noopener\">l\u2019une concernant son emploi<\/a>, l\u2019autre au sujet des<a href=\"https:\/\/actu.fr\/occitanie\/toulouse_31555\/anticor-porte-plainte-contre-jean-luc-moudenc-pour-detournement-de-fonds-publics-ce-que-l-on-sait_62788607.html\" target=\"_blank\" rel=\"noopener\">\u00a0agissements de son cabinet lors de la campagne \u00e9lectorale de 2020<\/a>, qu\u2019il estime pouss\u00e9es par son opposition municipale, le maire sortant et candidat a d\u2019abord d\u00e9nonc\u00e9 <strong>la \u00ab\u00a0campagne de caniveau\u00a0\u00bb <\/strong>qui agite l\u2019actualit\u00e9.<\/p>\n<p>Vid\u00e9os : en ce moment sur Actu<\/p>\n<blockquote class=\"ac-article-quote wall-content\">\n<p>Le principal danger pour Toulouse c&rsquo;est La France Insoumise.<\/p>\n<p>    <strong>Jean-Luc Moudenc<\/strong><br \/>\n        Maire sortant et candidat \u00e0 sa r\u00e9\u00e9lection \u00e0 Toulouse    <\/p><\/blockquote>\n<p class=\" wall-content\">Pour lui, il y a \u00ab\u00a0un alliage entre<strong> le vide et le bruit<\/strong>\u00ab\u00a0. Il d\u00e9nonce \u00e9galement des \u00ab\u00a0propositions vagues\u00a0\u00bb, des \u00ab\u00a0promesses co\u00fbteuses\u00a0\u00bb mais \u00ab\u00a0sans d\u00e9monstration de leur financement\u00a0\u00bb.\u00a0<\/p>\n<p class=\" wall-content\">Et de regretter que l\u2019on est loin \u00ab\u00a0du socialisme r\u00e9publicain et gestionnaire\u00a0\u00bb.\u00a0<\/p>\n<p class=\" wall-content\">Suivez toute l\u2019actualit\u00e9 de vos villes et m\u00e9dias favoris en vous inscrivant \u00e0 <a href=\"https:\/\/moncompte.actu.fr\" title=\"D\u00e9couvez Mon Actu\" rel=\"nofollow noopener\" data-trk=\"{&quot;cta&quot;:{&quot;action&quot;:&quot;https:\\\/\\\/moncompte.actu.fr&quot;,&quot;category&quot;:&quot;mon compte&quot;,&quot;from&quot;:&quot;article footer&quot;,&quot;name&quot;:&quot;Mon actu&quot;,&quot;type&quot;:&quot;cta&quot;}}\" target=\"_blank\">Mon Actu<\/a>.<\/p>\n","protected":false},"excerpt":{"rendered":"Par Pascal Pallas Publi\u00e9 le 30 juin 2025 \u00e0 15h35 Les mots ont \u00e9t\u00e9 graves, durs, sentencieux. Et&hellip;\n","protected":false},"author":2,"featured_media":215777,"comment_status":"","ping_status":"","sticky":false,"template":"","format":"standard","meta":{"footnotes":""},"categories":[2816],"tags":[1111,11,4188,1777,674,1011,27,2857,1023,3434,12,2680,316,25,2312],"class_list":{"0":"post-215776","1":"post","2":"type-post","3":"status-publish","4":"format-standard","5":"has-post-thumbnail","7":"category-toulouse","8":"tag-actu","9":"tag-actualites","10":"tag-elections-municipales","11":"tag-eu","12":"tag-europe","13":"tag-fr","14":"tag-france","15":"tag-jean-luc-moudenc","16":"tag-la-france-insoumise-lfi","17":"tag-municipales-2026","18":"tag-news","19":"tag-occitanie","20":"tag-politique","21":"tag-republique-francaise","22":"tag-toulouse"},"share_on_mastodon":{"url":"https:\/\/pubeurope.com\/@fr\/114772609835730632","error":""},"_links":{"self":[{"href":"https:\/\/www.europesays.com\/fr\/wp-json\/wp\/v2\/posts\/215776","targetHints":{"allow":["GET"]}}],"collection":[{"href":"https:\/\/www.europesays.com\/fr\/wp-json\/wp\/v2\/posts"}],"about":[{"href":"https:\/\/www.europesays.com\/fr\/wp-json\/wp\/v2\/types\/post"}],"author":[{"embeddable":true,"href":"https:\/\/www.europesays.com\/fr\/wp-json\/wp\/v2\/users\/2"}],"replies":[{"embeddable":true,"href":"https:\/\/www.europesays.com\/fr\/wp-json\/wp\/v2\/comments?post=215776"}],"version-history":[{"count":0,"href":"https:\/\/www.europesays.com\/fr\/wp-json\/wp\/v2\/posts\/215776\/revisions"}],"wp:featuredmedia":[{"embeddable":true,"href":"https:\/\/www.europesays.com\/fr\/wp-json\/wp\/v2\/media\/215777"}],"wp:attachment":[{"href":"https:\/\/www.europesays.com\/fr\/wp-json\/wp\/v2\/media?parent=215776"}],"wp:term":[{"taxonomy":"category","embeddable":true,"href":"https:\/\/www.europesays.com\/fr\/wp-json\/wp\/v2\/categories?post=215776"},{"taxonomy":"post_tag","embeddable":true,"href":"https:\/\/www.europesays.com\/fr\/wp-json\/wp\/v2\/tags?post=215776"}],"curies":[{"name":"wp","href":"https:\/\/api.w.org\/{rel}","templated":true}]}}