{"id":215790,"date":"2025-06-30T13:49:08","date_gmt":"2025-06-30T13:49:08","guid":{"rendered":"https:\/\/www.europesays.com\/fr\/215790\/"},"modified":"2025-06-30T13:49:08","modified_gmt":"2025-06-30T13:49:08","slug":"250-personnes-sautent-dans-le-rhone-on-etait-bien-dans-leau","status":"publish","type":"post","link":"https:\/\/www.europesays.com\/fr\/215790\/","title":{"rendered":"250 personnes sautent dans le Rh\u00f4ne, \u00ab\u00a0on \u00e9tait bien dans l&rsquo;eau\u00a0\u00bb"},"content":{"rendered":"<p>            Par<br \/>\n        <strong><br \/>\n            <a href=\"https:\/\/actu.fr\/auteur\/redaction-lyon\" title=\"Consulter tous les articles de R\u00e9daction Lyon\" rel=\"nofollow noopener\" target=\"_blank\">R\u00e9daction Lyon<\/a><br \/>\n        <\/strong><\/p>\n<p>        Publi\u00e9 le<\/p>\n<p>            30 juin 2025 \u00e0 15h38        <\/p>\n<p>\u00ab\u00a0Avec les 40 degr\u00e9s \u00e0 l\u2019ext\u00e9rieur, on \u00e9tait bien dans l\u2019eau\u00a0\u00bb : pr\u00e8s de <strong>250 Lyonnais<\/strong> ont flott\u00e9 paisiblement sur le <a href=\"https:\/\/actu.fr\/auvergne-rhone-alpes\/rhone_69\" rel=\"nofollow noopener\" target=\"_blank\">Rh\u00f4ne<\/a> dimanche, une \u00ab\u00a0baignade d\u00e9rivante\u00a0\u00bb particuli\u00e8rement bienvenue en ces temps de <a href=\"https:\/\/actu.fr\/auvergne-rhone-alpes\/lyon_69123\/canicule-a-lyon-chaleur-extreme-et-etouffante-un-expert-meteo-dit-jusqu-a-quand-ca-va-durer_62843280.html\" rel=\"nofollow noopener\" target=\"_blank\">canicule<\/a>.<\/p>\n<p class=\" wall-content\">Accroch\u00e9s \u00e0 des bou\u00e9es orange, ils se sont <strong>laiss\u00e9s porter<\/strong> par le courant sur pr\u00e8s de 400 m\u00e8tres en plein c\u0153ur de la ville.\u00a0<\/p>\n<p>Une baignade exceptionnelle<\/p>\n<p class=\" wall-content\">\u00ab\u00a0C\u2019est tr\u00e8s sympa\u00a0\u00bb, confie encore ruisselant Olivier Perrin, venu go\u00fbter en famille les eaux fra\u00eeches du fleuve. Le quadrag\u00e9naire appr\u00e9cie ce \u00ab\u00a0tr\u00e8s bon moment\u00a0\u00bb, un r\u00e9pit alors que le thermom\u00e8tre s\u2019affole depuis plusieurs jours \u00e0 Lyon.<\/p>\n<p class=\" wall-content\">Inspir\u00e9e d\u2019une tradition helv\u00e9tique populaire sur l\u2019Aar \u00e0 Berne, la premi\u00e8re \u00ab\u00a0baignade d\u00e9rivante\u00a0\u00bb de Lyon s\u2019inscrivait dans le cadre du <a href=\"https:\/\/actu.fr\/auvergne-rhone-alpes\/lyon_69123\/lyon-ce-festival-gratuit-au-bord-du-rhone-et-de-la-saone-revient-bien-en-2025-ce-qui-change_62722131.html\" rel=\"nofollow noopener\" target=\"_blank\">festival entre Rh\u00f4ne et Sa\u00f4ne<\/a>, organis\u00e9 depuis vendredi par la mairie \u00e9cologiste.<\/p>\n<p class=\" wall-content\">Ici, pas de comp\u00e9tition, pas de chrono, il faut \u00ab\u00a0juste rejoindre l\u2019exp\u00e9rience\u00a0\u00bb, souligne Daniela Munoz, une Chilienne d\u2019une vingtaine d\u2019ann\u00e9es, \u00ab\u00a0particuli\u00e8rement avec cette chaleur terrible\u00a0\u00bb.<\/p>\n<p>Vid\u00e9os : en ce moment sur Actu\u00ab\u00a0Ils se soucient vraiment de notre s\u00e9curit\u00e9\u00a0\u00bb<\/p>\n<p class=\" wall-content\">\u00ab\u00a0Ils se soucient vraiment de notre s\u00e9curit\u00e9 : <strong>ils ont toute une \u00e9quipe de sauveteurs<\/strong>. Cela m\u2019a fait me sentir super en s\u00e9curit\u00e9\u00a0\u00bb, dit-elle en louant le travail des responsables de la s\u00e9curit\u00e9 du festival install\u00e9s sur des paddles, qui ont veill\u00e9 au bon d\u00e9roulement de la d\u00e9rive.<\/p>\n<p class=\" wall-content\">Comme la jeune femme, quelque 250 participants se sont inscrits pour cette d\u00e9ambulation aquatique. Par s\u00e9rie de vingt, tous les quarts d\u2019heure et pendant quelques heures, petits et grands se sont lanc\u00e9s dans le bain apr\u00e8s s\u2019\u00eatre \u00e9quip\u00e9s de leurs bou\u00e9es fluo, formant de petites taches oranges sur le vert de l\u2019eau et le bleu d\u2019un ciel sans nuage.\u00a0<\/p>\n<p>\u00ab\u00a0J\u2019aimerais que \u00e7a se passe tous les jours\u00a0\u00bb : bient\u00f4t possible \u00e0 Confluence ?<\/p>\n<p class=\" wall-content\">\u00ab\u00a0Je trouve que c\u2019est une excellente initiative et \u00e0 la limite, j\u2019aimerais que \u00e7a se passe tous les jours\u00a0\u00bb, t\u00e9moigne Albert Fandos. Cette baignade urbaine \u00ab\u00a0fait conna\u00eetre notre milieu lyonnais\u00a0\u00bb, en permettant de d\u00e9couvrir les berges notamment, souligne-t-il.<\/p>\n<p class=\" wall-content\">La ville de Lyon envisage bien de p\u00e9renniser l\u2019exp\u00e9rience, a rappel\u00e9 le maire <strong>Gr\u00e9gory Doucet<\/strong>, venu encourager les baigneurs.<\/p>\n<p class=\" wall-content\">\u00a0\u00ab\u00a0Nous avons d\u2019ores et d\u00e9j\u00e0 r\u00e9alis\u00e9 une \u00e9tude d\u2019implantation d\u2019une <a href=\"https:\/\/actu.fr\/auvergne-rhone-alpes\/lyon_69123\/lyon-se-baigner-dans-la-saone-c-est-pour-bientot-tout-savoir-sur-les-annonces_62601967.html\" rel=\"nofollow noopener\" target=\"_blank\">baignade en eau vive dans la Darse de la Confluence<\/a> donc pour pouvoir profiter de l\u2019eau de la Sa\u00f4ne, \u00e7a devrait \u00eatre op\u00e9rationnel en 2027\u2033, a-t-il promis, jugeant ces initiatives indispensables dans le contexte du r\u00e9chauffement climatique.\u00a0<\/p>\n<p class=\" wall-content\"><strong>AFP<\/strong><\/p>\n<p class=\" wall-content\">Suivez toute l\u2019actualit\u00e9 de vos villes et m\u00e9dias favoris en vous inscrivant \u00e0 <a href=\"https:\/\/moncompte.actu.fr\" title=\"D\u00e9couvez Mon Actu\" rel=\"nofollow noopener\" data-trk=\"{&quot;cta&quot;:{&quot;action&quot;:&quot;https:\\\/\\\/moncompte.actu.fr&quot;,&quot;category&quot;:&quot;mon compte&quot;,&quot;from&quot;:&quot;article footer&quot;,&quot;name&quot;:&quot;Mon actu&quot;,&quot;type&quot;:&quot;cta&quot;}}\" target=\"_blank\">Mon Actu<\/a>.<\/p>\n<ul class=\"ac-article-tag wall-content\">\n<li><a href=\"https:\/\/actu.fr\/tag\/canicule\" data-trk=\"{&quot;cta&quot;:{&quot;action&quot;:&quot;Canicule&quot;,&quot;category&quot;:&quot;tag&quot;,&quot;from&quot;:&quot;article footer&quot;,&quot;name&quot;:&quot;Canicule&quot;,&quot;type&quot;:&quot;cta&quot;}}\" rel=\"nofollow noopener\" target=\"_blank\">#Canicule<\/a><\/li>\n<li><a href=\"https:\/\/actu.fr\/tag\/gregory-doucet\" data-trk=\"{&quot;cta&quot;:{&quot;action&quot;:&quot;Gr\\u00e9gory Doucet&quot;,&quot;category&quot;:&quot;tag&quot;,&quot;from&quot;:&quot;article footer&quot;,&quot;name&quot;:&quot;Gr\\u00e9gory Doucet&quot;,&quot;type&quot;:&quot;cta&quot;}}\" rel=\"nofollow noopener\" target=\"_blank\">#Gr\u00e9gory Doucet<\/a><\/li>\n<\/ul>\n","protected":false},"excerpt":{"rendered":"Par R\u00e9daction Lyon Publi\u00e9 le 30 juin 2025 \u00e0 15h38 \u00ab\u00a0Avec les 40 degr\u00e9s \u00e0 l\u2019ext\u00e9rieur, on \u00e9tait&hellip;\n","protected":false},"author":2,"featured_media":215791,"comment_status":"","ping_status":"","sticky":false,"template":"","format":"standard","meta":{"footnotes":""},"categories":[1889],"tags":[1111,11,2430,6698,1777,674,1011,27,5226,2428,12,25,104],"class_list":{"0":"post-215790","1":"post","2":"type-post","3":"status-publish","4":"format-standard","5":"has-post-thumbnail","7":"category-lyon","8":"tag-actu","9":"tag-actualites","10":"tag-auvergne-rhone-alpes","11":"tag-canicule","12":"tag-eu","13":"tag-europe","14":"tag-fr","15":"tag-france","16":"tag-gregory-doucet","17":"tag-lyon","18":"tag-news","19":"tag-republique-francaise","20":"tag-societe"},"share_on_mastodon":{"url":"https:\/\/pubeurope.com\/@fr\/114772637330744807","error":""},"_links":{"self":[{"href":"https:\/\/www.europesays.com\/fr\/wp-json\/wp\/v2\/posts\/215790","targetHints":{"allow":["GET"]}}],"collection":[{"href":"https:\/\/www.europesays.com\/fr\/wp-json\/wp\/v2\/posts"}],"about":[{"href":"https:\/\/www.europesays.com\/fr\/wp-json\/wp\/v2\/types\/post"}],"author":[{"embeddable":true,"href":"https:\/\/www.europesays.com\/fr\/wp-json\/wp\/v2\/users\/2"}],"replies":[{"embeddable":true,"href":"https:\/\/www.europesays.com\/fr\/wp-json\/wp\/v2\/comments?post=215790"}],"version-history":[{"count":0,"href":"https:\/\/www.europesays.com\/fr\/wp-json\/wp\/v2\/posts\/215790\/revisions"}],"wp:featuredmedia":[{"embeddable":true,"href":"https:\/\/www.europesays.com\/fr\/wp-json\/wp\/v2\/media\/215791"}],"wp:attachment":[{"href":"https:\/\/www.europesays.com\/fr\/wp-json\/wp\/v2\/media?parent=215790"}],"wp:term":[{"taxonomy":"category","embeddable":true,"href":"https:\/\/www.europesays.com\/fr\/wp-json\/wp\/v2\/categories?post=215790"},{"taxonomy":"post_tag","embeddable":true,"href":"https:\/\/www.europesays.com\/fr\/wp-json\/wp\/v2\/tags?post=215790"}],"curies":[{"name":"wp","href":"https:\/\/api.w.org\/{rel}","templated":true}]}}