{"id":215803,"date":"2025-06-30T13:58:12","date_gmt":"2025-06-30T13:58:12","guid":{"rendered":"https:\/\/www.europesays.com\/fr\/215803\/"},"modified":"2025-06-30T13:58:12","modified_gmt":"2025-06-30T13:58:12","slug":"arrestations-dazerbaidjanais-a-ekaterinbourg-en-russie-bakou-exige-une-enquete","status":"publish","type":"post","link":"https:\/\/www.europesays.com\/fr\/215803\/","title":{"rendered":"Arrestations d&rsquo;Azerba\u00efdjanais \u00e0 Ekaterinbourg, en Russie : Bakou exige une enqu\u00eate"},"content":{"rendered":"<p>\n  Par&amp;nbsp<b>euronews<\/b><\/p>\n<p>\n         Publi\u00e9 le<br \/>\n            30\/06\/2025 &#8211; 15:42 UTC+2<\/p>\n<p><img decoding=\"async\" class=\"c-ad__placeholder__logo\" src=\"https:\/\/static.euronews.com\/website\/images\/logos\/logo-euronews-grey-6-180x22.svg\" width=\"180\" height=\"22\" alt=\"\" loading=\"lazy\"\/>PUBLICIT\u00c9<\/p>\n<p>\u00c0 la suite des arrestations massives de repr\u00e9sentants de la diaspora azerba\u00efdjanaise dans la ville russe d&rsquo;Ekaterinbourg le 27 juin dernier, au cours desquelles deux personnes sont mortes et plusieurs autres ont \u00e9t\u00e9 bless\u00e9s, Bakou a exig\u00e9 \u00ab\u00a0une enqu\u00eate imm\u00e9diate\u00a0\u00bb sur cet incident et la traduction en justice des responsables de ce qu\u2019il a qualifi\u00e9 d\u2019\u00a0\u00bbactes de violence inacceptables\u00a0\u00bb.<\/p>\n<p>Les autorit\u00e9s azerba\u00efdjanaises ont annonc\u00e9 la d\u00e9programmation de tous les \u00e9v\u00e9nements culturels li\u00e9s \u00e0 la Russie. <\/p>\n<p>Une d\u00e9l\u00e9gation de d\u00e9put\u00e9s a annul\u00e9 son voyage \u00e0 Moscou et la visite \u00e0 Bakou du vice-pr\u00e9sident du gouvernement russe, Alexe\u00ef Overchuk, a \u00e9galement \u00e9t\u00e9 suspendue.<\/p>\n<p>Moscou dit enqu\u00eater sur des criminels \u00ab\u00a0russes originaires d&rsquo;Azerba\u00efdjan\u00a0\u00bb<\/p>\n<p>La porte-parole du minist\u00e8re russe des Affaires \u00e9trang\u00e8res, Maria Zakharova, a assur\u00e9 que les op\u00e9rations men\u00e9es par les forces russes \u00e0 Ekaterinbourg s\u2019inscrivaient dans le cadre \u00ab\u00a0d&rsquo;enqu\u00eates sur des cas de crimes graves commis au cours des ann\u00e9es pr\u00e9c\u00e9dentes\u00a0\u00bb.<\/p>\n<p>\u00ab\u00a0Les affaires concernent des citoyens russes originaires d&rsquo;Azerba\u00efdjan\u00a0\u00bb, a-t-elle pr\u00e9cis\u00e9 avant d&rsquo;ajouter que les d\u00e9tails relatifs \u00e0 ces op\u00e9rations seront communiqu\u00e9s \u00ab\u00a0prochainement\u00a0\u00bb.<\/p>\n<p>Selon l&rsquo;enqu\u00eate des services russes, les d\u00e9tenus sont impliqu\u00e9s dans des meurtres et des tentatives de meurtre commis \u00e0 Ekaterinbourg en 2001, 2010 et 2011.<\/p>\n<p>Les m\u00e9dias r\u00e9gionaux ont fait \u00e9tat de la d\u00e9tention par les forces de l&rsquo;ordre de plus de 50 personnes originaires d&rsquo;Azerba\u00efdjan. Deux des personnes arr\u00eat\u00e9es seraient mortes, dont l&rsquo;une \u00e0 la suite de probl\u00e8mes cardiaques. <\/p>\n","protected":false},"excerpt":{"rendered":"Par&amp;nbspeuronews Publi\u00e9 le 30\/06\/2025 &#8211; 15:42 UTC+2 PUBLICIT\u00c9 \u00c0 la suite des arrestations massives de repr\u00e9sentants de la&hellip;\n","protected":false},"author":2,"featured_media":215804,"comment_status":"","ping_status":"","sticky":false,"template":"","format":"standard","meta":{"footnotes":""},"categories":[1591],"tags":[11,2441,15149,12376,1887,2088,12,1072,1885,1886,132],"class_list":{"0":"post-215803","1":"post","2":"type-post","3":"status-publish","4":"format-standard","5":"has-post-thumbnail","7":"category-russie","8":"tag-actualites","9":"tag-arrestation","10":"tag-azerbaidjan","11":"tag-diaspora","12":"tag-federation-de-russie","13":"tag-manifestation","14":"tag-news","15":"tag-police","16":"tag-russia","17":"tag-russian-federation","18":"tag-russie"},"share_on_mastodon":{"url":"https:\/\/pubeurope.com\/@fr\/114772672846126420","error":""},"_links":{"self":[{"href":"https:\/\/www.europesays.com\/fr\/wp-json\/wp\/v2\/posts\/215803","targetHints":{"allow":["GET"]}}],"collection":[{"href":"https:\/\/www.europesays.com\/fr\/wp-json\/wp\/v2\/posts"}],"about":[{"href":"https:\/\/www.europesays.com\/fr\/wp-json\/wp\/v2\/types\/post"}],"author":[{"embeddable":true,"href":"https:\/\/www.europesays.com\/fr\/wp-json\/wp\/v2\/users\/2"}],"replies":[{"embeddable":true,"href":"https:\/\/www.europesays.com\/fr\/wp-json\/wp\/v2\/comments?post=215803"}],"version-history":[{"count":0,"href":"https:\/\/www.europesays.com\/fr\/wp-json\/wp\/v2\/posts\/215803\/revisions"}],"wp:featuredmedia":[{"embeddable":true,"href":"https:\/\/www.europesays.com\/fr\/wp-json\/wp\/v2\/media\/215804"}],"wp:attachment":[{"href":"https:\/\/www.europesays.com\/fr\/wp-json\/wp\/v2\/media?parent=215803"}],"wp:term":[{"taxonomy":"category","embeddable":true,"href":"https:\/\/www.europesays.com\/fr\/wp-json\/wp\/v2\/categories?post=215803"},{"taxonomy":"post_tag","embeddable":true,"href":"https:\/\/www.europesays.com\/fr\/wp-json\/wp\/v2\/tags?post=215803"}],"curies":[{"name":"wp","href":"https:\/\/api.w.org\/{rel}","templated":true}]}}