{"id":215805,"date":"2025-06-30T13:59:09","date_gmt":"2025-06-30T13:59:09","guid":{"rendered":"https:\/\/www.europesays.com\/fr\/215805\/"},"modified":"2025-06-30T13:59:09","modified_gmt":"2025-06-30T13:59:09","slug":"poutine-veut-la-capitulation-de-lukraine-estime-le-chef-de-la-diplomatie-allemande","status":"publish","type":"post","link":"https:\/\/www.europesays.com\/fr\/215805\/","title":{"rendered":"Poutine veut \u00ab\u00a0la capitulation\u00a0\u00bb de l&rsquo;Ukraine, estime le chef de la diplomatie allemande"},"content":{"rendered":"<p>  Par&amp;nbsp<a href=\"https:\/\/fr.euronews.com\/profils\/2972\" rel=\"nofollow noopener\" target=\"_blank\">Gavin Blackburn<\/a>&amp;nbspavec&amp;nbsp<b>AP<\/b><\/p>\n<p>\n                    Publi\u00e9 le                 30\/06\/2025 &#8211; 15:28 UTC+2\u2022Mis \u00e0 jour<br \/>\n                                     15:32<\/p>\n<p><img decoding=\"async\" class=\"c-ad__placeholder__logo\" src=\"https:\/\/static.euronews.com\/website\/images\/logos\/logo-euronews-grey-6-180x22.svg\" width=\"180\" height=\"22\" alt=\"\" loading=\"lazy\"\/>PUBLICIT\u00c9<\/p>\n<p>Le ministre allemand des Affaires \u00e9trang\u00e8res, Johann Wadephul, s&rsquo;est rendu \u00e0 Kiev ce lundi, d\u00e9clarant que la libert\u00e9 de l&rsquo;Ukraine \u00e9tait \u00ab\u00a0la priorit\u00e9 la plus importante\u00a0\u00bb de la politique ext\u00e9rieure allemande.<\/p>\n<p>Pour marquer le soutien de l&rsquo;Allemagne vis-\u00e0-vis de la lutte de l&rsquo;Ukraine contre l&rsquo;invasion massive de la Russie, Johann Wadephul doit rencontrer le pr\u00e9sident ukrainien Volodymyr Zelensky, et le ministre des affaires \u00e9trang\u00e8res, Andrii Sybiha, dans le courant de la journ\u00e9e de lundi.<\/p>\n<p>Johann Wadephul a d\u00e9clar\u00e9 que l&rsquo;Allemagne aiderait l&rsquo;Ukraine \u00e0 \u00ab\u00a0continuer \u00e0 se d\u00e9fendre avec succ\u00e8s &#8211; avec une d\u00e9fense a\u00e9rienne moderne et d&rsquo;autres armes, ainsi qu&rsquo;avec une aide humanitaire et \u00e9conomique\u00a0\u00bb.<\/p>\n<p>Dans un communiqu\u00e9 publi\u00e9 par le minist\u00e8re des affaires \u00e9trang\u00e8res, Johann Wadepuhl a d\u00e9clar\u00e9 que \u00ab\u00a0la libert\u00e9 de l&rsquo;Ukraine est la priorit\u00e9 la plus importante de notre politique \u00e9trang\u00e8re et de s\u00e9curit\u00e9\u00a0\u00bb.<\/p>\n<p>L&rsquo;Allemagne a \u00e9t\u00e9 le deuxi\u00e8me plus grand soutien militaire de l&rsquo;Ukraine apr\u00e8s les \u00c9tats-Unis, dont le maintien du soutien sous le pr\u00e9sident Donald Trump est remis en question.<\/p>\n<p>Cependant, Berlin a h\u00e9sit\u00e9 \u00e0 acc\u00e9der \u00e0 la demande de Zelensky de fournir \u00e0 l&rsquo;Ukraine de puissants missiles \u00e0 longue port\u00e9e Taurus fabriqu\u00e9s en Allemagne et en Su\u00e8de.<\/p>\n<p>En mai, le chancelier allemand Friedrich Merz s&rsquo;est engag\u00e9 \u00e0 aider l&rsquo;Ukraine \u00e0 d\u00e9velopper ses propres syst\u00e8mes de missiles \u00e0 longue port\u00e9e, qui ne seraient soumis \u00e0 aucune restriction quant \u00e0 leur utilisation et \u00e0 leurs cibles.<\/p>\n<p>Lors de son voyage \u00e0 Kiev, Johann Wadephul \u00e9tait accompagn\u00e9 de repr\u00e9sentants de l&rsquo;industrie allemande de la d\u00e9fense.<\/p>\n<p>L&rsquo;invasion totale de la Russie ne montre aucun signe de baisse d&rsquo;intensit\u00e9. La guerre d&rsquo;usure qu&rsquo;elle m\u00e8ne le long de la ligne de front, longue d&rsquo;environ 1 000 kilom\u00e8tres, et les frappes \u00e0 longue port\u00e9e sur les zones civiles de l&rsquo;Ukraine ont tu\u00e9 des milliers de soldats et de civils.<\/p>\n<p>Les efforts de Moscou pour s&#8217;emparer d&rsquo;une plus grande partie du territoire ukrainien ont \u00e9t\u00e9 co\u00fbteux, mais le Kremlin a effectivement rejet\u00e9 les propositions de cessez-le-feu et n&rsquo;a pas chang\u00e9 ses objectifs de guerre.<\/p>\n<p>Vladimir Poutine \u00ab\u00a0ne veut pas de n\u00e9gociations, mais une capitulation (de l&rsquo;Ukraine)\u00a0\u00bb, a d\u00e9clar\u00e9 Johann Wadephul dans un communiqu\u00e9.<\/p>\n<p>La Russie a lanc\u00e9 sa plus grande attaque a\u00e9rienne combin\u00e9e contre l&rsquo;Ukraine au cours du week-end, selon des responsables ukrainiens, dans le cadre de sa campagne de bombardement qui ne cesse de s&rsquo;intensifier et qui a encore r\u00e9duit \u00e0 n\u00e9ant les espoirs d&rsquo;une perc\u00e9e dans les efforts de paix.<\/p>\n","protected":false},"excerpt":{"rendered":"Par&amp;nbspGavin Blackburn&amp;nbspavec&amp;nbspAP Publi\u00e9 le 30\/06\/2025 &#8211; 15:28 UTC+2\u2022Mis \u00e0 jour 15:32 PUBLICIT\u00c9 Le ministre allemand des Affaires \u00e9trang\u00e8res,&hellip;\n","protected":false},"author":2,"featured_media":215806,"comment_status":"","ping_status":"","sticky":false,"template":"","format":"standard","meta":{"footnotes":""},"categories":[1590],"tags":[11,672,1777,674,131,2025,12,136,132,220],"class_list":{"0":"post-215805","1":"post","2":"type-post","3":"status-publish","4":"format-standard","5":"has-post-thumbnail","7":"category-ukraine","8":"tag-actualites","9":"tag-allemagne","10":"tag-eu","11":"tag-europe","12":"tag-guerre-en-ukraine","13":"tag-invasion-de-la-russie-en-ukraine","14":"tag-news","15":"tag-otan","16":"tag-russie","17":"tag-ukraine"},"share_on_mastodon":{"url":"https:\/\/pubeurope.com\/@fr\/114772676789630877","error":""},"_links":{"self":[{"href":"https:\/\/www.europesays.com\/fr\/wp-json\/wp\/v2\/posts\/215805","targetHints":{"allow":["GET"]}}],"collection":[{"href":"https:\/\/www.europesays.com\/fr\/wp-json\/wp\/v2\/posts"}],"about":[{"href":"https:\/\/www.europesays.com\/fr\/wp-json\/wp\/v2\/types\/post"}],"author":[{"embeddable":true,"href":"https:\/\/www.europesays.com\/fr\/wp-json\/wp\/v2\/users\/2"}],"replies":[{"embeddable":true,"href":"https:\/\/www.europesays.com\/fr\/wp-json\/wp\/v2\/comments?post=215805"}],"version-history":[{"count":0,"href":"https:\/\/www.europesays.com\/fr\/wp-json\/wp\/v2\/posts\/215805\/revisions"}],"wp:featuredmedia":[{"embeddable":true,"href":"https:\/\/www.europesays.com\/fr\/wp-json\/wp\/v2\/media\/215806"}],"wp:attachment":[{"href":"https:\/\/www.europesays.com\/fr\/wp-json\/wp\/v2\/media?parent=215805"}],"wp:term":[{"taxonomy":"category","embeddable":true,"href":"https:\/\/www.europesays.com\/fr\/wp-json\/wp\/v2\/categories?post=215805"},{"taxonomy":"post_tag","embeddable":true,"href":"https:\/\/www.europesays.com\/fr\/wp-json\/wp\/v2\/tags?post=215805"}],"curies":[{"name":"wp","href":"https:\/\/api.w.org\/{rel}","templated":true}]}}