{"id":21581,"date":"2025-04-13T06:48:12","date_gmt":"2025-04-13T06:48:12","guid":{"rendered":"https:\/\/www.europesays.com\/fr\/21581\/"},"modified":"2025-04-13T06:48:12","modified_gmt":"2025-04-13T06:48:12","slug":"depuis-dix-jours-la-bastide-massenet-ameliore-lacces-aux-soins-dans-les-quartiers-nord","status":"publish","type":"post","link":"https:\/\/www.europesays.com\/fr\/21581\/","title":{"rendered":"depuis dix jours, la Bastide Massenet am\u00e9liore l&rsquo;acc\u00e8s aux soins dans les quartiers Nord"},"content":{"rendered":"<p>Prendre rendez-vous chez un m\u00e9decin g\u00e9n\u00e9raliste est toujours une \u00e9preuve, de patience surtout, pour Maeva, 33\u00a0ans, qui habite un coin du 14e arrondissement de <a href=\"https:\/\/www.laprovence.com\/ville\/marseille\" target=\"_blank\" rel=\"noopener\">Marseille<\/a>. \u00ab\u00a0Il y a au moins trois semaines, voire un mois d\u2019attente pour une simple consultation, et je ne parle m\u00eame pas des sp\u00e9cialistes. L\u00e0 seule solution\u00a0? <a href=\"https:\/\/www.laprovence.com\/article\/sante\/2969754375103614\/attendre-4-h-pour-une-angine-ce-n-est-pas-normal-dans-les-villes-le-desert-medical-s-aggrave\" target=\"_blank\" rel=\"noopener\">Passer des heures dans les permanences m\u00e9dicales<\/a> qui sont d\u00e9j\u00e0 surcharg\u00e9es, avec plein de gens qui sont d\u00e9j\u00e0 malades\u00a0\u00bb, constate cette m\u00e8re de trois enfants. Avec 60\u00a0000\u00a0habitants, cette zone du nord de Marseille est l\u2019une des <a href=\"https:\/\/www.laprovence.com\/article\/sante\/6476733404572114\/dans-les-lycees-des-quartiers-nord-de-marseille-la-penurie-dinfirmiers-scolaires\" target=\"_blank\" rel=\"noopener\">plus tendues pour l\u2019acc\u00e8s aux soins<\/a>, avec moins de 10 m\u00e9decins pour 10\u00a0000\u00a0habitants.<\/p>\n<p>Mais cette fois, Maeva n\u2019aura eu \u00e0 attendre qu\u2019une poign\u00e9e de jours puisqu\u2019elle a d\u00e9couvert, par hasard sur Doctolib, le nouveau centre de sant\u00e9 &#8211; <a href=\"https:\/\/www.laprovence.com\/article\/region\/69344451571175\/conseil-municipal-de-marseille-un-budget-offensif-pour-la-majorite-electoral-pour-l-opposition\" target=\"_blank\" rel=\"noopener\">financ\u00e9 par la Ville<\/a> et l<a href=\"https:\/\/www.laprovence.com\/article\/sante\/2160065646496414\/yann-bubien-directeur-de-lars-paca-face-aux-lecteurs-de-la-provence-posez-vos-questions\" target=\"_blank\" rel=\"noopener\">\u2019Agence r\u00e9gionale de sant\u00e9 (ARS)<\/a> &#8211; qui a ouvert il y a dix jours le long du boulevard Alphonse Allais, au niveau du num\u00e9ro\u00a084. En face de la <a href=\"https:\/\/www.laprovence.com\/article\/region\/1498282037925414\/a-marseille-la-bastide-massenet-va-renaitre-pour-devenir-un-centre-de-sante\" target=\"_blank\" rel=\"noopener\">Bastide Massenet<\/a>, qui doit accueillir d\u2019ici 2029 la version finale de ce tiers-lieu de sant\u00e9 pour personnes \u00e9loign\u00e9es du soin, <a href=\"https:\/\/www.laprovence.com\/article\/region\/14208892509006\/le-mareposa-futur-centre-de-sante-ouvrira-au-printemps-dans-les-quartiers-nord-de-marseille\" target=\"_blank\" rel=\"noopener\">500\u00a0m\u00b2 de pr\u00e9fabriqu\u00e9s<\/a> ont \u00e9t\u00e9 install\u00e9s pour accueillir quatre premiers m\u00e9decins le temps des travaux.<\/p>\n<p>Six douches et une cuisine pour les personnes sans domicile fixe<\/p>\n<p>Le grand espace d\u2019accueil, les salles de consultations et le petit box d\u2019urgence sont encore un peu vides, cela sent le meuble neuf et le caf\u00e9 chaud. Depuis d\u00e9but avril, une centaine de patients ont d\u00e9j\u00e0 \u00e9t\u00e9 soign\u00e9s par trois m\u00e9decins g\u00e9n\u00e9ralistes et une sage-femme du collectif Enchant\u00e9, qui porte depuis des mois ce projet baptis\u00e9 Mareposa, pour Maison ressource populaire en sant\u00e9.<\/p>\n","protected":false},"excerpt":{"rendered":"Prendre rendez-vous chez un m\u00e9decin g\u00e9n\u00e9raliste est toujours une \u00e9preuve, de patience surtout, pour Maeva, 33\u00a0ans, qui habite&hellip;\n","protected":false},"author":2,"featured_media":21582,"comment_status":"","ping_status":"","sticky":false,"template":"","format":"standard","meta":{"footnotes":""},"categories":[2814],"tags":[17,1111,11,8074,8072,394,7365,1777,674,1011,27,7285,884,8073,12,882,16,25],"class_list":{"0":"post-21581","1":"post","2":"type-post","3":"status-publish","4":"format-standard","5":"has-post-thumbnail","7":"category-marseille","8":"tag-17","9":"tag-actu","10":"tag-actualites","11":"tag-ameliore","12":"tag-bastide","13":"tag-depuis","14":"tag-dix","15":"tag-eu","16":"tag-europe","17":"tag-fr","18":"tag-france","19":"tag-jours","20":"tag-marseille","21":"tag-massenet","22":"tag-news","23":"tag-provence-alpes-cote-dazur","24":"tag-region","25":"tag-republique-francaise"},"share_on_mastodon":{"url":"https:\/\/pubeurope.com\/@fr\/114329321708054419","error":""},"_links":{"self":[{"href":"https:\/\/www.europesays.com\/fr\/wp-json\/wp\/v2\/posts\/21581","targetHints":{"allow":["GET"]}}],"collection":[{"href":"https:\/\/www.europesays.com\/fr\/wp-json\/wp\/v2\/posts"}],"about":[{"href":"https:\/\/www.europesays.com\/fr\/wp-json\/wp\/v2\/types\/post"}],"author":[{"embeddable":true,"href":"https:\/\/www.europesays.com\/fr\/wp-json\/wp\/v2\/users\/2"}],"replies":[{"embeddable":true,"href":"https:\/\/www.europesays.com\/fr\/wp-json\/wp\/v2\/comments?post=21581"}],"version-history":[{"count":0,"href":"https:\/\/www.europesays.com\/fr\/wp-json\/wp\/v2\/posts\/21581\/revisions"}],"wp:featuredmedia":[{"embeddable":true,"href":"https:\/\/www.europesays.com\/fr\/wp-json\/wp\/v2\/media\/21582"}],"wp:attachment":[{"href":"https:\/\/www.europesays.com\/fr\/wp-json\/wp\/v2\/media?parent=21581"}],"wp:term":[{"taxonomy":"category","embeddable":true,"href":"https:\/\/www.europesays.com\/fr\/wp-json\/wp\/v2\/categories?post=21581"},{"taxonomy":"post_tag","embeddable":true,"href":"https:\/\/www.europesays.com\/fr\/wp-json\/wp\/v2\/tags?post=21581"}],"curies":[{"name":"wp","href":"https:\/\/api.w.org\/{rel}","templated":true}]}}