{"id":215814,"date":"2025-06-30T14:05:21","date_gmt":"2025-06-30T14:05:21","guid":{"rendered":"https:\/\/www.europesays.com\/fr\/215814\/"},"modified":"2025-06-30T14:05:21","modified_gmt":"2025-06-30T14:05:21","slug":"voici-ou-ils-vont-frapper","status":"publish","type":"post","link":"https:\/\/www.europesays.com\/fr\/215814\/","title":{"rendered":"voici o\u00f9 ils vont frapper"},"content":{"rendered":"<p>            Par<br \/>\n        <strong><br \/>\n            <a href=\"https:\/\/actu.fr\/auteur\/briac-trebert\" title=\"Consulter tous les articles de Briac Tr\u00e9bert\" rel=\"nofollow noopener\" target=\"_blank\">Briac Tr\u00e9bert<\/a><br \/>\n        <\/strong><\/p>\n<p>        Publi\u00e9 le<\/p>\n<p>            30 juin 2025 \u00e0 12h52        <\/p>\n<p>L\u2019\u00e9pisode de <a href=\"https:\/\/actu.fr\/tag\/canicule\" rel=\"nofollow noopener\" target=\"_blank\">canicule<\/a> d\u2019une \u00ab ampleur in\u00e9dite \u00bb en France va encore gagner en intensit\u00e9 en ce d\u00e9but de semaine. Ce qui plongera, au moins jusqu\u2019\u00e0 ce mercredi 2 juillet 2025, le pays dans une <a href=\"https:\/\/actu.fr\/tag\/vague-de-chaleur\" rel=\"nofollow noopener\" target=\"_blank\">chaleur<\/a> \u00e9touffante. \u00ab\u00a0Puis les <a href=\"https:\/\/actu.fr\/tag\/orages\" rel=\"nofollow noopener\" target=\"_blank\">orages<\/a> vont revenir\u00a0\u00bb, pr\u00e9vient, sur\u00a0actu.fr, le m\u00e9t\u00e9orologue Yann Amice.<\/p>\n<p class=\" wall-content\">D\u2019ici l\u00e0, les temp\u00e9ratures seront souvent comprises entre 35\u00b0C et 38\u00b0C, on atteindra m\u00eame 38\u00b0C \u00e0 40-41\u00b0C sur une large frange ouest du sud-ouest du pays. Seuls les d\u00e9partements proches de la Manche et des fronti\u00e8res belges conserveront des temp\u00e9ratures inf\u00e9rieures \u00e0 34\u00b0C.<\/p>\n<p class=\" wall-content\">\u00ab Ce sont ces mardi 1er juillet et mercredi 2 juillet qui devraient constituer le paroxysme de cet \u00e9pisode caniculaire sur la France avec des minimales tr\u00e8s \u00e9lev\u00e9es, comprises entre 20\u00b0C et 24\u00b0C voire un peu plus tr\u00e8s localement et des maximales atteignant 36\u00b0C \u00e0 40\u00b0C avec quelques pointes \u00e0 41\u00b0C \u00bb, d\u00e9taille Yann Amice.<\/p>\n<p class=\" wall-content\">Mais, dans le m\u00eame temps, une entr\u00e9e maritime d\u2019air plus frais et plus humide commencera \u00e0 se mettre en place par le nord-ouest de la France.\u00a0<\/p>\n<p>    <img   decoding=\"async\" loading=\"lazy\" src=\"https:\/\/www.europesays.com\/fr\/wp-content\/uploads\/2025\/06\/jeudi3juillet2025-960x640.jpeg\" alt=\"Les temp\u00e9ratures pr\u00e9vues en France mercredi 2 juillet et jeudi 3 juillet 2025. \" width=\"960\" height=\"640\"\/><br \/>\n    Les temp\u00e9ratures pr\u00e9vues en France mercredi 2 juillet et jeudi 3 juillet 2025. (\u00a9WeatherNCo avec Meteologix)Vid\u00e9os : en ce moment sur ActuMercredi, un rafra\u00eechissement par la fa\u00e7ade ouest<\/p>\n<p class=\" wall-content\">Ce mercredi 2 juillet, un premier rafra\u00eechissement gagnera progressivement la fa\u00e7ade ouest. Ce changement de <a href=\"https:\/\/actu.fr\/meteo\" rel=\"nofollow noopener\" target=\"_blank\">m\u00e9t\u00e9o<\/a> s\u2019explique par le l\u00e9ger d\u00e9calage de l\u2019anticyclone vers l\u2019est de l\u2019Europe. Le d\u00f4me de chaleur, qui, depuis plusieurs jours, agit comme un couvercle maintenant en place les masses d\u2019air chaud sur le pays, commencera \u00e0 perdre de son influence.<\/p>\n<blockquote class=\"ac-article-quote wall-content\">\n<p>Un rafraichissement devrait gagner le nord du pays par les c\u00f4tes de la Manche ce mercredi 2 juillet 2025, puis l&rsquo;ouest par la fa\u00e7ade Atlantique, mettant fin \u00e0 l&rsquo;\u00e9pisode de canicule sur ces r\u00e9gions entre ce mercredi et ce jeudi 3 juillet. Les temp\u00e9ratures se maintiendront \u00e0 un niveau tr\u00e8s \u00e9lev\u00e9 plus au sud et \u00e0 l&rsquo;est, en particulier sur le pourtour m\u00e9diterran\u00e9en et en vall\u00e9e du Rh\u00f4ne. En parall\u00e8le, des orages se d\u00e9clencheront sur les reliefs ce mercredi 2 juillet, puis \u00e9ventuellement plus largement sur le pays jeudi 3 juillet. Vendredi 4 juillet, cette d\u00e9gradation orageuse se poursuivra dans le sud du pays. <\/p>\n<p>    <strong>M\u00e9t\u00e9o France <\/strong>\n            <\/p><\/blockquote>\n<p class=\" wall-content\">Ce rel\u00e2chement permettra \u00e0 l\u2019air oc\u00e9anique plus frais de s\u2019infiltrer sur la Bretagne, l\u2019ouest de la Normandie et la c\u00f4te de l\u2019Atlantique, o\u00f9 les temp\u00e9ratures baisseront sensiblement.<\/p>\n<p class=\" wall-content\">C\u2019est \u00e9galement dans cette zone de contraste entre l\u2019air maritime et l\u2019air surchauff\u00e9 en basses couches que les premiers orages devraient se d\u00e9velopper dans la journ\u00e9e de ce mercredi 2 juillet.<\/p>\n<p>    <img   decoding=\"async\" loading=\"lazy\" src=\"https:\/\/www.europesays.com\/fr\/wp-content\/uploads\/2025\/06\/meteofrancemercredi2juillet2025-960x640.jpeg\" alt=\"dddd\" width=\"960\" height=\"640\"\/><br \/>\n    Les zones qui devraient \u00eatre concern\u00e9es par les orages mercredi 2 juillet et jeudi 3 juillet 2025, d\u2019apr\u00e8s les mod\u00e8les m\u00e9t\u00e9o. (\u00a9WeatherNCo avec Meteologix)\u00ab\u00a0De probables ph\u00e9nom\u00e8nes violents\u00a0\u00bb<\/p>\n<p class=\" wall-content\">Sur le reste du pays, la chaleur persistera, notamment de l\u2019<a href=\"https:\/\/actu.fr\/ile-de-france\/\" rel=\"nofollow noopener\" target=\"_blank\">\u00cele-de-France<\/a> et du Centre, jusqu\u2019au nord-est et au centre-est, dans un environnement devenu plus instable. \u00ab L\u2019air chaud et humide accumul\u00e9 dans les basses couches, combin\u00e9 \u00e0 un for\u00e7age dynamique mod\u00e9r\u00e9 en altitude li\u00e9 au passage d\u2019un talweg (de l\u2019air froid en altitude) sur les \u00eeles Britanniques, cr\u00e9era des conditions propices au d\u00e9clenchement d\u2019une activit\u00e9 orageuse plus marqu\u00e9e au fil des heures \u00bb, d\u00e9taille Yann Amice.<\/p>\n<blockquote class=\"ac-article-quote wall-content\">\n<p>D\u2019abord isol\u00e9s ce mercredi 2 juillet sur l\u2019ouest et les massifs, les orages devraient davantage s\u2019organiser ce jeudi 3 juillet et lib\u00e9reront progressivement la France de ces temp\u00e9ratures caniculaires. Cette d\u00e9gradation orageuse s\u2019\u00e9tirera de l\u2019Aquitaine jusqu\u2019au nord du pays, avec de probables ph\u00e9nom\u00e8nes violents. Puis c\u2019est le sud-est qui devrait \u00eatre concern\u00e9.<\/p>\n<p>    <strong>Yann Amice<\/strong><br \/>\n        M\u00e9t\u00e9orologue    <\/p><\/blockquote>\n<p class=\" wall-content\">Les orages, d\u2019abord localis\u00e9s sur l\u2019ouest et les massifs mercredi 2 juillet, devraient donc ensuite s\u2019organiser davantage \u00e0 partir du jeudi 3 juillet, amor\u00e7ant une v\u00e9ritable bascule du r\u00e9gime thermique et dynamique sur la France.<\/p>\n<p>Fortes rafales de vent, pluies intenses et risque de gr\u00eale<\/p>\n<p class=\" wall-content\">Cette d\u00e9gradation devrait concerner un large axe allant de l\u2019Aquitaine au nord du pays, avec des ph\u00e9nom\u00e8nes localement violents : fortes rafales de vent, pluies intenses et risque de gr\u00eale. Par la suite, c\u2019est le sud-est du pays qui pourrait \u00eatre touch\u00e9, notamment en fin de semaine.\u00a0<\/p>\n<p>    <img   decoding=\"async\" loading=\"lazy\" src=\"https:\/\/www.europesays.com\/fr\/wp-content\/uploads\/2025\/06\/vendredi4juillet2025orages-1-960x640.jpeg\" alt=\"ddd\" width=\"960\" height=\"640\"\/><br \/>\n    Les zones o\u00f9 les orages pourraient \u00e9clater les vendredi 4 juillet, samedi 5 juillet 2025 d\u2019apr\u00e8s les mod\u00e8les m\u00e9t\u00e9o. (\u00a9WeatherNCo avec Meteologix)<\/p>\n<p class=\" wall-content\">Cet \u00e9pisode de tr\u00e8s fortes chaleurs se terminera progressivement en fin de semaine un peu partout par le biais donc d\u2019une (premi\u00e8re) d\u00e9gradation orageuse qui s\u2019amorcera par l\u2019ouest \u00e0 partir de ce mercredi et surtout au cours de la journ\u00e9e de ce jeudi 3 juillet et qui pourrait progresser d\u2019ouest en est jusqu\u2019\u00e0 vendredi soir, 4 juillet. Des orages devraient eux concerner le sud-est durant l\u2019apr\u00e8s-midi du samedi 5 juillet.\u00a0<\/p>\n<p>Le premier week-end de juillet s\u2019annonce plus respirable<\/p>\n<p class=\" wall-content\">\u00ab Ce basculement oc\u00e9anique moins chaud interviendra progressivement entre ce mercredi et ce jeudi selon les r\u00e9gions \u00bb, r\u00e9sume Yann Amice. Si ce jeudi les temp\u00e9ratures pourront encore d\u00e9passer le seuil de la canicule sur le quart sud-est du pays, elles se rapprocheront ailleurs enfin des normales de saison.<\/p>\n<p class=\" wall-content\">Et le week-end des samedi 5 juillet et dimanche 6 juillet s\u2019annonce enfin respirable sur le pays, mais certainement plus chaotique avec cette d\u00e9stabilisation en altitude\u2026\u00a0<\/p>\n<p class=\" wall-content\">Suivez toute l\u2019actualit\u00e9 de vos villes et m\u00e9dias favoris en vous inscrivant \u00e0 <a href=\"https:\/\/moncompte.actu.fr\" title=\"D\u00e9couvez Mon Actu\" rel=\"nofollow noopener\" data-trk=\"{&quot;cta&quot;:{&quot;action&quot;:&quot;https:\\\/\\\/moncompte.actu.fr&quot;,&quot;category&quot;:&quot;mon compte&quot;,&quot;from&quot;:&quot;article footer&quot;,&quot;name&quot;:&quot;Mon actu&quot;,&quot;type&quot;:&quot;cta&quot;}}\" target=\"_blank\">Mon Actu<\/a>.<\/p>\n","protected":false},"excerpt":{"rendered":"Par Briac Tr\u00e9bert Publi\u00e9 le 30 juin 2025 \u00e0 12h52 L\u2019\u00e9pisode de canicule d\u2019une \u00ab ampleur in\u00e9dite \u00bb&hellip;\n","protected":false},"author":2,"featured_media":215815,"comment_status":"","ping_status":"","sticky":false,"template":"","format":"standard","meta":{"footnotes":""},"categories":[2],"tags":[11,1011,27,2487,2357,12,4594,25,15637],"class_list":{"0":"post-215814","1":"post","2":"type-post","3":"status-publish","4":"format-standard","5":"has-post-thumbnail","7":"category-actualites","8":"tag-actualites","9":"tag-fr","10":"tag-france","11":"tag-meteo","12":"tag-meteo-france","13":"tag-news","14":"tag-orages","15":"tag-republique-francaise","16":"tag-vague-de-chaleur"},"share_on_mastodon":{"url":"https:\/\/pubeurope.com\/@fr\/114772700496237729","error":""},"_links":{"self":[{"href":"https:\/\/www.europesays.com\/fr\/wp-json\/wp\/v2\/posts\/215814","targetHints":{"allow":["GET"]}}],"collection":[{"href":"https:\/\/www.europesays.com\/fr\/wp-json\/wp\/v2\/posts"}],"about":[{"href":"https:\/\/www.europesays.com\/fr\/wp-json\/wp\/v2\/types\/post"}],"author":[{"embeddable":true,"href":"https:\/\/www.europesays.com\/fr\/wp-json\/wp\/v2\/users\/2"}],"replies":[{"embeddable":true,"href":"https:\/\/www.europesays.com\/fr\/wp-json\/wp\/v2\/comments?post=215814"}],"version-history":[{"count":0,"href":"https:\/\/www.europesays.com\/fr\/wp-json\/wp\/v2\/posts\/215814\/revisions"}],"wp:featuredmedia":[{"embeddable":true,"href":"https:\/\/www.europesays.com\/fr\/wp-json\/wp\/v2\/media\/215815"}],"wp:attachment":[{"href":"https:\/\/www.europesays.com\/fr\/wp-json\/wp\/v2\/media?parent=215814"}],"wp:term":[{"taxonomy":"category","embeddable":true,"href":"https:\/\/www.europesays.com\/fr\/wp-json\/wp\/v2\/categories?post=215814"},{"taxonomy":"post_tag","embeddable":true,"href":"https:\/\/www.europesays.com\/fr\/wp-json\/wp\/v2\/tags?post=215814"}],"curies":[{"name":"wp","href":"https:\/\/api.w.org\/{rel}","templated":true}]}}