{"id":215821,"date":"2025-06-30T14:10:09","date_gmt":"2025-06-30T14:10:09","guid":{"rendered":"https:\/\/www.europesays.com\/fr\/215821\/"},"modified":"2025-06-30T14:10:09","modified_gmt":"2025-06-30T14:10:09","slug":"clap-de-fin-entre-damian-penaud-et-lubb","status":"publish","type":"post","link":"https:\/\/www.europesays.com\/fr\/215821\/","title":{"rendered":"Clap de fin entre Damian Penaud et l\u2019UBB ?"},"content":{"rendered":"<p><strong>A un an de la fin de son contrat<br \/>\navec l\u2019Union Bordeaux-B\u00e8gles, Damian Penaud n\u2019a toujours pas<br \/>\nprolong\u00e9.<\/strong><\/p>\n<p>Damian Penaud a quitt\u00e9 la pelouse du Stade de France la t\u00eate<br \/>\nbasse\u2026 Apr\u00e8s l\u2019humiliation subie l\u2019ann\u00e9e derni\u00e8re en finale du Top<br \/>\n14 face au Stade Toulousain (59-3), l\u2019UBB \u00e9tait d\u00e9termin\u00e9 \u00e0 prendre<br \/>\nsa revanche. Et si cette fois-ci les hommes de Yannick Bru ont<br \/>\nr\u00e9pondu pr\u00e9sent, <strong><a href=\"https:\/\/www.sports.fr\/rugby\/top-14\/au-bout-du-suspense-toulouse-signe-un-triple-historique-932380.html\" rel=\"nofollow noopener\" target=\"_blank\"><br \/>\nils se sont \u00e0 nouveau inclin\u00e9s devant les<br \/>\nHaut-Garonnais<\/a><\/strong> au terme d\u2019un suspense haletant (39-33<br \/>\na.p.), samedi soir.<\/p>\n<p>Une d\u00e9faite frustrante pour les Bordelais qui r\u00eavaient d\u2019un<br \/>\npremier Brennus, et du m\u00eame coup d\u2019un historique doubl\u00e9 apr\u00e8s leur<br \/>\nsacre en Champions Cup. Maxime Lucu et ses partenaires ont malgr\u00e9<br \/>\ntout r\u00e9duit consid\u00e9rablement l\u2019\u00e9cart avec le Stade Toulousain, qui<br \/>\nr\u00e9alise pour sa part un tripl\u00e9 sur la sc\u00e8ne nationale. Ce qui<br \/>\npromet en vue de la saison prochaine.<\/p>\n<blockquote class=\"twitter-tweet\"><p><a class=\"twitter-link\" rel=\"noindex, nofollow noopener\" href=\"https:\/\/twitter.com\/sports_fr\/status\/1939525103215100415\" target=\"_blank\"><\/p><\/blockquote>\n<p>Une saison prochaine avec Damian Penaud\u00a0? En fin de contrat<br \/>\nen juin 2026 avec l\u2019UBB, l\u2019ailier fran\u00e7ais de 28 ans n\u2019a toujours<br \/>\npas prolong\u00e9 son bail. Il sera donc autoris\u00e9 \u00e0 n\u00e9gocier une arriv\u00e9e<br \/>\ndans un autre club du Top 14 d\u00e8s le 1er juillet, comme le stipule<br \/>\nle r\u00e8glement de la Ligue Nationale de Rugby.<\/p>\n<p>Damian Penaud a tranch\u00e9<\/p>\n<p>Mais \u00e0 en croire le compte X (ex-Twitter) Ben33, souvent bien<br \/>\ninform\u00e9 sur le club bordelais, Damian Penaud se sent bien en<br \/>\nGironde et aurait d\u00e9cid\u00e9 de poursuivre sa carri\u00e8re \u00e0 l\u2019UBB. Sa<br \/>\nprolongation serait m\u00eame en tr\u00e8s bonne voie.<\/p>\n<blockquote class=\"twitter-tweet\"><p><a class=\"twitter-link\" rel=\"noindex, nofollow noopener\" href=\"https:\/\/twitter.com\/Ben33110\/status\/1939402660375126089\" target=\"_blank\"><\/p><\/blockquote>\n<p>Sauf rebondissement, le natif Brive-la-Gaillarde s\u2019appr\u00eate donc<br \/>\n\u00e0 rempiler de deux saisons suppl\u00e9mentaires, soit jusqu\u2019en juin<br \/>\n2028. Si l\u2019information venait \u00e0 se confirmer, ce serait une<br \/>\nexcellente nouvelle pour les champions d\u2019Europe en titre, qui<br \/>\npourront compter sur leur international fran\u00e7ais pour les aider \u00e0,<br \/>\nenfin, soulever le premier Brennus de leur histoire.<\/p>\n<p><script async src=\"https:\/\/platform.twitter.com\/widgets.js\" charset=\"utf-8\"><\/script><\/p>\n","protected":false},"excerpt":{"rendered":"A un an de la fin de son contrat avec l\u2019Union Bordeaux-B\u00e8gles, Damian Penaud n\u2019a toujours pas prolong\u00e9.&hellip;\n","protected":false},"author":2,"featured_media":215822,"comment_status":"","ping_status":"","sticky":false,"template":"","format":"standard","meta":{"footnotes":""},"categories":[1416],"tags":[1011,27,479,1468,60],"class_list":{"0":"post-215821","1":"post","2":"type-post","3":"status-publish","4":"format-standard","5":"has-post-thumbnail","7":"category-rugby","8":"tag-fr","9":"tag-france","10":"tag-rugby","11":"tag-rugby-football","12":"tag-sports"},"share_on_mastodon":{"url":"https:\/\/pubeurope.com\/@fr\/114772719961369882","error":""},"_links":{"self":[{"href":"https:\/\/www.europesays.com\/fr\/wp-json\/wp\/v2\/posts\/215821","targetHints":{"allow":["GET"]}}],"collection":[{"href":"https:\/\/www.europesays.com\/fr\/wp-json\/wp\/v2\/posts"}],"about":[{"href":"https:\/\/www.europesays.com\/fr\/wp-json\/wp\/v2\/types\/post"}],"author":[{"embeddable":true,"href":"https:\/\/www.europesays.com\/fr\/wp-json\/wp\/v2\/users\/2"}],"replies":[{"embeddable":true,"href":"https:\/\/www.europesays.com\/fr\/wp-json\/wp\/v2\/comments?post=215821"}],"version-history":[{"count":0,"href":"https:\/\/www.europesays.com\/fr\/wp-json\/wp\/v2\/posts\/215821\/revisions"}],"wp:featuredmedia":[{"embeddable":true,"href":"https:\/\/www.europesays.com\/fr\/wp-json\/wp\/v2\/media\/215822"}],"wp:attachment":[{"href":"https:\/\/www.europesays.com\/fr\/wp-json\/wp\/v2\/media?parent=215821"}],"wp:term":[{"taxonomy":"category","embeddable":true,"href":"https:\/\/www.europesays.com\/fr\/wp-json\/wp\/v2\/categories?post=215821"},{"taxonomy":"post_tag","embeddable":true,"href":"https:\/\/www.europesays.com\/fr\/wp-json\/wp\/v2\/tags?post=215821"}],"curies":[{"name":"wp","href":"https:\/\/api.w.org\/{rel}","templated":true}]}}