{"id":215834,"date":"2025-06-30T14:17:10","date_gmt":"2025-06-30T14:17:10","guid":{"rendered":"https:\/\/www.europesays.com\/fr\/215834\/"},"modified":"2025-06-30T14:17:10","modified_gmt":"2025-06-30T14:17:10","slug":"helene-rolles-le-majeur-en-lair-la-photo-qui-surprend-a-loccasion-dun-enorme-coup-de-gueule","status":"publish","type":"post","link":"https:\/\/www.europesays.com\/fr\/215834\/","title":{"rendered":"H\u00e9l\u00e8ne Roll\u00e8s, le majeur en l\u2019air, la photo qui surprend \u00e0 l\u2019occasion d\u2019un \u00e9norme coup de gueule"},"content":{"rendered":"<p>      R\u00e9sum\u00e9<\/p>\n<p>H\u00e9l\u00e8ne Roll\u00e8s s\u2019engage publiquement contre l\u2019abandon des animaux, utilisant une photo symbolique pour alerter \u00e0 l\u2019approche des vacances estivales.<\/p>\n<p>        Sommaire<\/p>\n<p><a href=\"https:\/\/www.public.fr\/tag\/brigitte-bardot\" rel=\"nofollow noopener\" target=\"_blank\">Brigitte Bardot<\/a> est depuis longtemps une figure embl\u00e9matique de la lutte pour la protection animale. Mais elle n&rsquo;est pas la seule c\u00e9l\u00e9brit\u00e9 \u00e0 mettre sa notori\u00e9t\u00e9 au service de cette cause essentielle. \u00c0 l&rsquo;instar de l&rsquo;ancienne actrice, <strong><a href=\"https:\/\/www.public.fr\/helene-rolles-avec-les-garcons-sur-scene-les-touchantes-images-de-son-spectacle\" rel=\"nofollow noopener\" target=\"_blank\">H\u00e9l\u00e8ne Roll\u00e8s<\/a> s&rsquo;engage depuis plusieurs ann\u00e9es pour d\u00e9fendre les animaux.<br \/><\/strong><br \/>Connue pour son r\u00f4le culte dans H\u00e9l\u00e8ne et les Gar\u00e7ons, elle est profond\u00e9ment impliqu\u00e9e dans les combats qui lui tiennent \u00e0 c\u0153ur. Ce week-end, \u00e0 l&rsquo;approche des grandes vacances d&rsquo;\u00e9t\u00e9 (une p\u00e9riode tristement propice aux abandons d&rsquo;animaux, ndlr) elle a pris la parole sur ses <a href=\"https:\/\/www.instagram.com\/helenerolles.officiel\/?hl=fr\" target=\"_blank\" rel=\"noreferrer noopener nofollow\">r\u00e9seaux sociaux<\/a> pour faire passer un message fort.<\/p>\n<p>H\u00e9l\u00e8ne Roll\u00e8s dit \u00ab\u00a0stop \u00e0 l&rsquo;anbandon\u00a0\u00bb<\/p>\n<p>Ce dimanche 29 juin 2025, l&rsquo;association La patte sur le c\u0153ur BZH a partag\u00e9 une photo d&rsquo;<strong>H\u00e9l\u00e8ne Roll\u00e8s, le majeur en l&rsquo;air, pour dire \u00ab\u00a0stop \u00e0 l&rsquo;abandon\u00a0\u00bb. <\/strong><\/p>\n<p>\u00ab\u00a0<strong>Aujourd\u2019hui, elle l\u00e8ve un doigt bien plac\u00e9 pour dire F* \u00e0 l\u2019abandon. Parce que \u00e7a suffit<\/strong>\u00ab\u00a0, \u00e9crit l&rsquo;organisation. \u00ab\u00a0<strong>L\u2019abandon, ce n\u2019est pas juste un chien attach\u00e9 \u00e0 un arbre en plein \u00e9t\u00e9.<br \/>C\u2019est aussi : Des chats non identifi\u00e9s, alors que c\u2019est obligatoire en France. Des animaux laiss\u00e9s sur place lors d\u2019un d\u00e9m\u00e9nagement. Et ces animaux mis \u00e0 la rue quand une personne \u00e2g\u00e9e d\u00e9c\u00e8de et que sa maison est vid\u00e9e par la famille\u2026<\/strong>\u00ab\u00a0<\/p>\n<p>\u00ab\u00a0Ces abandons-l\u00e0, on en parle trop peu. Pourtant, ce sont ces chats, ces chiens que nous r\u00e9cup\u00e9rons dans des \u00e9tats critiques, bless\u00e9s, perdus, an\u00e9antis\u2026\u00a0\u00bb, ajoute l&rsquo;association avant de remercier \u00ab\u00a0<strong>H\u00e9l\u00e8ne Roll\u00e8s de pr\u00eater sa voix &#8211; et son geste &#8211; \u00e0 ce combat<\/strong>. Aujourd\u2019hui, on compte sur vous pour faire passer le message. NON, l\u2019abandon n\u2019est pas une option\u00a0\u00bb. Un post qui a suscit\u00e9 de vives r\u00e9actions. <\/p>\n<p>Les c\u00e9l\u00e9brit\u00e9s s&rsquo;engagent pour la cause animale<\/p>\n<p>\u00ab\u00a0H\u00e9l\u00e8ne toujours pour d\u00e9fendre les animaux\u00a0\u00bb, a comment\u00e9 un internaute. \u00ab\u00a0Elle est jolie la photo et le beau sourire d&rsquo;H\u00e9l\u00e8ne. Bravo\u00a0\u00bb, a ajout\u00e9 un autre. Et un troisi\u00e8me de rench\u00e9rir : \u00ab\u00a0Beau geste, non \u00e0 l&rsquo;abandon\u00a0\u00bb. <\/p>\n<p>Si Brigitte Bardot et H\u00e9l\u00e8ne Roll\u00e8s sont bien connues pour leur engagement en faveur de la cause animale, elles ne sont pas les seules \u00e0 s&rsquo;investir. <\/p>\n<p>De nombreuses autres personnalit\u00e9s, comme <strong>Delphine Wespiser, Hugo Cl\u00e9ment et Sophie Marceau<\/strong>\u00a0utilisent \u00e9galement leur notori\u00e9t\u00e9 pour sensibiliser le public et d\u00e9fendre les droits des animaux. <\/p>\n<p>      Mentionn\u00e9s dans cet article<\/p>\n<p>\u00c0 lire aussi<\/p>\n<p><script async src=\"\/\/www.instagram.com\/embed.js\"><\/script><\/p>\n","protected":false},"excerpt":{"rendered":"R\u00e9sum\u00e9 H\u00e9l\u00e8ne Roll\u00e8s s\u2019engage publiquement contre l\u2019abandon des animaux, utilisant une photo symbolique pour alerter \u00e0 l\u2019approche des&hellip;\n","protected":false},"author":2,"featured_media":215835,"comment_status":"","ping_status":"","sticky":false,"template":"","format":"standard","meta":{"footnotes":""},"categories":[1359],"tags":[58,59,1011,27,35523,973],"class_list":{"0":"post-215834","1":"post","2":"type-post","3":"status-publish","4":"format-standard","5":"has-post-thumbnail","7":"category-people","8":"tag-divertissement","9":"tag-entertainment","10":"tag-fr","11":"tag-france","12":"tag-helene-rolles","13":"tag-people"},"share_on_mastodon":{"url":"https:\/\/pubeurope.com\/@fr\/114772747460549469","error":""},"_links":{"self":[{"href":"https:\/\/www.europesays.com\/fr\/wp-json\/wp\/v2\/posts\/215834","targetHints":{"allow":["GET"]}}],"collection":[{"href":"https:\/\/www.europesays.com\/fr\/wp-json\/wp\/v2\/posts"}],"about":[{"href":"https:\/\/www.europesays.com\/fr\/wp-json\/wp\/v2\/types\/post"}],"author":[{"embeddable":true,"href":"https:\/\/www.europesays.com\/fr\/wp-json\/wp\/v2\/users\/2"}],"replies":[{"embeddable":true,"href":"https:\/\/www.europesays.com\/fr\/wp-json\/wp\/v2\/comments?post=215834"}],"version-history":[{"count":0,"href":"https:\/\/www.europesays.com\/fr\/wp-json\/wp\/v2\/posts\/215834\/revisions"}],"wp:featuredmedia":[{"embeddable":true,"href":"https:\/\/www.europesays.com\/fr\/wp-json\/wp\/v2\/media\/215835"}],"wp:attachment":[{"href":"https:\/\/www.europesays.com\/fr\/wp-json\/wp\/v2\/media?parent=215834"}],"wp:term":[{"taxonomy":"category","embeddable":true,"href":"https:\/\/www.europesays.com\/fr\/wp-json\/wp\/v2\/categories?post=215834"},{"taxonomy":"post_tag","embeddable":true,"href":"https:\/\/www.europesays.com\/fr\/wp-json\/wp\/v2\/tags?post=215834"}],"curies":[{"name":"wp","href":"https:\/\/api.w.org\/{rel}","templated":true}]}}