{"id":215854,"date":"2025-06-30T14:27:09","date_gmt":"2025-06-30T14:27:09","guid":{"rendered":"https:\/\/www.europesays.com\/fr\/215854\/"},"modified":"2025-06-30T14:27:09","modified_gmt":"2025-06-30T14:27:09","slug":"5-millions-de-retraites-risquent-de-voir-leur-taux-de-csg-augmenter-si-leurs-revenus-depassent-ce-nouveau-montant","status":"publish","type":"post","link":"https:\/\/www.europesays.com\/fr\/215854\/","title":{"rendered":"5 millions de retrait\u00e9s risquent de voir leur taux de CSG augmenter si leurs revenus d\u00e9passent ce nouveau montant"},"content":{"rendered":"<p>La CSG pourrait conna\u00eetre une hausse pour des millions de retrait\u00e9s. Ceux dont les revenus d\u00e9passent un seuil bien d\u00e9fini pourraient voir leur taux passer \u00e0 9,2 %. Cette mesure, envisag\u00e9e par le gouvernement, vise \u00e0 g\u00e9n\u00e9rer de nouvelles recettes publiques en touchant directement le pouvoir d\u2019achat des retrait\u00e9s les plus impos\u00e9s.<\/p>\n<p>Une <strong>hausse de la CSG<\/strong> pourrait bient\u00f4t impacter durement le budget des retrait\u00e9s. Cette ann\u00e9e, plus de cinq millions de personnes seraient concern\u00e9es par une \u00e9l\u00e9vation du taux de 8,3 % \u00e0 9,2 %. Ce changement viserait les <strong>revenus<\/strong> les plus \u00e9lev\u00e9s, dans une logique d\u2019augmentation des recettes publiques. Le pouvoir d\u2019achat des retrait\u00e9s, d\u00e9j\u00e0 mis \u00e0 rude \u00e9preuve par l\u2019inflation et les hausses de charges, serait une nouvelle fois fragilis\u00e9. Voici en d\u00e9tail les seuils \u00e0 conna\u00eetre et l\u2019impact financier que cette r\u00e9forme pourrait avoir sur les pensions.<\/p>\n<p> \t\t\t  CSG : une hausse inqui\u00e9tante pour les retrait\u00e9s   Les diff\u00e9rents taux de CSG actuellement en vigueur  <\/p>\n<p>La <strong>CSG retraite<\/strong> est pr\u00e9lev\u00e9e selon quatre taux : 0 %, 3,8 %, 6,6 % et 8,3 %, chacun li\u00e9 au <strong>revenu fiscal de r\u00e9f\u00e9rence<\/strong>. Les retrait\u00e9s modestes peuvent en \u00eatre exon\u00e9r\u00e9s si leurs ressources annuelles restent inf\u00e9rieures \u00e0 12 817 \u20ac pour une personne seule. Un couple reste exon\u00e9r\u00e9 jusqu\u2019\u00e0 19 660 \u20ac. Ces <a href=\"https:\/\/www.pleinevie.fr\/retraite-travail\/retraite\/5-millions-de-retraites-bientot-taxes-la-hausse-de-la-csg-se-precise-voici-les-nouveaux-seuils-150930.html\" target=\"_blank\" rel=\"noopener\">seuils<\/a> sont cruciaux pour d\u00e9terminer l\u2019effort contributif de chaque foyer. Plus les revenus montent, plus le taux appliqu\u00e9 grimpe, avec des cons\u00e9quences non n\u00e9gligeables sur la pension nette vers\u00e9e.<\/p>\n<p>    Ce que changerait l\u2019augmentation \u00e0 9,2 %  <\/p>\n<p>La mesure envisag\u00e9e porterait le <strong>taux de CSG<\/strong> maximum de 8,3 % \u00e0 9,2 %. Concr\u00e8tement, cela toucherait 5,1 millions de retrait\u00e9s. Une <strong>pension brute mensuelle<\/strong> de 2 500 \u20ac serait r\u00e9duite de 230 \u20ac au lieu de 207,5 \u20ac aujourd\u2019hui. Cela repr\u00e9sente 270 \u20ac en moins sur l\u2019ann\u00e9e. Cette ponction suppl\u00e9mentaire vise les retrait\u00e9s les plus ais\u00e9s, mais elle soul\u00e8ve de fortes inqui\u00e9tudes quant \u00e0 l\u2019\u00e9rosion du pouvoir d\u2019achat des seniors d\u00e9j\u00e0 confront\u00e9s \u00e0 d&rsquo;autres hausses. Toutefois, il est possible d\u2019\u00eatre exon\u00e9r\u00e9 de la <a href=\"https:\/\/www.pleinevie.fr\/retraite-travail\/retraite\/comment-savoir-si-ma-pension-de-retraite-est-exoneree-de-csg-crds-en-2025-154311.html\" target=\"_blank\" rel=\"noopener\">CSG<\/a>, \u00e0 condition de ne pas d\u00e9passer un certain seuil de revenus.<\/p>\n<p>  Les retrait\u00e9s les plus expos\u00e9s par cette mesure  <\/p>\n<p>Environ 30 % des retrait\u00e9s fran\u00e7ais seraient directement concern\u00e9s par cette <strong>hausse de la CSG<\/strong>. Il s\u2019agit principalement de ceux d\u00e9passant 26 002 \u20ac annuels pour une personne seule, ou 39 886 \u20ac pour un couple, rapporte <a href=\"https:\/\/www.journaldunet.com\/patrimoine\/finances-personnelles\/1542563-hf1-hausse-csg\/\" target=\"_blank\" rel=\"noopener\">Journal du Net<\/a>. Un foyer de retrait\u00e9s avec 3 800 \u20ac de pension mensuelle verrait sa <strong>contribution CSG<\/strong> augmenter de 410 \u20ac par an. Cette perspective inqui\u00e8te de nombreux m\u00e9nages d\u00e9j\u00e0 contraints de revoir leurs d\u00e9penses, notamment en mati\u00e8re de sant\u00e9, de logement ou d\u2019alimentation.<\/p>\n<p>     Revenus des retrait\u00e9s : un pouvoir d\u2019achat menac\u00e9   Le cumul des mesures p\u00e8se sur les pensions  <\/p>\n<p>Outre la hausse de la CSG, d\u2019autres pistes d\u2019\u00e9conomies \u00e9voqu\u00e9es p\u00e8sent sur les <strong>retraites<\/strong> : suppression de l\u2019<a href=\"https:\/\/www.pleinevie.fr\/conso-argent\/impots\/impots-2025-vers-la-fin-de-labattement-de-10-pour-les-retraites-ce-que-vous-risquez-de-payer-en-plus-154328.html\" target=\"_blank\" rel=\"noopener\">abattement de 10 %<\/a>, gel des revalorisations, ou taxation accrue. L\u2019effet cumul\u00e9 de ces d\u00e9cisions pourrait fragiliser les budgets des foyers retrait\u00e9s. Cette politique budg\u00e9taire, qui vise \u00e0 g\u00e9n\u00e9rer des recettes, risque de r\u00e9duire fortement le reste \u00e0 vivre de nombreux seniors. La vigilance est donc de mise pour ceux d\u00e9passant les seuils fiscaux.<\/p>\n<p>  Les seuils de revenus \u00e0 ne pas franchir  <\/p>\n<p>La <strong>limite de revenus<\/strong> \u00e0 surveiller reste 26 002 \u20ac pour une personne seule et 39 886 \u20ac pour un couple. En d\u00e9passant ces montants, un retrait\u00e9 passe du taux m\u00e9dian de 6,6 % au taux normal de 8,3 %, bient\u00f4t peut-\u00eatre 9,2 %. Ce <strong>basculement de tranche<\/strong> se traduit directement par une baisse de la pension nette vers\u00e9e. Pour les retrait\u00e9s aux portes de ce seuil, m\u00eame une l\u00e9g\u00e8re augmentation de revenus peut d\u00e9clencher une hausse importante de pr\u00e9l\u00e8vements.<\/p>\n<p>     Des alternatives \u00e9voqu\u00e9es pour \u00e9viter l\u2019augmentation  <\/p>\n<p>Face \u00e0 la grogne montante, certaines voix proposent des <strong>mesures alternatives<\/strong> : modulation de la hausse selon la r\u00e9gion, exon\u00e9ration pour les plus de 75 ans ou plafonnement de l\u2019impact sur les pensions. Le d\u00e9bat reste ouvert, mais le gouvernement semble d\u00e9termin\u00e9 \u00e0 faire \u00e9voluer la <strong>fiscalit\u00e9 des retraites<\/strong>. Une r\u00e9forme de grande ampleur se dessine, et les retrait\u00e9s devront surveiller attentivement l\u2019\u00e9volution de leur situation fiscale en 2025.<\/p>\n","protected":false},"excerpt":{"rendered":"La CSG pourrait conna\u00eetre une hausse pour des millions de retrait\u00e9s. Ceux dont les revenus d\u00e9passent un seuil&hellip;\n","protected":false},"author":2,"featured_media":215855,"comment_status":"","ping_status":"","sticky":false,"template":"","format":"standard","meta":{"footnotes":""},"categories":[6],"tags":[1102,35,10281,33,34,1011,27],"class_list":{"0":"post-215854","1":"post","2":"type-post","3":"status-publish","4":"format-standard","5":"has-post-thumbnail","7":"category-economie","8":"tag-breakingnews","9":"tag-business","10":"tag-buzz-nonli","11":"tag-economie","12":"tag-economy","13":"tag-fr","14":"tag-france"},"share_on_mastodon":{"url":"https:\/\/pubeurope.com\/@fr\/114772786831790225","error":""},"_links":{"self":[{"href":"https:\/\/www.europesays.com\/fr\/wp-json\/wp\/v2\/posts\/215854","targetHints":{"allow":["GET"]}}],"collection":[{"href":"https:\/\/www.europesays.com\/fr\/wp-json\/wp\/v2\/posts"}],"about":[{"href":"https:\/\/www.europesays.com\/fr\/wp-json\/wp\/v2\/types\/post"}],"author":[{"embeddable":true,"href":"https:\/\/www.europesays.com\/fr\/wp-json\/wp\/v2\/users\/2"}],"replies":[{"embeddable":true,"href":"https:\/\/www.europesays.com\/fr\/wp-json\/wp\/v2\/comments?post=215854"}],"version-history":[{"count":0,"href":"https:\/\/www.europesays.com\/fr\/wp-json\/wp\/v2\/posts\/215854\/revisions"}],"wp:featuredmedia":[{"embeddable":true,"href":"https:\/\/www.europesays.com\/fr\/wp-json\/wp\/v2\/media\/215855"}],"wp:attachment":[{"href":"https:\/\/www.europesays.com\/fr\/wp-json\/wp\/v2\/media?parent=215854"}],"wp:term":[{"taxonomy":"category","embeddable":true,"href":"https:\/\/www.europesays.com\/fr\/wp-json\/wp\/v2\/categories?post=215854"},{"taxonomy":"post_tag","embeddable":true,"href":"https:\/\/www.europesays.com\/fr\/wp-json\/wp\/v2\/tags?post=215854"}],"curies":[{"name":"wp","href":"https:\/\/api.w.org\/{rel}","templated":true}]}}