{"id":215886,"date":"2025-06-30T14:47:11","date_gmt":"2025-06-30T14:47:11","guid":{"rendered":"https:\/\/www.europesays.com\/fr\/215886\/"},"modified":"2025-06-30T14:47:11","modified_gmt":"2025-06-30T14:47:11","slug":"strasbourg-la-maire-decide-la-fermeture-des-etablissements-scolaires-en-raison-de-la-canicule","status":"publish","type":"post","link":"https:\/\/www.europesays.com\/fr\/215886\/","title":{"rendered":"Strasbourg. La maire d\u00e9cide la fermeture des \u00e9tablissements scolaires en raison de la canicule"},"content":{"rendered":"<p>La maire de Strasbourg a pris la d\u00e9cision de fermer l\u2019ensemble des 115 \u00e9tablissements scolaires du premier degr\u00e9 (maternelle et \u00e9l\u00e9mentaire) ces mardi 1er et jeudi 3\u00a0juillet les apr\u00e8s-midi, \u00e0 partir de 14 h apr\u00e8s le temps de restauration scolaire\u00a0. La municipalit\u00e9 indique que <a href=\"https:\/\/www.dna.fr\/environnement\/2025\/06\/30\/la-canicule-s-intensifie-84-departements-sont-en-vigilance-orange\" target=\"_blank\" rel=\"noopener\">les relev\u00e9s de temp\u00e9rature<\/a> faisant \u00e9tat de 30\u00b0C \u00e0 l\u2019int\u00e9rieur des \u00e9tablissements et les remont\u00e9es des \u00e9quipes enseignantes ont men\u00e9 \u00e0 <a href=\"https:\/\/www.dna.fr\/environnement\/2025\/06\/29\/fermeture-temporaire-garde-des-enfants-les-mesures-de-l-education-nationale-face-a-la-canicule\" target=\"_blank\" rel=\"noopener\">cette d\u00e9cision<\/a>. <\/p>\n<p>Ce dispositif est organis\u00e9 en coordination avec le rectorat et la direction acad\u00e9mique, qui a fait circuler des recommandations ce lundi matin.<\/p>\n<p>  Accueil de garde<\/p>\n<p>Les parents d\u2019\u00e9l\u00e8ves scolaris\u00e9s dans les \u00e9coles strasbourgeoises sont ainsi invit\u00e9s, dans la mesure du possible, \u00e0 garder leurs enfants \u00e0 la maison l\u2019apr\u00e8s-midi. Un accueil de garde sera toutefois assur\u00e9 pour les parents qui ne pourraient pas r\u00e9cup\u00e9rer leurs enfants, sur le temps scolaire et p\u00e9riscolaire, jusqu\u2019\u00e0 18 h les deux jours concern\u00e9s.<\/p>\n<p>La journ\u00e9e de vendredi ne serait pas concern\u00e9e par cette fermeture en raison de la baisse annonc\u00e9e des temp\u00e9ratures. Un mail d\u2019information est adress\u00e9 aux parents d\u2019\u00e9l\u00e8ves concern\u00e9s par cette mesure.<\/p>\n<p class=\"insetTitle\">Les centristes r\u00e9clament des mesures sur les b\u00e2timents<\/p>\n<p>La situation dans les \u00e9tablissements scolaires li\u00e9e \u00e0 la canicule fait r\u00e9agir l\u2019\u00e9lu d\u2019opposition Pierre Jakubowicz (Horizons) par communiqu\u00e9 : \u00ab La <a href=\"https:\/\/www.dna.fr\/education\/2025\/06\/18\/cours-oasis-l-heure-est-au-premier-bilan-de-la-vegetalisation-dans-les-ecoles\" target=\"_blank\" rel=\"noopener\">v\u00e9g\u00e9talisation des cours d\u2019\u00e9cole<\/a> d\u00e9ploy\u00e9e sous ce mandat est une premi\u00e8re pierre mais la promesse de 100% des cours adapt\u00e9es ne sera pas tenue et le travail sur les espaces ext\u00e9rieurs ne peut remplacer l\u2019indispensable adaptation en parall\u00e8le des b\u00e2timents (&#8230;). \u00bb<\/p>\n<p>Face \u00ab la temp\u00e9rature dans les salles de classe et l\u2019inadaptation des \u00e9coles aux fortes chaleurs \u00bb, l\u2019\u00e9lu propose de s\u2019inspirer de la ville de Toulouse et d\u2019\u00e9quiper notamment les \u00e9coles strasbourgeoises de brasseurs d\u2019air \u00ab d\u2019ici 2032 \u00bb. Il sugg\u00e8re par ailleurs de mettre en place un plan d\u2019adaptation des b\u00e2timents \u00e0 la chaleur.<\/p>\n","protected":false},"excerpt":{"rendered":"La maire de Strasbourg a pris la d\u00e9cision de fermer l\u2019ensemble des 115 \u00e9tablissements scolaires du premier degr\u00e9&hellip;\n","protected":false},"author":2,"featured_media":215887,"comment_status":"","ping_status":"","sticky":false,"template":"","format":"standard","meta":{"footnotes":""},"categories":[2820],"tags":[1111,11,2389,2649,2880,1057,1777,674,107,1011,27,775,3539,10425,12,316,25,640,2879],"class_list":{"0":"post-215886","1":"post","2":"type-post","3":"status-publish","4":"format-standard","5":"has-post-thumbnail","7":"category-strasbourg","8":"tag-actu","9":"tag-actualites","10":"tag-alsace","11":"tag-bas-rhin","12":"tag-edition-strasbourg","13":"tag-education","14":"tag-eu","15":"tag-europe","16":"tag-fil-info","17":"tag-fr","18":"tag-france","19":"tag-grand-est","20":"tag-les-ecologistes","21":"tag-maternelle-elementaire","22":"tag-news","23":"tag-politique","24":"tag-republique-francaise","25":"tag-strasbourg","26":"tag-strasbourg-ville"},"share_on_mastodon":{"url":"https:\/\/pubeurope.com\/@fr\/114772865440481699","error":""},"_links":{"self":[{"href":"https:\/\/www.europesays.com\/fr\/wp-json\/wp\/v2\/posts\/215886","targetHints":{"allow":["GET"]}}],"collection":[{"href":"https:\/\/www.europesays.com\/fr\/wp-json\/wp\/v2\/posts"}],"about":[{"href":"https:\/\/www.europesays.com\/fr\/wp-json\/wp\/v2\/types\/post"}],"author":[{"embeddable":true,"href":"https:\/\/www.europesays.com\/fr\/wp-json\/wp\/v2\/users\/2"}],"replies":[{"embeddable":true,"href":"https:\/\/www.europesays.com\/fr\/wp-json\/wp\/v2\/comments?post=215886"}],"version-history":[{"count":0,"href":"https:\/\/www.europesays.com\/fr\/wp-json\/wp\/v2\/posts\/215886\/revisions"}],"wp:featuredmedia":[{"embeddable":true,"href":"https:\/\/www.europesays.com\/fr\/wp-json\/wp\/v2\/media\/215887"}],"wp:attachment":[{"href":"https:\/\/www.europesays.com\/fr\/wp-json\/wp\/v2\/media?parent=215886"}],"wp:term":[{"taxonomy":"category","embeddable":true,"href":"https:\/\/www.europesays.com\/fr\/wp-json\/wp\/v2\/categories?post=215886"},{"taxonomy":"post_tag","embeddable":true,"href":"https:\/\/www.europesays.com\/fr\/wp-json\/wp\/v2\/tags?post=215886"}],"curies":[{"name":"wp","href":"https:\/\/api.w.org\/{rel}","templated":true}]}}