{"id":215910,"date":"2025-06-30T15:00:11","date_gmt":"2025-06-30T15:00:11","guid":{"rendered":"https:\/\/www.europesays.com\/fr\/215910\/"},"modified":"2025-06-30T15:00:11","modified_gmt":"2025-06-30T15:00:11","slug":"un-petit-garcon-de-5-ans-rescape-de-la-noyade-a-marseille","status":"publish","type":"post","link":"https:\/\/www.europesays.com\/fr\/215910\/","title":{"rendered":"Un petit gar\u00e7on de 5 ans rescap\u00e9 de la noyade \u00e0 Marseille"},"content":{"rendered":"<p>On a fr\u00f4l\u00e9 la catastrophe ce dimanche 29 juin, dans la <a href=\"https:\/\/www.laprovence.com\/article\/societe\/11742269710147\/noyade-dans-les-piscines-privees-quelles-regles-et-que-risquez-vous-si-vous-ne-les-respectez-pas\" target=\"_blank\" rel=\"nofollow noopener\">piscine priv\u00e9e<\/a> d\u2019une villa du quartier des <a href=\"https:\/\/www.laprovence.com\/article\/faits-divers-justice\/47221035196647\/trafic-de-stupefiants-a-marseille-22-arrestations-a-la-cite-des-oliviers-48-000-euros-en-liquide-et-135-000-euros-deffets-de-luxe-saisis\" target=\"_blank\" rel=\"nofollow noopener\">Oliviers<\/a>, dans le 13e arrondissement de Marseille. Laiss\u00e9 sans surveillance un court instant, un petit gar\u00e7on de 5\u00a0ans a \u00e9t\u00e9 retrouv\u00e9 par sa m\u00e8re, immerg\u00e9 dans le bassin, inanim\u00e9.<\/p>\n<p>Fort heureusement, la tante de l\u2019enfant, infirmi\u00e8re de profession, qui \u00e9tait pr\u00e9sente au moment des faits, aurait imm\u00e9diatement entrepris de pratiquer les <a href=\"https:\/\/www.laprovence.com\/article\/region\/46192896866522\/a-deux-minutes-pres-cest-fini-a-aix-la-croix-rouge-et-lhopital-public-sensibilisent-aux-gestes-qui-sauvent\" target=\"_blank\" rel=\"nofollow noopener\">gestes de premiers secours<\/a>. Une intervention qui a sans doute sauv\u00e9 la vie de la petite victime, avant que les marins-pompiers ne prennent le relais et ne transportent le gar\u00e7onnet aux urgences p\u00e9diatriques de la Timone o\u00f9 son \u00e9tat n\u2019inspirerait d\u00e9sormais plus d\u2019inqui\u00e9tudes.<\/p>\n<p>\u00ab\u00a0Jamais sans surveillance, m\u00eame un court instant\u00a0\u00bb<\/p>\n<p>Il s\u2019en est toutefois fallu de peu et le <a href=\"https:\/\/www.laprovence.com\/article\/faits-divers-justice\/21055085494691\/marseille-le-bataillon-des-marins-pompiers-a-profite-de-sa-journee-de-cohesion-pour-celebrer-lesprit-dequipage\" target=\"_blank\" rel=\"nofollow noopener\">bataillon des marins-pompiers<\/a> appelle \u00e0 une vigilance plus qu\u2019accrue en cette p\u00e9riode estivale qui invite tout naturellement aux baignades, en mer ou dans des piscines priv\u00e9es, et ce d\u2019autant plus que des chaleurs caniculaires se sont abattues sur le pourtour m\u00e9diterran\u00e9en\u00a0: \u00ab\u00a0Que ce soit en mer ou en piscine, ne jamais laisser les enfants sans surveillance, m\u00eame un court instant et m\u00eame s\u2019ils sont \u00e9quip\u00e9s d\u2019une bou\u00e9e ou de flotteurs\u00a0\u00bb.<\/p>\n<p>De fa\u00e7on g\u00e9n\u00e9rale, la pr\u00e9vention des noyades tient \u00e0 quelques pr\u00e9cautions que rappellent les marins-pompiers : \u00ab\u00a0Se renseigner sur les conditions m\u00e9t\u00e9orologiques, \u00e9viter de nager seul, toujours pr\u00e9venir un tiers, mais aussi \u00e9viter de s\u2019exposer entre midi et 16\u00a0heures, veiller \u00e0 \u00eatre constamment hydrat\u00e9, se prot\u00e9ger du soleil, m\u00eame \u00e0 la plage, avec un parasol par exemple ou au moins un chapeau\u00a0\u00bb.<\/p>\n<p>Des nageurs \u00e9puis\u00e9s accroch\u00e9s aux bou\u00e9es de repos<\/p>\n<p>Enfin, en mer, le bataillon pr\u00e9conise de ne pas surestimer ses capacit\u00e9s\u2026 Au large de Marseille et notamment \u00e0 la Pointe Rouge, il n\u2019est pas rare que les marins-pompiers viennent \u00e0 la rescousse de nageurs \u00e9puis\u00e9s qui se sont accroch\u00e9s aux <a href=\"https:\/\/www.laprovence.com\/actu\/en-direct\/6761256\/video-marseille-des-bouees-de-repos-pour-sauver-la-vie-des-baigneurs-en-difficulte.html\" target=\"_blank\" rel=\"nofollow noopener\">bou\u00e9es de repos<\/a> en attendant les secours.<\/p>\n","protected":false},"excerpt":{"rendered":"On a fr\u00f4l\u00e9 la catastrophe ce dimanche 29 juin, dans la piscine priv\u00e9e d\u2019une villa du quartier des&hellip;\n","protected":false},"author":2,"featured_media":215911,"comment_status":"","ping_status":"","sticky":false,"template":"","format":"standard","meta":{"footnotes":""},"categories":[2814],"tags":[17,1111,11,1764,1102,1777,674,274,1011,27,35528,884,12,7781,15864,882,25,35529],"class_list":{"0":"post-215910","1":"post","2":"type-post","3":"status-publish","4":"format-standard","5":"has-post-thumbnail","7":"category-marseille","8":"tag-17","9":"tag-actu","10":"tag-actualites","11":"tag-ans","12":"tag-breakingnews","13":"tag-eu","14":"tag-europe","15":"tag-faits-divers-justice","16":"tag-fr","17":"tag-france","18":"tag-garcon","19":"tag-marseille","20":"tag-news","21":"tag-noyade","22":"tag-petit","23":"tag-provence-alpes-cote-dazur","24":"tag-republique-francaise","25":"tag-rescape"},"share_on_mastodon":{"url":"https:\/\/pubeurope.com\/@fr\/114772916524107825","error":""},"_links":{"self":[{"href":"https:\/\/www.europesays.com\/fr\/wp-json\/wp\/v2\/posts\/215910","targetHints":{"allow":["GET"]}}],"collection":[{"href":"https:\/\/www.europesays.com\/fr\/wp-json\/wp\/v2\/posts"}],"about":[{"href":"https:\/\/www.europesays.com\/fr\/wp-json\/wp\/v2\/types\/post"}],"author":[{"embeddable":true,"href":"https:\/\/www.europesays.com\/fr\/wp-json\/wp\/v2\/users\/2"}],"replies":[{"embeddable":true,"href":"https:\/\/www.europesays.com\/fr\/wp-json\/wp\/v2\/comments?post=215910"}],"version-history":[{"count":0,"href":"https:\/\/www.europesays.com\/fr\/wp-json\/wp\/v2\/posts\/215910\/revisions"}],"wp:featuredmedia":[{"embeddable":true,"href":"https:\/\/www.europesays.com\/fr\/wp-json\/wp\/v2\/media\/215911"}],"wp:attachment":[{"href":"https:\/\/www.europesays.com\/fr\/wp-json\/wp\/v2\/media?parent=215910"}],"wp:term":[{"taxonomy":"category","embeddable":true,"href":"https:\/\/www.europesays.com\/fr\/wp-json\/wp\/v2\/categories?post=215910"},{"taxonomy":"post_tag","embeddable":true,"href":"https:\/\/www.europesays.com\/fr\/wp-json\/wp\/v2\/tags?post=215910"}],"curies":[{"name":"wp","href":"https:\/\/api.w.org\/{rel}","templated":true}]}}