{"id":215926,"date":"2025-06-30T15:09:11","date_gmt":"2025-06-30T15:09:11","guid":{"rendered":"https:\/\/www.europesays.com\/fr\/215926\/"},"modified":"2025-06-30T15:09:11","modified_gmt":"2025-06-30T15:09:11","slug":"pourquoi-robert-fico-a-t-il-mis-son-veto-aux-nouvelles-sanctions-de-lue-contre-la-russie","status":"publish","type":"post","link":"https:\/\/www.europesays.com\/fr\/215926\/","title":{"rendered":"Pourquoi Robert Fico a-t-il mis son veto aux nouvelles sanctions de l&rsquo;UE contre la Russie ?"},"content":{"rendered":"<p>Nouveau veto \u00e0 Bruxelles. Robert Fico, le Premier ministre slovaque, a confirm\u00e9 jeudi qu&rsquo;il continuerait \u00e0 rejeter le 18\u00e8me paquet de sanctions que l&rsquo;Union europ\u00e9enne souhaite imposer \u00e0 la Russie en r\u00e9ponse \u00e0 l&rsquo;invasion de l&rsquo;Ukraine.<\/p>\n<p>Les sanctions \u00e9tant soumises au vote \u00e0 l&rsquo;unanimit\u00e9, le veto slovaque rend impossible leur approbation. De leur c\u00f4t\u00e9, les diplomates ont pass\u00e9 la derni\u00e8re journ\u00e9e \u00e0 peaufiner les d\u00e9tails techniques en pr\u00e9vision d&rsquo;une approbation formelle.<\/p>\n<p>Il est int\u00e9ressant de noter que l&rsquo;opposition de Robert Fico n&rsquo;a rien \u00e0 voir avec les sanctions elles-m\u00eames. Elle porte sur un tout autre sujet : le plan REPowerEU.<\/p>\n<p>Cette feuille de route pr\u00e9voit l&rsquo;\u00e9limination progressive de toutes les importations de combustibles fossiles russes, y compris le gaz naturel liqu\u00e9fi\u00e9 (GNL), d&rsquo;ici \u00e0 la fin de 2027. La Commission europ\u00e9enne a d\u00e9voil\u00e9 la feuille de route en mai et a pr\u00e9sent\u00e9 la proposition l\u00e9gislative en juin, bas\u00e9e sur des interdictions progressives des contrats gaziers \u00e0 court et \u00e0 long terme.<\/p>\n<p>\u00ab\u00a0La Russie a tent\u00e9 \u00e0 plusieurs reprises de nous faire chanter en militarisant ses approvisionnements \u00e9nerg\u00e9tiques\u00a0\u00bb, a d\u00e9clar\u00e9 Ursula von der Leyen, pr\u00e9sidente de la Commission.<\/p>\n<p>\u00ab\u00a0Nous avons pris des mesures claires pour fermer le robinet et mettre d\u00e9finitivement fin \u00e0 l&rsquo;\u00e8re des combustibles fossiles russes en Europe\u00a0\u00bb, a-t-elle ajout\u00e9.<\/p>\n<p>En tant que pays enclav\u00e9 ayant des liens \u00e9troits avec les combustibles russes, la Slovaquie a imm\u00e9diatement &#8211; et vigoureusement &#8211; protest\u00e9 contre l&rsquo;abandon progressif, avertissant qu&rsquo;il entra\u00eenerait une hausse des prix et mettrait en p\u00e9ril la comp\u00e9titivit\u00e9. La Hongrie, qui se trouve dans une situation similaire, s&rsquo;est jointe \u00e0 la r\u00e9sistance.<\/p>\n<p>La strat\u00e9gie de la Commission a consist\u00e9 \u00e0 pr\u00e9senter la proposition comme une politique commerciale et \u00e9nerg\u00e9tique, ce qui signifie qu&rsquo;elle n&rsquo;aurait besoin que d&rsquo;une majorit\u00e9 qualifi\u00e9e pour \u00eatre adopt\u00e9e, constituant un point de discorde majeur. Jusqu&rsquo;\u00e0 pr\u00e9sent, l&rsquo;ex\u00e9cutif avait choisi les sanctions, un outil de politique \u00e9trang\u00e8re, comme option pour supprimer les importations de carburants russes, tels que le charbon et le p\u00e9trole. La Hongrie et la Slovaquie ont \u00e9t\u00e9 exempt\u00e9es de l&rsquo;interdiction permanente du p\u00e9trole brut russe.<\/p>\n<p><img decoding=\"async\" class=\"caas-img caas-lazy has-preview\" alt=\"La Hongrie et la Slovaquie s'opposent \u00e0 l'arr\u00eat des importations de gaz et de p\u00e9trole russes.\" src=\"https:\/\/www.europesays.com\/fr\/wp-content\/uploads\/2025\/06\/97e973e5429a9ef6f135b86e28c54c12.jpeg\"\/><\/p>\n<p> La Hongrie et la Slovaquie s&rsquo;opposent \u00e0 l&rsquo;arr\u00eat des importations de gaz et de p\u00e9trole russes.   &#8211; Union europ\u00e9enne, 2025. <\/p>\n<p>Comme les sanctions sur le gaz sont inaccessibles en raison de d\u00e9saccords de longue date entre les capitales, la Commission a pris les choses en main et a imagin\u00e9 une solution de contournement cr\u00e9ative pour s&rsquo;assurer que l&rsquo;interdiction du gaz russe finisse par voir le jour.<\/p>\n<p>Cette astuce a exasp\u00e9r\u00e9 la Slovaquie, qui a oppos\u00e9 son veto au 18\u00e8me paquet de sanctions dans un ultime effort pour obtenir les concessions qu&rsquo;elle n&rsquo;aurait pas obtenues autrement.<\/p>\n<p>La couleur de l&rsquo;argent<\/p>\n<p>Le Premier ministre slovaque a confirm\u00e9 son veto \u00e0 l&rsquo;issue d&rsquo;une r\u00e9union bilat\u00e9rale avec Ursula von der Leyen en marge d&rsquo;un sommet europ\u00e9en \u00e0 Bruxelles. Dans les jours pr\u00e9c\u00e9dant le sommet, les fonctionnaires de la Commission s&rsquo;\u00e9taient montr\u00e9s optimistes quant \u00e0 la conclusion d&rsquo;une sorte de compromis et au d\u00e9but du 18\u00e8me paquet de sanctions avant la fin du mois.<\/p>\n<p>Mais Bratislava a mis les pieds dans le plat.<\/p>\n<p>Dans un message vid\u00e9o post\u00e9 sur son compte Facebook au milieu du sommet, Robert Fico a dress\u00e9 une longue liste de griefs et de r\u00e9serves concernant l&rsquo;\u00e9limination progressive des carburants russes, indiquant qu&rsquo;il \u00e9tait ouvert \u00e0 un accord avec Ursula von der Leyen, mais \u00e0 un prix plus \u00e9lev\u00e9 que pr\u00e9vu.<\/p>\n<p>\u00ab\u00a0Il est regrettable que nous nous engagions dans cette voie, car il s&rsquo;agit clairement d&rsquo;une proposition id\u00e9ologique\u00a0\u00bb, a-t-il d\u00e9clar\u00e9. \u00ab\u00a0Cela nous portera pr\u00e9judice, \u00e0 moins qu&rsquo;un accord ne soit conclu avec la Commission europ\u00e9enne pour nous d\u00e9dommager de tous les dommages que cette proposition pourrait causer\u00a0\u00bb.<\/p>\n<p>Le dirigeant a cit\u00e9 cinq enjeux qu&rsquo;il souhaite aborder et, id\u00e9alement, r\u00e9soudre :<\/p>\n<ul class=\"caas-list caas-list-bullet\">\n<li>\n<p><strong>Frais de transit<\/strong> : Robert Fico affirme que si la Slovaquie met fin \u00e0 ses importations de gaz russe par gazoduc, elle devra d\u00e9penser plus d&rsquo;argent en frais de transit pour s&rsquo;approvisionner aupr\u00e8s des pays occidentaux qui ach\u00e8tent du GNL et le gaz\u00e9ifient ensuite. Il souhaite obtenir des garanties que les frais de transit futurs seront les m\u00eames qu&rsquo;avec la Russie.<\/p>\n<\/li>\n<li>\n<p><strong>Prix \u00e0 la consommation<\/strong> : Selon lui, la fin du gaz russe \u00e0 bas prix, associ\u00e9e \u00e0 des frais de transit potentiellement plus \u00e9lev\u00e9s, entra\u00eenera une augmentation des prix du gaz pour les m\u00e9nages slovaques \u00ab\u00a0de 30 \u00e0 50 %\u00a0\u00bb, d&rsquo;apr\u00e8s les estimations de son gouvernement.<\/p>\n<\/li>\n<li>\n<p><strong>Compensation<\/strong> : En cons\u00e9quence, il demande \u00ab\u00a0des fonds pour indemniser les m\u00e9nages et l&rsquo;industrie slovaques, car aucun d&rsquo;entre eux ne sera en mesure de faire face \u00e0 ce fardeau\u00a0\u00bb.<\/p>\n<\/li>\n<li>\n<p><strong>Crise \u00e9nerg\u00e9tique<\/strong> : Le Premier ministre slovaque demande \u00e9galement des garanties pour prot\u00e9ger la Slovaquie contre une hausse extraordinaire des prix du gaz, comme cela s&rsquo;est produit lors de la crise \u00e9nerg\u00e9tique de 2022.<\/p>\n<\/li>\n<li>\n<p><strong>Poursuites judiciaires<\/strong> : Enfin, M. Fico avertit la Slovaquie qu&rsquo;elle risque d&rsquo;\u00eatre poursuivie par Gazprom, qui dispose du monopole pour les exportations de gaz russe, pour un montant compris entre 16 et 20 milliards d&rsquo;euros, en raison de la r\u00e9siliation de son contrat \u00e0 long terme, qui court jusqu&rsquo;en 2034. Les contrats \u00e9nerg\u00e9tiques russes sont g\u00e9n\u00e9ralement r\u00e9gis par des conditions \u00ab\u00a0take-or-pay\u00a0\u00bb bien d\u00e9finies, ce qui signifie que les acheteurs sont oblig\u00e9s de payer les livraisons convenues ou de payer des dommages et int\u00e9r\u00eats.<\/p>\n<\/li>\n<\/ul>\n<p>\u00ab\u00a0C&rsquo;est pourquoi cette question doit d&rsquo;abord \u00eatre r\u00e9solue\u00a0\u00bb, d\u00e9clare Robert Fico \u00e0 la fin de la vid\u00e9o.<\/p>\n<p>\u00ab\u00a0D\u00e9finissons la solution, et ce n&rsquo;est qu&rsquo;ensuite que nous pourrons discuter d&rsquo;autres paquets de sanctions. Si notre proposition de reporter le vote n&rsquo;est pas accept\u00e9e, l&rsquo;ambassadeur slovaque recevra l&rsquo;instruction claire de mettre son veto \u00e0 l&rsquo;adoption du 18\u00e8me paquet de sanctions\u00a0\u00bb, ajoute-t-il.<\/p>\n<p>M. Fico a indiqu\u00e9 qu&rsquo;il s&rsquo;engagerait dans des \u00ab\u00a0n\u00e9gociations constructives\u00a0\u00bb, une \u00ab\u00a0mission sp\u00e9ciale\u00a0\u00bb dirig\u00e9e par la Commission devant se rendre en Slovaquie la semaine prochaine.<\/p>\n<p><img decoding=\"async\" class=\"caas-img caas-lazy has-preview\" alt=\"Ursula von der Leyen a entam\u00e9 des discussions bilat\u00e9rales avec Robert Fico pour r\u00e9soudre ce d\u00e9saccord.  \" src=\"https:\/\/www.europesays.com\/fr\/wp-content\/uploads\/2025\/06\/029d70c787c94bbff59db480863c216c.jpeg\"\/><\/p>\n<p> Ursula von der Leyen a entam\u00e9 des discussions bilat\u00e9rales avec Robert Fico pour r\u00e9soudre ce d\u00e9saccord.   &#8211; Union europ\u00e9enne, 2025. <\/p>\n<p>Il est difficile de savoir comment l&rsquo;\u00e9quipe d&rsquo;Ursula von der Leyen parviendra \u00e0 satisfaire ses besoins, qui semblent se chiffrer en milliards d&rsquo;euros. Le budget pluriannuel de l&rsquo;Union europ\u00e9enne est mis \u00e0 rude \u00e9preuve et dispose d&rsquo;une marge de man\u0153uvre limit\u00e9e pour faire face \u00e0 des circonstances impr\u00e9vues ou, dans le cas pr\u00e9sent, \u00e0 des demandes. La proposition d&rsquo;\u00e9limination progressive des carburants russes ne pr\u00e9voit pas d&rsquo;enveloppe sp\u00e9cifique pour les fonds de l&rsquo;UE.<\/p>\n<p>Mme Von der Leyen n&rsquo;a pas abord\u00e9 ce sujet \u00e9pineux lors de sa conf\u00e9rence de presse \u00e0 l&rsquo;issue du sommet. La Commission n&rsquo;a pas r\u00e9pondu imm\u00e9diatement \u00e0 une demande de commentaire.<\/p>\n<p>Des fonctionnaires avaient pr\u00e9c\u00e9demment insist\u00e9 sur le fait que l&rsquo;\u00e9limination progressive n&rsquo;entra\u00eenerait pas une forte hausse des prix \u00e0 la consommation, car la transition de l&rsquo;Union europ\u00e9enne vers l&rsquo;abandon des carburants russes est d\u00e9j\u00e0 bien entam\u00e9e, avec une plus grande diversification en provenance de Norv\u00e8ge, des \u00c9tats-Unis, d&rsquo;Alg\u00e9rie, du Qatar, d&rsquo;Azerba\u00efdjan et du Royaume-Uni, ainsi qu&rsquo;un d\u00e9ploiement plus rapide des \u00e9nergies renouvelables produites localement.<\/p>\n<p>\u00ab\u00a0Nous pouvons en effet faire en sorte que cette transition se fasse sans entra\u00eener de hausse des prix et certainement pas de probl\u00e8mes d&rsquo;approvisionnement pour ces pays\u00a0\u00bb, a d\u00e9clar\u00e9 Dan J\u00f8rgensen, commissaire europ\u00e9en charg\u00e9 de l&rsquo;\u00e9nergie, en juin dernier.<\/p>\n<p>M. J\u00f8rgensen a \u00e9galement soulign\u00e9 que les interdictions pr\u00e9vues dans le cadre de l&rsquo;\u00e9limination progressive seraient suffisamment solides pour d\u00e9clarer un cas de force majeure &#8211; c&rsquo;est-\u00e0-dire des \u00e9v\u00e9nements ou des circonstances \u00e9chappant au contr\u00f4le des signataires &#8211; et prot\u00e9ger les clients contre des dommages et int\u00e9r\u00eats exorbitants.<\/p>\n<p>\u00ab\u00a0Nous avons d\u00e9lib\u00e9r\u00e9ment formul\u00e9 cette l\u00e9gislation et utilis\u00e9 la base juridique qui en fait une interdiction et donc une situation de force majeure pour les entreprises en question\u00a0\u00bb, a-t-il d\u00e9clar\u00e9.<\/p>\n<p>\u00ab\u00a0Cela signifie qu&rsquo;elles ne sont pas l\u00e9galement responsables. Ce ne sont pas elles qui rompent un contrat\u00a0\u00bb, a-t-il ajout\u00e9.<\/p>\n<p>Ce raisonnement n&rsquo;a pas enti\u00e8rement convaincu les experts, qui estiment que les sanctions traditionnelles en mati\u00e8re de politique \u00e9trang\u00e8re constituent la m\u00e9thode la plus efficace pour d\u00e9fier les poursuites judiciaires.<\/p>\n","protected":false},"excerpt":{"rendered":"Nouveau veto \u00e0 Bruxelles. Robert Fico, le Premier ministre slovaque, a confirm\u00e9 jeudi qu&rsquo;il continuerait \u00e0 rejeter le&hellip;\n","protected":false},"author":2,"featured_media":215927,"comment_status":"","ping_status":"","sticky":false,"template":"","format":"standard","meta":{"footnotes":""},"categories":[1591],"tags":[11,1887,18399,10419,2489,35531,12,27897,1885,1886,132,7185,2544,12140],"class_list":{"0":"post-215926","1":"post","2":"type-post","3":"status-publish","4":"format-standard","5":"has-post-thumbnail","7":"category-russie","8":"tag-actualites","9":"tag-federation-de-russie","10":"tag-feuille-de-route","11":"tag-la-commission","12":"tag-la-russie","13":"tag-les-pieds-dans-le-plat","14":"tag-news","15":"tag-robert-fico","16":"tag-russia","17":"tag-russian-federation","18":"tag-russie","19":"tag-sanctions","20":"tag-ursula-von-der-leyen","21":"tag-veto"},"share_on_mastodon":{"url":"https:\/\/pubeurope.com\/@fr\/114772953024107593","error":""},"_links":{"self":[{"href":"https:\/\/www.europesays.com\/fr\/wp-json\/wp\/v2\/posts\/215926","targetHints":{"allow":["GET"]}}],"collection":[{"href":"https:\/\/www.europesays.com\/fr\/wp-json\/wp\/v2\/posts"}],"about":[{"href":"https:\/\/www.europesays.com\/fr\/wp-json\/wp\/v2\/types\/post"}],"author":[{"embeddable":true,"href":"https:\/\/www.europesays.com\/fr\/wp-json\/wp\/v2\/users\/2"}],"replies":[{"embeddable":true,"href":"https:\/\/www.europesays.com\/fr\/wp-json\/wp\/v2\/comments?post=215926"}],"version-history":[{"count":0,"href":"https:\/\/www.europesays.com\/fr\/wp-json\/wp\/v2\/posts\/215926\/revisions"}],"wp:featuredmedia":[{"embeddable":true,"href":"https:\/\/www.europesays.com\/fr\/wp-json\/wp\/v2\/media\/215927"}],"wp:attachment":[{"href":"https:\/\/www.europesays.com\/fr\/wp-json\/wp\/v2\/media?parent=215926"}],"wp:term":[{"taxonomy":"category","embeddable":true,"href":"https:\/\/www.europesays.com\/fr\/wp-json\/wp\/v2\/categories?post=215926"},{"taxonomy":"post_tag","embeddable":true,"href":"https:\/\/www.europesays.com\/fr\/wp-json\/wp\/v2\/tags?post=215926"}],"curies":[{"name":"wp","href":"https:\/\/api.w.org\/{rel}","templated":true}]}}