{"id":215943,"date":"2025-06-30T15:18:10","date_gmt":"2025-06-30T15:18:10","guid":{"rendered":"https:\/\/www.europesays.com\/fr\/215943\/"},"modified":"2025-06-30T15:18:10","modified_gmt":"2025-06-30T15:18:10","slug":"ces-16-departements-places-en-vigilance-rouge-lexpress","status":"publish","type":"post","link":"https:\/\/www.europesays.com\/fr\/215943\/","title":{"rendered":"ces 16\u00a0d\u00e9partements plac\u00e9s en vigilance rouge \u2013 L&rsquo;Express"},"content":{"rendered":"<p class=\"paragraph article-body-paragraph article__item   article-body-paragraph--first \">Seize d\u00e9partements ont \u00e9t\u00e9 plac\u00e9s en vigilance rouge canicule, dont le bassin parisien, pour la journ\u00e9e de mardi, a annonc\u00e9 lundi 30 juin <a href=\"https:\/\/vigilance.meteofrance.fr\/fr\/canicule\/demain\" target=\"_self\" rel=\"noopener\" title=\"https:\/\/vigilance.meteofrance.fr\/fr\/canicule\/demain\">M\u00e9t\u00e9o-France<\/a>, et 68 resteront en vigilance orange. Une vague de chaleur d\u2019un niveau caniculaire touche la quasi-totalit\u00e9 du territoire : la journ\u00e9e de mardi et la nuit de mardi \u00e0 mercredi, <a href=\"https:\/\/www.lexpress.fr\/sciences-sante\/canicule-notre-corps-pourra-t-il-sadapter-a-la-chaleur-dans-le-futur-EQ2H2OJYXVC7ZEBEHEIZUDSFWM\/\" target=\"_self\" rel=\"noopener\" title=\"https:\/\/www.lexpress.fr\/sciences-sante\/canicule-notre-corps-pourra-t-il-sadapter-a-la-chaleur-dans-le-futur-EQ2H2OJYXVC7ZEBEHEIZUDSFWM\/\">la chaleur<\/a> sera particuli\u00e8rement \u00e9prouvante sur le bassin parisien, pr\u00e9cise l\u2019organisme m\u00e9t\u00e9orologique. Dans le d\u00e9tail, tous les d\u00e9partements de l\u2019Ile-de-France, le Cher, le Loiret, l\u2019Indre, le Loir-et-Cher, l\u2019Indre-et-Loire, l\u2019Aube, l\u2019Yonne et la Vienne font l\u2019objet d\u2019une vigilance rouge \u00e0 partir de midi.<\/p>\n<p class=\"paragraph article-body-paragraph article__item   \">La derni\u00e8re vigilance de ce type <a href=\"https:\/\/www.lexpress.fr\/environnement\/climat-4-c-de-plus-dici-2100-voici-a-quoi-ressemblerait-la-france-MMPRLYROMZCKVGJIX2ANGLIDIM\/\" target=\"_self\" rel=\"noopener\" title=\"https:\/\/www.lexpress.fr\/environnement\/climat-4-c-de-plus-dici-2100-voici-a-quoi-ressemblerait-la-france-MMPRLYROMZCKVGJIX2ANGLIDIM\/\">pour la France<\/a> remonte au mois d\u2019ao\u00fbt 2023. En Ile-de-France, c\u2019est la premi\u00e8re fois depuis cinq ans (7 au 12 ao\u00fbt 2020) que le niveau est atteint, selon M\u00e9t\u00e9o-France.<\/p>\n<p>Des pointes \u00e0 41 degr\u00e9s<\/p>\n<p class=\"paragraph article-body-paragraph article__item   \">Le territoire est touch\u00e9 par un \u00ab\u00a0\u00e9pisode caniculaire dont la dur\u00e9e, l\u2019extension g\u00e9ographique et l\u2019intensit\u00e9 n\u00e9cessitent une vigilance particuli\u00e8re\u00a0\u00bb, soulignent les services de pr\u00e9vision. \u00ab\u00a0Le pic caniculaire sur le bassin parisien sera tr\u00e8s fort mardi et la nuit de mardi \u00e0 mercredi\u00a0\u00bb avec une chaleur \u00ab\u00a0particuli\u00e8rement \u00e9prouvante\u00a0\u00bb.<\/p>\n<p><strong class=\"article-body-link-list__item text-gray-800 article-body-link-list__item--one-item\">LIRE AUSSI : <a class=\"article-body-link-list__item-link\" href=\"https:\/\/www.lexpress.fr\/sciences-sante\/sciences\/canicule-comment-la-chaleur-affecte-notre-cerveau-et-notre-moral-GOI25PQYRBEU5O74EY2MMI4ODU\/\" target=\"_blank\" rel=\"noreferrer noopener\">Canicule : comment la chaleur affecte notre cerveau et notre moral<\/a><\/strong><\/p>\n<p class=\"paragraph article-body-paragraph article__item   \">Mardi sera la journ\u00e9e la plus chaude de cet \u00e9pisode avec des minimales tr\u00e8s \u00e9lev\u00e9es, comprises entre 20 et 24 \u00b0C voire un peu plus tr\u00e8s localement, et des maximales atteignant 36 \u00e0 40 \u00b0C avec quelques pointes \u00e0 41 \u00b0C dans les d\u00e9partements <a href=\"https:\/\/www.lexpress.fr\/societe\/canicule-qu-est-ce-que-l-alerte-rouge-mise-en-place-dans-9-departements_2132536.html\" target=\"_self\" rel=\"noopener\" title=\"https:\/\/www.lexpress.fr\/societe\/canicule-qu-est-ce-que-l-alerte-rouge-mise-en-place-dans-9-departements_2132536.html\">en vigilance rouge<\/a>. Soixante-huit d\u00e9partements sont par ailleurs maintenus en vigilance orange et seuls les d\u00e9partements proches de la Manche et des fronti\u00e8res belges conserveront des temp\u00e9ratures inf\u00e9rieures \u00e0 34 \u00b0C.<\/p>\n<p class=\"paragraph article-body-paragraph article__item   \">Une baisse sensible s\u2019amorcera mercredi matin sur les r\u00e9gions proches de la Manche et la fa\u00e7ade atlantique, pr\u00e9mices d\u2019un probable rafra\u00eechissement mercredi soir sur le bassin parisien. La vigilance rouge pour canicule est le niveau le plus \u00e9lev\u00e9 du \u00ab\u00a0plan national canicule\u00a0\u00bb (apr\u00e8s jaune et orange) et correspond \u00e0 la fois \u00e0 un \u00e9v\u00e9nement m\u00e9t\u00e9orologique exceptionnel et \u00e0 une alerte sanitaire justifiant une \u00ab\u00a0mobilisation maximale\u00a0\u00bb.<\/p>\n<p>La vigilance rouge, un dispositif cr\u00e9\u00e9 en 2004<\/p>\n<p class=\"paragraph article-body-paragraph article__item   \">\u00ab\u00a0Le niveau de vigilance rouge correspond \u00e0 une canicule extr\u00eame, exceptionnelle par sa dur\u00e9e, son intensit\u00e9, son extension g\u00e9ographique, et pr\u00e9sente un fort impact sanitaire pour l\u2019ensemble de la population et des impacts soci\u00e9taux (s\u00e9cheresse, approvisionnement en eau potable, am\u00e9nagement ou arr\u00eat de certaines activit\u00e9s, etc.)\u00a0\u00bb, pr\u00e9cise M\u00e9t\u00e9o-France.<\/p>\n<p><strong class=\"article-body-link-list__item text-gray-800 article-body-link-list__item--one-item\">LIRE AUSSI : <a class=\"article-body-link-list__item-link\" href=\"https:\/\/www.lexpress.fr\/environnement\/vers-un-record-de-chaleur-en-france-trois-infographies-pour-comprendre-lepisode-de-canicule-QKEH6YLS7FH4XBQDGVFY5MVHOQ\/\" target=\"_blank\" rel=\"noreferrer noopener\">Vers un record de chaleur en France ? Trois infographies pour comprendre l\u2019\u00e9pisode de canicule<\/a><\/strong><\/p>\n<p class=\"paragraph article-body-paragraph article__item    article__text__endpicto\">Ce dispositif a \u00e9t\u00e9 cr\u00e9\u00e9 en 2004, apr\u00e8s la canicule de 2003. Il comprend 4 niveaux (vert, jaune, orange et rouge). Le niveau de vigilance rouge est d\u00e9clench\u00e9 <a href=\"https:\/\/www.lexpress.fr\/economie\/high-tech\/comment-lintelligence-artificielle-revolutionne-la-prevision-meteo-traditionnelle-ZDIU6WW3EJGOZGI4KVW3GSGGT4\/\" target=\"_self\" rel=\"noopener\" title=\"https:\/\/www.lexpress.fr\/economie\/high-tech\/comment-lintelligence-artificielle-revolutionne-la-prevision-meteo-traditionnelle-ZDIU6WW3EJGOZGI4KVW3GSGGT4\/\">par M\u00e9t\u00e9o-France<\/a> en concertation avec les autorit\u00e9s sanitaires. La derni\u00e8re fois qu\u2019il avait \u00e9t\u00e9 d\u00e9clench\u00e9 en France remonte \u00e0 l\u2019\u00e9t\u00e9 2023, du 21 au 24 ao\u00fbt : quatre d\u00e9partements avaient \u00e9t\u00e9 plac\u00e9s en rouge le 21, et 19 d\u00e9partements le 22.<\/p>\n","protected":false},"excerpt":{"rendered":"Seize d\u00e9partements ont \u00e9t\u00e9 plac\u00e9s en vigilance rouge canicule, dont le bassin parisien, pour la journ\u00e9e de mardi,&hellip;\n","protected":false},"author":2,"featured_media":215944,"comment_status":"","ping_status":"","sticky":false,"template":"","format":"standard","meta":{"footnotes":""},"categories":[4],"tags":[11,10696,1011,27,12,25],"class_list":{"0":"post-215943","1":"post","2":"type-post","3":"status-publish","4":"format-standard","5":"has-post-thumbnail","7":"category-france","8":"tag-actualites","9":"tag-climat-et-transitions","10":"tag-fr","11":"tag-france","12":"tag-news","13":"tag-republique-francaise"},"share_on_mastodon":{"url":"https:\/\/pubeurope.com\/@fr\/114772987337422344","error":""},"_links":{"self":[{"href":"https:\/\/www.europesays.com\/fr\/wp-json\/wp\/v2\/posts\/215943","targetHints":{"allow":["GET"]}}],"collection":[{"href":"https:\/\/www.europesays.com\/fr\/wp-json\/wp\/v2\/posts"}],"about":[{"href":"https:\/\/www.europesays.com\/fr\/wp-json\/wp\/v2\/types\/post"}],"author":[{"embeddable":true,"href":"https:\/\/www.europesays.com\/fr\/wp-json\/wp\/v2\/users\/2"}],"replies":[{"embeddable":true,"href":"https:\/\/www.europesays.com\/fr\/wp-json\/wp\/v2\/comments?post=215943"}],"version-history":[{"count":0,"href":"https:\/\/www.europesays.com\/fr\/wp-json\/wp\/v2\/posts\/215943\/revisions"}],"wp:featuredmedia":[{"embeddable":true,"href":"https:\/\/www.europesays.com\/fr\/wp-json\/wp\/v2\/media\/215944"}],"wp:attachment":[{"href":"https:\/\/www.europesays.com\/fr\/wp-json\/wp\/v2\/media?parent=215943"}],"wp:term":[{"taxonomy":"category","embeddable":true,"href":"https:\/\/www.europesays.com\/fr\/wp-json\/wp\/v2\/categories?post=215943"},{"taxonomy":"post_tag","embeddable":true,"href":"https:\/\/www.europesays.com\/fr\/wp-json\/wp\/v2\/tags?post=215943"}],"curies":[{"name":"wp","href":"https:\/\/api.w.org\/{rel}","templated":true}]}}