{"id":215945,"date":"2025-06-30T15:19:10","date_gmt":"2025-06-30T15:19:10","guid":{"rendered":"https:\/\/www.europesays.com\/fr\/215945\/"},"modified":"2025-06-30T15:19:10","modified_gmt":"2025-06-30T15:19:10","slug":"shannon-tan-simpose-sur-lamundi-german-masters-camille-chevalier-et-ariane-klotz-dans-le-top-20-lequipe","status":"publish","type":"post","link":"https:\/\/www.europesays.com\/fr\/215945\/","title":{"rendered":"Shannon Tan s&#039;impose sur l&#039;Amundi German Masters, Camille Chevalier et Ariane Klotz dans le top 20 &#8211; L&#039;\u00c9quipe"},"content":{"rendered":"<ol>\n<li><a href=\"https:\/\/news.google.com\/rss\/articles\/CBMi3AFBVV95cUxOaTBGQ3l4RnBPcnlTUE9RT2lsbjdKcEtScmczMnp0bFNHLUxqUFZIY25EQlQyU2lLcmpBM1k1VzUyLTZ1NzZ1dnIzb3Jlenc4V0tZRlJDTEh6aDU2MXZzS0tZaFpUNWNkOUt6QTBvbW5ZazJqWDAtZ2lNZnBoRVlzVlZXRTBDOVk2VWFjN1dYNGFZbVBmLXJPdExMVnNfNnBfemhLX2lIYWJMVVVlRE5xUktzS2w1bmV0LWZETlVLS29OLUVNdFQ5MlZLUmZNUG5scUtodHMtQ0hTbGhR?oc=5\" target=\"_blank\" rel=\"nofollow noopener\">Shannon Tan s&rsquo;impose sur l&rsquo;Amundi German Masters, Camille Chevalier et Ariane Klotz dans le top 20<\/a>&nbsp;&nbsp;L&rsquo;\u00c9quipe<\/li>\n<li><a href=\"https:\/\/news.google.com\/rss\/articles\/CBMitwFBVV95cUxObGFBbUJ6cEczdFlKSDNjZktVRFhuQ0hsOGhza25ReHBiRUtNSjhkSldRdUxzU0xETjE0cXRqbGlfZzlXeE43aFhLSTJsMlJlWnRzUzZxTFVWWUoyS1JuR24wWEhBX1doN2JIbHRablVVRkIydUFuYjBGczJqdV9ibzZrRUxVZWIwVDVCZUIteHd6UVZ6SlFtYlJVN1lLZmNiRnM3T29FLXYyUmE0aGUwRjBXaE4yV0U?oc=5\" target=\"_blank\" rel=\"nofollow noopener\">Amundi German Masters : Top 20 pour Chevalier et Klotz<\/a>&nbsp;&nbsp;F\u00e9d\u00e9ration Fran\u00e7aise de Golf<\/li>\n<li><a href=\"https:\/\/news.google.com\/rss\/articles\/CBMimgJBVV95cUxOV3VPQW1EdnBaV0l0SHMyWHRQSkJWSnBfa1NzWUExSDFfVmd6RzRtYkFuOEJVeUFWOU9jQWg3WnhOUlcxRmxObzJLc2FLanZqOGlrUDBuRnNKZTk3ajdnT0JNLXZ4TFByTFVPSkF5d1UyZ2dFQXI3MlI1Z0htUEhJWERjY0VJRjU5SlZlb0NvZGtaYnZ6QlFZb1c5c0lYcWtMSWZPT3ZLYUpxcExTZkNUQWJESVNBcUVDRXpzUE1yUHNMSXlRTkhWUUdDdEVmYmFEZUxReWhYWWdDWHIzNGppNnN4VmZtS1BSSF83UC1lMlpscG9fQlN6bTZkOGNVd0RSaUVhVVhxalZndlVPMzBiOU5TTm9MQmpPRnc?oc=5\" target=\"_blank\" rel=\"nofollow noopener\">Golf. Let &#8211; Briem et S\u00fcdow en t\u00eate \u00e0 mi-parcours de l\u2019Amundi German Masters. Klotz et Nadaud 16es<\/a>&nbsp;&nbsp;Ouest-France<\/li>\n<li><a href=\"https:\/\/news.google.com\/rss\/articles\/CBMi6wFBVV95cUxNUkpmQjF6ODlIWTI0dGZMTDJUY0lOM0hXMDJ6NFBDRnZiT2RIREY2R1RNYkdWNGNlM0VwR0txeHhQM25pS1drYml5RFo4dU9Lc2Z5MGw0d3ZkZFp1N3hzRHVOUERuV1ZhaVk1NXFQSWxnbjZfRjhzYkpKQXRPdHhtV0RPU0ZWZEc3Rlp0czVkWXgtbGVuOWxVM3ZfSHp4b3NZWHpLVzFGZG1lcUJ0d3YtT2pacmZHV2RfcEppaWZvYks1bWdJZmMtaVZRVkNqT2dleHZjZENRSlBhMGh4Q2tvNTAwc1RKRFphS2s4?oc=5\" target=\"_blank\" rel=\"nofollow noopener\">Shannon Tan devance Helen Briem de justesse, top 20 pour Ariane Klotz et Camille Chevalier<\/a>&nbsp;&nbsp;Golf Plan\u00e8te<\/li>\n<li><a href=\"https:\/\/news.google.com\/rss\/articles\/CBMilgFBVV95cUxQaUY4Um1ma2FJSzg2OERhVnhmUHJoR3dDbXBQbWtxNmJZOG1oc0w3Smk3QVg0Z0xoUktuRno5Tk8zalRid3pGVVUyYllmcnlsNl9FRHplSkxsR3BZUlBmS1EzOFUzdVRCSDlQaVBscExGaHFBM3FOd0oyckVnc2xYRUxEWS1BdUxBV1ZDdTBLWGdYeUVBTWc?oc=5\" target=\"_blank\" rel=\"nofollow noopener\">Shannon Tan s\u2019est fait peur pour remporter l\u2019Amundi German Masters<\/a>&nbsp;&nbsp;Swing F\u00e9minin<\/li>\n<\/ol>\n","protected":false},"excerpt":{"rendered":"Shannon Tan s&rsquo;impose sur l&rsquo;Amundi German Masters, Camille Chevalier et Ariane Klotz dans le top 20&nbsp;&nbsp;L&rsquo;\u00c9quipe Amundi German&hellip;\n","protected":false},"author":2,"featured_media":215946,"comment_status":"","ping_status":"","sticky":false,"template":"","format":"standard","meta":{"footnotes":""},"categories":[1418],"tags":[1011,27,1472,60],"class_list":{"0":"post-215945","1":"post","2":"type-post","3":"status-publish","4":"format-standard","5":"has-post-thumbnail","7":"category-golf","8":"tag-fr","9":"tag-france","10":"tag-golf","11":"tag-sports"},"share_on_mastodon":{"url":"https:\/\/pubeurope.com\/@fr\/114772991238245539","error":""},"_links":{"self":[{"href":"https:\/\/www.europesays.com\/fr\/wp-json\/wp\/v2\/posts\/215945","targetHints":{"allow":["GET"]}}],"collection":[{"href":"https:\/\/www.europesays.com\/fr\/wp-json\/wp\/v2\/posts"}],"about":[{"href":"https:\/\/www.europesays.com\/fr\/wp-json\/wp\/v2\/types\/post"}],"author":[{"embeddable":true,"href":"https:\/\/www.europesays.com\/fr\/wp-json\/wp\/v2\/users\/2"}],"replies":[{"embeddable":true,"href":"https:\/\/www.europesays.com\/fr\/wp-json\/wp\/v2\/comments?post=215945"}],"version-history":[{"count":0,"href":"https:\/\/www.europesays.com\/fr\/wp-json\/wp\/v2\/posts\/215945\/revisions"}],"wp:featuredmedia":[{"embeddable":true,"href":"https:\/\/www.europesays.com\/fr\/wp-json\/wp\/v2\/media\/215946"}],"wp:attachment":[{"href":"https:\/\/www.europesays.com\/fr\/wp-json\/wp\/v2\/media?parent=215945"}],"wp:term":[{"taxonomy":"category","embeddable":true,"href":"https:\/\/www.europesays.com\/fr\/wp-json\/wp\/v2\/categories?post=215945"},{"taxonomy":"post_tag","embeddable":true,"href":"https:\/\/www.europesays.com\/fr\/wp-json\/wp\/v2\/tags?post=215945"}],"curies":[{"name":"wp","href":"https:\/\/api.w.org\/{rel}","templated":true}]}}