{"id":215956,"date":"2025-06-30T15:26:10","date_gmt":"2025-06-30T15:26:10","guid":{"rendered":"https:\/\/www.europesays.com\/fr\/215956\/"},"modified":"2025-06-30T15:26:10","modified_gmt":"2025-06-30T15:26:10","slug":"tdf-tour-de-france-groupama-fdj-avec-gregoire-et-martin-guyonnet-kung-forfait","status":"publish","type":"post","link":"https:\/\/www.europesays.com\/fr\/215956\/","title":{"rendered":"TDF. Tour de France &#8211; Groupama-FDJ avec Gr\u00e9goire et Martin-Guyonnet&#8230; K\u00fcng forfait"},"content":{"rendered":"<p>L&rsquo;\u00e9quipe <strong>Groupama-FDJ<\/strong> ira donc sur ce <strong>Tour de France 2025<\/strong> avec une composition un peu moins \u00ab\u00a0sexy\u00a0\u00bb sur le papier qu&rsquo;initialement pr\u00e9vu&#8230; Car apr\u00e8s l&rsquo;absence de <strong><a href=\"https:\/\/www.cyclismactu.net\/..\/news-tour-de-france-route-david-gaudu-renonce-tour-malgre-tous-mes-efforts-88548.html\" target=\"_blank\" rel=\"nofollow noopener\">David Gaudu<\/a><\/strong>, annonc\u00e9e la semaine derni\u00e8re, la formation fran\u00e7aise a \u00e9galement \u00e9t\u00e9 confront\u00e9e au forfait de derni\u00e8re minute de <strong><a href=\"https:\/\/www.cyclismactu.net\/..\/news-championnats-de-suisse-route-stefan-kung-a-chute-a-entrainement-et-forfait-88551.html\" target=\"_blank\" rel=\"nofollow noopener\">Stefan K\u00fcng<\/a><\/strong>, le rouleur suisse (tomb\u00e9 \u00e0 l&rsquo;entra\u00eenement avant ses Championnats Nationaux) n&rsquo;apparaissant pas dans la s\u00e9lection d\u00e9voil\u00e9e ce lundi. Malgr\u00e9 ces deux absents de marque, le huit de d\u00e9part a tout de m\u00eame fi\u00e8re allure dans le sillage de <strong><a href=\"https:\/\/www.cyclismactu.net\/..\/news-championnats-de-france-route-romain-gregoire-j-ai-dit-madouas-que-j-etais-desole-88628.html\" target=\"_blank\" rel=\"nofollow noopener\">Romain Gr\u00e9goire<\/a><\/strong>, avec un objectif prioritaire en t\u00eate avant le Grand D\u00e9part de Lille ce samedi : enfin retrouver le go\u00fbt de la victoire sur le <strong>Tour<\/strong> pour mettre fin \u00e0 cette disette qui dure depuis l&rsquo;\u00e9dition 2019, et le prestigieux succ\u00e8s de <strong>Thibaut Pinot<\/strong> au sommet du Tourmalet. En bonus, <strong>Guillaume Martin-Guyonnet<\/strong> tentera de r\u00e9\u00e9diter ses top 10 de 2021 et 2023 et de viser le meilleur classement g\u00e9n\u00e9ral possible.<\/p>\n<p>Vid\u00e9o &#8211; Marc Madiot au micro de Cyclism&rsquo;Actu Lire la suite de l&rsquo;article&#13;<\/p>\n<p>\u00a0<\/p>\n<p>&#13;<br \/>\nPremi\u00e8re sur le Tour pour Askey et Penho\u00ebt&#8230; Madouas peut-il retrouver son niveau ?\u00a0&#13;<\/p>\n<p>Pass\u00e9 tout proche du titre de champion de France ce dimanche aux Herbiers, <strong>Romain Gr\u00e9goire<\/strong> aura de multiples opportunit\u00e9s de briller lors d&rsquo;une premi\u00e8re partie de Grande Boucle plus favorable aux puncheurs et coureurs de classiques dans son style, tandis que <strong>GMG<\/strong> devra certainement attendre un peu avant de pouvoir s&rsquo;exprimer en haute montagne. Derri\u00e8re ce duo de leaders compl\u00e9mentaire, <strong>Valentin Madouas<\/strong>, <strong>Lewis Askey<\/strong> ou encore <strong>Paul Penho\u00ebt<\/strong> ont \u00e9galement les moyens d&rsquo;esp\u00e8rer jouer la gagne en fonction des circonstances de course, chacun dans leur fili\u00e8re. Les deux derniers cit\u00e9s d\u00e9couvriront la plus grande course du monde, le sprinteur num\u00e9ro un de la formation fran\u00e7aise disputant m\u00eame son tout premier Grand Tour en carri\u00e8re \u00e0 cette occasion.<\/p>\n<p>&#13;<\/p>\n<p>Equipier toujours aussi pr\u00e9cieux dans de nombreux contextes, <strong>Cl\u00e9ment Russo<\/strong> servira de capitaine de route. Enfin, les deux probables rempla\u00e7ants de <strong>Gaudu<\/strong> et <strong>K\u00fcng<\/strong> se nomment <strong>Cyril Barthe<\/strong> et <strong>Quentin Pacher<\/strong>. Une s\u00e9lection homog\u00e8ne et presque 100% fran\u00e7aise qui aura peut-\u00eatre du mal \u00e0 exister face aux plus grosses armadas mais qui compte bien jouer cr\u00e2nement sa chance pour enfin offrir \u00e0 la structure de <strong><a href=\"https:\/\/www.cyclismactu.net\/..\/news-tour-de-france-route-marc-madiot-on-a-essaye-de-remettre-en-selle-gaudu-mais-88550.html\" target=\"_blank\" rel=\"nofollow noopener\">Marc Madiot<\/a><\/strong> la victoire qui la fuit depuis cinq ans d\u00e9sormais.\u00a0Thierry Bricaud, St\u00e9phane Goubert et Benoit Vaudrenard seront les trois directeurs sportifs pr\u00e9sents sur la course durant ces trois semaines.<\/p>\n<p>&#13;<\/p>\n<p><strong>Philippe Mauduit<\/strong> :<\/p>\n<p>&#13;<\/p>\n<p>\u00ab\u00a0Nous partons sur le Tour avec un collectif tourn\u00e9 vers un seul objectif prioritaire : une victoire d&rsquo;\u00e9tape. Les 8 hommes au d\u00e9part sont pr\u00eats physiquement, pleinement tourn\u00e9s vers cet objectif.\u00a0 Il faudra \u00e9galement \u00eatre intelligent tactiquement pour concr\u00e9tiser et c&rsquo;est ce qui fait la force de ce groupe, dans un Tour de France o\u00f9 il est de plus en plus difficile de se d\u00e9marquer. Nous avons des profils vari\u00e9s et compl\u00e9mentaires pour toutes les \u00e9tapes et nous avons pleinement confiance en ce groupe pour r\u00e9ussir \u00e0 lever les bras. C&rsquo;est le collectif qui nous portera au plus haut\u00a0\u00bb.<\/p>\n<p>&#13;<\/p>\n<p>\u00a0<\/p>\n<p>&#13;<br \/>\nLa s\u00e9lection de la Groupama-FDJ pour le Tour de France 2025 :&#13;<\/p>\n<p>&#8211; Lewis ASKEY (Royaume-Uni)<br \/>&#8211; Cyril BARTHE (France)<br \/>&#8211; Romain GREGOIRE (France)<br \/>&#8211; Valentin MADOUAS (France)<br \/>&#8211; Guillaume MARTIN-GUYONNET (France)<br \/>&#8211; Quentin PACHER (France)<br \/>&#8211; Paul PENHO\u00cbT (France)<br \/>&#8211; Cl\u00e9ment RUSSO (France)<\/p>\n","protected":false},"excerpt":{"rendered":"L&rsquo;\u00e9quipe Groupama-FDJ ira donc sur ce Tour de France 2025 avec une composition un peu moins \u00ab\u00a0sexy\u00a0\u00bb sur&hellip;\n","protected":false},"author":2,"featured_media":215957,"comment_status":"","ping_status":"","sticky":false,"template":"","format":"standard","meta":{"footnotes":""},"categories":[1411],"tags":[1154,207,211,1011,27,209,60,210,212,208,213],"class_list":{"0":"post-215956","1":"post","2":"type-post","3":"status-publish","4":"format-standard","5":"has-post-thumbnail","7":"category-cyclisme","8":"tag-cycling","9":"tag-cyclisme","10":"tag-ffc","11":"tag-fr","12":"tag-france","13":"tag-route","14":"tag-sports","15":"tag-tour-de-france","16":"tag-uci","17":"tag-velo","18":"tag-world-tour"},"share_on_mastodon":{"url":"https:\/\/pubeurope.com\/@fr\/114773018808149910","error":""},"_links":{"self":[{"href":"https:\/\/www.europesays.com\/fr\/wp-json\/wp\/v2\/posts\/215956","targetHints":{"allow":["GET"]}}],"collection":[{"href":"https:\/\/www.europesays.com\/fr\/wp-json\/wp\/v2\/posts"}],"about":[{"href":"https:\/\/www.europesays.com\/fr\/wp-json\/wp\/v2\/types\/post"}],"author":[{"embeddable":true,"href":"https:\/\/www.europesays.com\/fr\/wp-json\/wp\/v2\/users\/2"}],"replies":[{"embeddable":true,"href":"https:\/\/www.europesays.com\/fr\/wp-json\/wp\/v2\/comments?post=215956"}],"version-history":[{"count":0,"href":"https:\/\/www.europesays.com\/fr\/wp-json\/wp\/v2\/posts\/215956\/revisions"}],"wp:featuredmedia":[{"embeddable":true,"href":"https:\/\/www.europesays.com\/fr\/wp-json\/wp\/v2\/media\/215957"}],"wp:attachment":[{"href":"https:\/\/www.europesays.com\/fr\/wp-json\/wp\/v2\/media?parent=215956"}],"wp:term":[{"taxonomy":"category","embeddable":true,"href":"https:\/\/www.europesays.com\/fr\/wp-json\/wp\/v2\/categories?post=215956"},{"taxonomy":"post_tag","embeddable":true,"href":"https:\/\/www.europesays.com\/fr\/wp-json\/wp\/v2\/tags?post=215956"}],"curies":[{"name":"wp","href":"https:\/\/api.w.org\/{rel}","templated":true}]}}