{"id":215961,"date":"2025-06-30T15:29:10","date_gmt":"2025-06-30T15:29:10","guid":{"rendered":"https:\/\/www.europesays.com\/fr\/215961\/"},"modified":"2025-06-30T15:29:10","modified_gmt":"2025-06-30T15:29:10","slug":"une-maison-paysage-darchitecte-a-uzes-comme-une-nef-vegetalisee-et-habitee","status":"publish","type":"post","link":"https:\/\/www.europesays.com\/fr\/215961\/","title":{"rendered":"Une maison-paysage d&rsquo;architecte \u00e0 Uz\u00e8s \u00ab comme une nef v\u00e9g\u00e9talis\u00e9e et habit\u00e9e \u00bb"},"content":{"rendered":"<p>Le jardin et les jardini\u00e8res, plant\u00e9s bien en amont de la fin du chantier, sont une composition totale dans cette ancienne carri\u00e8re devenue terrain vague transform\u00e9e en jardin luxuriant. Chauffeuses avec repose-pieds de Christian Adam (Galerie Meubles et Lumi\u00e8res) et sculptures en c\u00e9ramique de Jean-Pierre Formica (Galerie Pierre-Alain Challier).<\/p>\n<p>Christophe Co\u00ebnon; Jean-Pierre Formica, Adagp, Paris, 2025 ; Christian Adam, Adagp, Paris,2025.<\/p>\n<p>\u00ab Ce projet, je l\u2019ai con\u00e7u comme une nef v\u00e9g\u00e9talis\u00e9e et habit\u00e9e, une structure architecturale <a href=\"https:\/\/www.admagazine.fr\/article\/cathedrale-plus-haute-monde-france\" target=\"_blank\" rel=\"noopener\">cath\u00e9drale<\/a>, parcourue par une nature se m\u00ealant \u00e0 ses occupants qui vont, viennent, d\u00e9ambulent, sautent, plongent, nagent\u2026 \u00bb Ainsi Michael Levy d\u00e9crit-il la vaste maison qu\u2019il a imagin\u00e9e dans une ancienne carri\u00e8re sans v\u00e9g\u00e9tation, \u00e0 Uz\u00e8s. Une ville dont l\u2019histoire l\u2019inspire, avec son h\u00e9ritage romain, son pont du Gard, tout autant que ce terrain vierge que l\u2019architecte voit comme un vaste territoire \u00e0 explorer. D\u00e8s lors, il a l\u2019id\u00e9e de cr\u00e9er au rez-de-chauss\u00e9e un grand plateau continu glissant du jardin \u00e0 l\u2019int\u00e9rieur de la maison dont les volumes et les murs courbes d\u00e9finissent des espaces \u00e0 travers lesquels on se meut librement. Dans cette structure <a href=\"https:\/\/www.admagazine.fr\/article\/un-petit-appartement-parisien-minimal-et-mineral-face-au-canal-saint-martin\" target=\"_blank\" rel=\"noopener\">min\u00e9rale<\/a> pos\u00e9e au c\u0153ur d\u2019un jardin cr\u00e9\u00e9 ex nihilo \u00e0 travers laquelle on \u00e9volue de l\u2019int\u00e9rieur vers l\u2019ext\u00e9rieur, sur le sol, dans le jardin, dans l\u2019eau, la proximit\u00e9 avec la piscine est essentielle, de m\u00eame que la pr\u00e9sence de nombreux bassins. Si l\u2019inspiration vient du lieu, la construction a pour objectif de se fondre dans la topographie du site, entre habitat troglodyte et \u00ab ruine du futur \u00bb.<\/p>\n<p>L\u2019architecte Michael Levy.<\/p>\n<p>Jacques Blin, Adagp, Paris, 2025 ; Denise Gatard, Adagp, Paris, 2025 ; Jessica Boubetra, Adagp, Paris, 2025 ; Pol Chambost, Adagp, Paris, 2025.<\/p>\n","protected":false},"excerpt":{"rendered":"Le jardin et les jardini\u00e8res, plant\u00e9s bien en amont de la fin du chantier, sont une composition totale&hellip;\n","protected":false},"author":2,"featured_media":215962,"comment_status":"","ping_status":"","sticky":false,"template":"","format":"standard","meta":{"footnotes":""},"categories":[1358],"tags":[1348,1384,1385,1386,58,59,1011,27,3354,6997,1966],"class_list":{"0":"post-215961","1":"post","2":"type-post","3":"status-publish","4":"format-standard","5":"has-post-thumbnail","7":"category-arts-et-design","8":"tag-arts","9":"tag-arts-and-design","10":"tag-arts-et-design","11":"tag-design","12":"tag-divertissement","13":"tag-entertainment","14":"tag-fr","15":"tag-france","16":"tag-jardin","17":"tag-maison-darchitecte","18":"tag-sud-de-la-france"},"share_on_mastodon":{"url":"https:\/\/pubeurope.com\/@fr\/114773030567134665","error":""},"_links":{"self":[{"href":"https:\/\/www.europesays.com\/fr\/wp-json\/wp\/v2\/posts\/215961","targetHints":{"allow":["GET"]}}],"collection":[{"href":"https:\/\/www.europesays.com\/fr\/wp-json\/wp\/v2\/posts"}],"about":[{"href":"https:\/\/www.europesays.com\/fr\/wp-json\/wp\/v2\/types\/post"}],"author":[{"embeddable":true,"href":"https:\/\/www.europesays.com\/fr\/wp-json\/wp\/v2\/users\/2"}],"replies":[{"embeddable":true,"href":"https:\/\/www.europesays.com\/fr\/wp-json\/wp\/v2\/comments?post=215961"}],"version-history":[{"count":0,"href":"https:\/\/www.europesays.com\/fr\/wp-json\/wp\/v2\/posts\/215961\/revisions"}],"wp:featuredmedia":[{"embeddable":true,"href":"https:\/\/www.europesays.com\/fr\/wp-json\/wp\/v2\/media\/215962"}],"wp:attachment":[{"href":"https:\/\/www.europesays.com\/fr\/wp-json\/wp\/v2\/media?parent=215961"}],"wp:term":[{"taxonomy":"category","embeddable":true,"href":"https:\/\/www.europesays.com\/fr\/wp-json\/wp\/v2\/categories?post=215961"},{"taxonomy":"post_tag","embeddable":true,"href":"https:\/\/www.europesays.com\/fr\/wp-json\/wp\/v2\/tags?post=215961"}],"curies":[{"name":"wp","href":"https:\/\/api.w.org\/{rel}","templated":true}]}}