{"id":215963,"date":"2025-06-30T15:30:12","date_gmt":"2025-06-30T15:30:12","guid":{"rendered":"https:\/\/www.europesays.com\/fr\/215963\/"},"modified":"2025-06-30T15:30:12","modified_gmt":"2025-06-30T15:30:12","slug":"revigny-sur-ornain-une-nouvelle-edition-du-livre-au-parc-ce-samedi-5-juillet","status":"publish","type":"post","link":"https:\/\/www.europesays.com\/fr\/215963\/","title":{"rendered":"Revigny-sur-Ornain. Une nouvelle \u00e9dition du \u00ab\u00a0Livre au parc\u00a0\u00bb ce samedi 5\u00a0juillet"},"content":{"rendered":"<p>Une nouvelle \u00e9dition du \u00ab\u00a0Livre au Parc\u00a0\u00bb sera organis\u00e9e le samedi 5\u00a0juillet \u00e0 la biblioth\u00e8que d\u00e8s 14\u00a0h\u00a030. Si la m\u00e9t\u00e9o est favorable les animations auront lieu dans le parc derri\u00e8re la biblioth\u00e8que.<\/p>\n<p>Seront propos\u00e9s des jeux de plateau, (jeux de soci\u00e9t\u00e9 se jouant sur plateau), de la lecture, un atelier \u00ab\u00a0tricoteuses\u00a0\u00bb, la consultation de \u00ab\u00a0la chronique de la vie Revin\u00e9enne au fil du temps\u00a0\u00bb.<\/p>\n","protected":false},"excerpt":{"rendered":"Une nouvelle \u00e9dition du \u00ab\u00a0Livre au Parc\u00a0\u00bb sera organis\u00e9e le samedi 5\u00a0juillet \u00e0 la biblioth\u00e8que d\u00e8s 14\u00a0h\u00a030. Si&hellip;\n","protected":false},"author":2,"featured_media":215964,"comment_status":"","ping_status":"","sticky":false,"template":"","format":"standard","meta":{"footnotes":""},"categories":[1357],"tags":[1379,35538,1687,58,3602,59,1011,27,1380,2410,35537],"class_list":{"0":"post-215963","1":"post","2":"type-post","3":"status-publish","4":"format-standard","5":"has-post-thumbnail","7":"category-livres","8":"tag-books","9":"tag-cc-du-pays-de-revigny-sur-ornain-55a","10":"tag-culture-loisirs","11":"tag-divertissement","12":"tag-edition-bar-le-duc","13":"tag-entertainment","14":"tag-fr","15":"tag-france","16":"tag-livres","17":"tag-livres-bd","18":"tag-revigny-sur-ornain"},"share_on_mastodon":{"url":"https:\/\/pubeurope.com\/@fr\/114773034574237593","error":""},"_links":{"self":[{"href":"https:\/\/www.europesays.com\/fr\/wp-json\/wp\/v2\/posts\/215963","targetHints":{"allow":["GET"]}}],"collection":[{"href":"https:\/\/www.europesays.com\/fr\/wp-json\/wp\/v2\/posts"}],"about":[{"href":"https:\/\/www.europesays.com\/fr\/wp-json\/wp\/v2\/types\/post"}],"author":[{"embeddable":true,"href":"https:\/\/www.europesays.com\/fr\/wp-json\/wp\/v2\/users\/2"}],"replies":[{"embeddable":true,"href":"https:\/\/www.europesays.com\/fr\/wp-json\/wp\/v2\/comments?post=215963"}],"version-history":[{"count":0,"href":"https:\/\/www.europesays.com\/fr\/wp-json\/wp\/v2\/posts\/215963\/revisions"}],"wp:featuredmedia":[{"embeddable":true,"href":"https:\/\/www.europesays.com\/fr\/wp-json\/wp\/v2\/media\/215964"}],"wp:attachment":[{"href":"https:\/\/www.europesays.com\/fr\/wp-json\/wp\/v2\/media?parent=215963"}],"wp:term":[{"taxonomy":"category","embeddable":true,"href":"https:\/\/www.europesays.com\/fr\/wp-json\/wp\/v2\/categories?post=215963"},{"taxonomy":"post_tag","embeddable":true,"href":"https:\/\/www.europesays.com\/fr\/wp-json\/wp\/v2\/tags?post=215963"}],"curies":[{"name":"wp","href":"https:\/\/api.w.org\/{rel}","templated":true}]}}