{"id":215983,"date":"2025-06-30T15:40:09","date_gmt":"2025-06-30T15:40:09","guid":{"rendered":"https:\/\/www.europesays.com\/fr\/215983\/"},"modified":"2025-06-30T15:40:09","modified_gmt":"2025-06-30T15:40:09","slug":"fortes-chaleurs-voici-les-ecoles-qui-vont-fermer-mardi-et-mercredi-en-haute-garonne","status":"publish","type":"post","link":"https:\/\/www.europesays.com\/fr\/215983\/","title":{"rendered":"Fortes chaleurs. Voici les \u00e9coles qui vont fermer mardi et mercredi en Haute-Garonne"},"content":{"rendered":"<p>            Par<br \/>\n        <strong><br \/>\n            <a href=\"https:\/\/actu.fr\/auteur\/david-saint-sernin\" title=\"Consulter tous les articles de David Saint-Sernin\" target=\"_blank\" rel=\"noopener\">David Saint-Sernin<\/a><br \/>\n        <\/strong><\/p>\n<p>        Publi\u00e9 le<\/p>\n<p>            30 juin 2025 \u00e0 15h18        <\/p>\n<p>Ce lundi 30 juin 2025, il fait d\u00e9j\u00e0 plus de 37\u00b0C en ce d\u00e9but d\u2019apr\u00e8s-midi \u00e0 Toulouse. Dans certaines <a href=\"https:\/\/actu.fr\/occitanie\/montauban_82121\/canicule-montauban-nimes-lavaur-les-fermetures-d-ecoles-se-multiplient-face-a-la-chaleur-en-occitanie_62844135.html\" target=\"_blank\" rel=\"noopener\">\u00e9coles<\/a> du midi toulousain, les conditions ne sont pas bonnes. D\u00e8s lundi, certaines mairies ont choisi de <a href=\"https:\/\/actu.fr\/societe\/canicule-des-ecoles-fermees-lundi-et-mardi-comment-faire-si-vous-devez-garder-votre-enfant-a-la-maison_62841468.html\" target=\"_blank\" rel=\"noopener\">fermer des \u00e9tablissements.<\/a> Et cela va continuer jusqu\u2019\u00e0 mercredi avec des temp\u00e9ratures toujours suffocantes.\u00a0 Voici les \u00e9coles ferm\u00e9es ce lundi et celles qui vont l\u2019\u00eatre ces prochains jours (la liste pourrait \u00e9voluer dans les prochaines heures).<\/p>\n<p>Les \u00e9coles ferm\u00e9es\u00a0<\/p>\n<p class=\" wall-content\">Contact\u00e9 par Actu Toulouse, le Rectorat communique le nom des \u00e9coles qui sont ferm\u00e9es ce lundi, et qui ont annonc\u00e9 l\u2019\u00eatre mardi et mercredi.<\/p>\n<ul class=\" wall-content\">\n<li><strong>Beauchalot<\/strong> : fermeture lundi apr\u00e8s-midi et mardi apr\u00e8s-midi<\/li>\n<li><strong>Labarthe-sur-L\u00e8ze<\/strong> : fermeture lundi apr\u00e8s-midi, mardi et mercredi toute la journ\u00e9e<\/li>\n<li><strong>Villeneuve-Tolosane<\/strong> : fermeture lundi apr\u00e8s-midi et mardi apr\u00e8s-midi<\/li>\n<li><strong>Larra<\/strong> : fermeture lundi apr\u00e8s-midi et mardi apr\u00e8s-midi<\/li>\n<li><strong>Auterive<\/strong> : fermeture jusqu\u2019\u00e0 mercredi inclus de quatre \u00e9coles (\u00e9cole \u00e9l\u00e9mentaire Michelet, \u00c9cole \u00e9l\u00e9mentaire Filhol, \u00c9cole \u00e9l\u00e9mentaire Zola, \u00c9cole maternelle Madeleine).<\/li>\n<li><strong>Cintegabelle<\/strong> : fermeture mardi toute la journ\u00e9e de cinq \u00e9coles\u00a0 (\u00c9cole Calendreta, \u00c9cole Picarrou, \u00c9cole Roger Ycart, \u00c9cole Marie Louise Ycart , \u00c9cole Les baccarets)<\/li>\n<li><strong>L\u2019Isle en Dodon<\/strong> : fermeture mardi toute la journ\u00e9e<\/li>\n<li><strong>Saint-Alban<\/strong> : fermeture mardi et mercredi toute la journ\u00e9e<\/li>\n<li><strong>Miremont<\/strong> : fermeture jusqu\u2019\u00e0 mercredi inclus\u00a0<\/li>\n<li><strong>L\u2019Union,<\/strong> fermeture mardi \u00e0 partir de 13h30 de trois \u00e9coles (\u00c9cole Belbeze les Toulouse, \u00c9cole Borde d\u2019Olivier, \u00c9cole Montizalguier). \u00ab\u00a0Pour les parents qui ne disposent d\u2019aucune solution de garde, un accueil sera n\u00e9anmoins assur\u00e9 dans chaque \u00e9cole, avec des dispositifs de protection renforc\u00e9s contre la chaleur\u00a0\u00bb, pr\u00e9cise la mairie.<\/li>\n<li><strong>Colomiers.<\/strong> Les \u00e9coles maternelles Lamartine, Lucie-Aubrac, Jean-Mac\u00e9 et Simone-Veil En-Jacca \u00ab\u00a0font face \u00e0 des temp\u00e9ratures \u00e9lev\u00e9es ne permettant pas l\u2019accueil des \u00e9l\u00e8ves dans de bonnes conditions\u00a0\u00bb. Ces 4 \u00e9coles seront donc ferm\u00e9es et l\u2019ensemble des \u00e9l\u00e8ves accueillis au Centre de loisirs du Cabirol du mardi 1\/07 au jeudi 3\/07 inclus (sous r\u00e9serve d\u2019am\u00e9lioration de la situation). Concernant les \u00e9coles \u00e9l\u00e9mentaires, les sites de Lamartine, Alain-Savary et Lucie-Aubrac \u00ab\u00a0enregistrent \u00e9galement des temp\u00e9ratures \u00e9lev\u00e9es\u00a0\u00bb. Ces 3 \u00e9coles seront donc ferm\u00e9es du mardi 1\/07 au jeudi 3\/07 inclus (sous r\u00e9serve d\u2019am\u00e9lioration de la situation). L\u2019ensemble des \u00e9l\u00e8ves ne pouvant \u00eatre accueillis au Centre de loisirs du Cabirol, seront pris en charge exclusivement les enfants dont les parents exercent des m\u00e9tiers dits \u00ab prioritaires \u00bb.<\/li>\n<li><strong>Lespinasse :<\/strong> fermeture lundi apr\u00e8s-midi et mardi apr\u00e8s-midi<\/li>\n<li><strong>Venerque :<\/strong> fermeture mardi et mercredi toute la journ\u00e9e<\/li>\n<li><strong>Saint-Sulpice-sur-L\u00e8ze :<\/strong> fermeture jusqu\u2019\u00e0 mercredi inclus de deux \u00e9coles : \u00c9cole Louisa Paulin et \u00c9cole Anatole France<\/li>\n<li><strong>Mondonville :<\/strong> fermeture mardi apr\u00e8s-midi<\/li>\n<\/ul>\n<p>Des coll\u00e8ges aussi<\/p>\n<p class=\" wall-content\">Certains coll\u00e8ges du d\u00e9partement commencent \u00e0 annoncer leur fermture :<\/p>\n<ul class=\" wall-content\">\n<li>Coll\u00e8ge Hubertine Auclert de Toulouse : fermeture mardi apr\u00e8s-midi<\/li>\n<li>Coll\u00e8ge de Plaisance-du-Touch : fermeture mardi apr\u00e8s-midi<\/li>\n<\/ul>\n<p>Les communes invitent \u00e0 garder les enfants<\/p>\n<p class=\" wall-content\">Ces derni\u00e8res heures, des mairies ont largement communiqu\u00e9 sur le fait que dans la mesure du possible, il est pr\u00e9f\u00e9rable que les enfants restent \u00e0 la maison :<\/p>\n<p>Vid\u00e9os : en ce moment sur Actu<\/p>\n<p class=\" wall-content\">\u00ab\u00a0En raison de l\u2019alerte orange canicule annonc\u00e9e ce dimanche 29 juin \u00e0 12h00, nous invitons les familles dont les enfants sont scolaris\u00e9s en \u00e9l\u00e9mentaire \u00e0 les garder \u00e0 la maison, si cela est possible, les lundi 30 juin et mardi 1er juillet. L\u2019\u00e9cole restera bien entendu ouverte et continuera d\u2019accueillir les \u00e9l\u00e8ves&rsquo;\u00a0\u00bb a par exemple indiqu\u00e9 la commune de Verfeil d\u00e8s dimanche.<\/p>\n<p>Adapter l\u2019organisation<\/p>\n<p class=\" wall-content\">\u00ab\u00a0Pour les \u00e9coles et \u00e9tablissements scolaires qui accueillent les \u00e9l\u00e8ves la semaine du 30 juin, le minist\u00e8re a rappel\u00e9 aux directeurs d\u2019\u00e9cole et aux chefs d\u2019\u00e9tablissements la n\u00e9cessit\u00e9 d\u2019adapter leur organisation et l\u2019utilisation des lieux en fonction de l\u2019exposition au soleil afin d\u2019accueillir les \u00e9l\u00e8ves dans des espaces pr\u00e9serv\u00e9s de la chaleur. Les activit\u00e9s physiques et les sorties sont r\u00e9duites ou supprim\u00e9es aux heures les plus chaudes. Il est rappel\u00e9 aux parents l\u2019importance d\u2019adapter l\u2019habillement des plus jeunes \u00e9l\u00e8ves et de pr\u00e9voir casquettes et lunettes de soleil\u00a0\u00bb, d\u00e9taille le Rectorat.\u00a0<\/p>\n<p class=\" wall-content\">En fonction de l\u2019\u00e9volution de la situation m\u00e9t\u00e9orologique, notamment en cas de passage en vigilance rouge, les autorit\u00e9s pr\u00e9fectorales pourront d\u00e9cider, si n\u00e9cessaire, de la fermeture temporaire de certains \u00e9tablissements scolaires afin de garantir la s\u00e9curit\u00e9 des \u00e9l\u00e8ves et des personnels.\u00a0<\/p>\n<p class=\" wall-content\">Par ailleurs, des am\u00e9nagements sp\u00e9cifiques du fonctionnement des \u00e9coles et \u00e9tablissements scolaires pourront \u00eatre mis en place en concertation avec les collectivit\u00e9s locales, afin d\u2019adapter au mieux l\u2019accueil des \u00e9l\u00e8ves aux conditions climatiques exceptionnelles. Dans ce cadre, lorsque cela est possible, les parents pourront garder leurs enfants \u00e0 domicile s\u2019ils le souhaitent.\u00a0<\/p>\n<p class=\" wall-content\">Suivez toute l\u2019actualit\u00e9 de vos villes et m\u00e9dias favoris en vous inscrivant \u00e0 <a href=\"https:\/\/moncompte.actu.fr\" title=\"D\u00e9couvez Mon Actu\" rel=\"nofollow noopener\" data-trk=\"{&quot;cta&quot;:{&quot;action&quot;:&quot;https:\\\/\\\/moncompte.actu.fr&quot;,&quot;category&quot;:&quot;mon compte&quot;,&quot;from&quot;:&quot;article footer&quot;,&quot;name&quot;:&quot;Mon actu&quot;,&quot;type&quot;:&quot;cta&quot;}}\" target=\"_blank\">Mon Actu<\/a>.<\/p>\n","protected":false},"excerpt":{"rendered":"Par David Saint-Sernin Publi\u00e9 le 30 juin 2025 \u00e0 15h18 Ce lundi 30 juin 2025, il fait d\u00e9j\u00e0&hellip;\n","protected":false},"author":2,"featured_media":215984,"comment_status":"","ping_status":"","sticky":false,"template":"","format":"standard","meta":{"footnotes":""},"categories":[4],"tags":[11,6698,4019,1011,27,12,25,104],"class_list":{"0":"post-215983","1":"post","2":"type-post","3":"status-publish","4":"format-standard","5":"has-post-thumbnail","7":"category-france","8":"tag-actualites","9":"tag-canicule","10":"tag-ecoles","11":"tag-fr","12":"tag-france","13":"tag-news","14":"tag-republique-francaise","15":"tag-societe"},"share_on_mastodon":{"url":"https:\/\/pubeurope.com\/@fr\/114773073886878952","error":""},"_links":{"self":[{"href":"https:\/\/www.europesays.com\/fr\/wp-json\/wp\/v2\/posts\/215983","targetHints":{"allow":["GET"]}}],"collection":[{"href":"https:\/\/www.europesays.com\/fr\/wp-json\/wp\/v2\/posts"}],"about":[{"href":"https:\/\/www.europesays.com\/fr\/wp-json\/wp\/v2\/types\/post"}],"author":[{"embeddable":true,"href":"https:\/\/www.europesays.com\/fr\/wp-json\/wp\/v2\/users\/2"}],"replies":[{"embeddable":true,"href":"https:\/\/www.europesays.com\/fr\/wp-json\/wp\/v2\/comments?post=215983"}],"version-history":[{"count":0,"href":"https:\/\/www.europesays.com\/fr\/wp-json\/wp\/v2\/posts\/215983\/revisions"}],"wp:featuredmedia":[{"embeddable":true,"href":"https:\/\/www.europesays.com\/fr\/wp-json\/wp\/v2\/media\/215984"}],"wp:attachment":[{"href":"https:\/\/www.europesays.com\/fr\/wp-json\/wp\/v2\/media?parent=215983"}],"wp:term":[{"taxonomy":"category","embeddable":true,"href":"https:\/\/www.europesays.com\/fr\/wp-json\/wp\/v2\/categories?post=215983"},{"taxonomy":"post_tag","embeddable":true,"href":"https:\/\/www.europesays.com\/fr\/wp-json\/wp\/v2\/tags?post=215983"}],"curies":[{"name":"wp","href":"https:\/\/api.w.org\/{rel}","templated":true}]}}