{"id":215985,"date":"2025-06-30T15:41:16","date_gmt":"2025-06-30T15:41:16","guid":{"rendered":"https:\/\/www.europesays.com\/fr\/215985\/"},"modified":"2025-06-30T15:41:16","modified_gmt":"2025-06-30T15:41:16","slug":"la-carte-grise-sur-votre-smartphone-ca-y-est-cest-officiel-maintenant-voici-comment-ca-marche-frandroid","status":"publish","type":"post","link":"https:\/\/www.europesays.com\/fr\/215985\/","title":{"rendered":"La carte grise sur votre smartphone : \u00e7a y est, c&#039;est officiel maintenant, voici comment \u00e7a marche &#8211; Frandroid"},"content":{"rendered":"<ol>\n<li><a href=\"https:\/\/news.google.com\/rss\/articles\/CBMi0wFBVV95cUxQRzZGd3hUdHk4UmwyQVhoaWdweEFaNlpYUHJwbWxRQV9yT0RVenBOX1pMeGRvSlhvWVh4OWdTRkhUVDZkSzBmdWxyaHZEUTVZdFcxajJsQ29WU3dMNTRyeUx0cGdfVGpMX2tpRlE4SUpTcUwtXzFDeEt4ZTBpM2JzUUlGblVKaWNZdTlCYWxFYmNWZkRBSlFTc1M2OE14UmpjbEZ0NUxiMFdMTUFVRmZkRm8xNWRzdE05Qmt5eVpkNTAtRW1aSlgzWXdXLVdfaFJnSWp3?oc=5\" target=\"_blank\" rel=\"noopener\">La carte grise sur votre smartphone : \u00e7a y est, c&rsquo;est officiel maintenant, voici comment \u00e7a marche<\/a>&nbsp;&nbsp;Frandroid<\/li>\n<li><a href=\"https:\/\/news.google.com\/rss\/articles\/CBMimAFBVV95cUxQZDFEby1FZm1MYkp4UG42Ui1NblhfcnJMMHNvT01BTUdKZUV5enEwZE1SeU10WDVYZUhMX1BnNFZ1alhCeDZKSXozQ1pKaTZmdW93ZkN4LWZnX2U4QnFoeVlpSVN4dmN1VUkxRDFmSFFpRnRrUHFIM28wUkttMWdCZm5xb0wtc0Z5Q1BjMHJnekVSVlBVak5NZQ?oc=5\" target=\"_blank\" rel=\"noopener\">C\u2019est quoi la carte grise num\u00e9rique disponible d\u00e8s ce lundi ?<\/a>&nbsp;&nbsp;20 Minutes<\/li>\n<li><a href=\"https:\/\/news.google.com\/rss\/articles\/CBMizwFBVV95cUxNZUU0SW0zXzF5VmRmVkV4QmU5a1BBbEZzd3pWVjVXQmpQdDdyTHk4YmxZZldhRXliaXFCUzFTQklZUG1zN0d2RGpQekNVV3RWZzZTMW82LUFGWFpRMDA1QU5tb1ZQQlc2Q2VYWF9Ub29GeWFWOV9nSVBwemgxTlA5Wk9ncld1YXh0YkUtS09MZC1lOEo1UTdkbjN6ZTJaX2RPZWprV2d0c1N6QkRWV2xRVm8tVl9QMjdTYjBUSy03czY1N2pXTlJfcW9aWmZqVGc?oc=5\" target=\"_blank\" rel=\"noopener\">Carte grise d\u00e9mat\u00e9rialis\u00e9e: voici comment l&rsquo;importer sur votre smartphone<\/a>&nbsp;&nbsp;BFMTV<\/li>\n<li><a href=\"https:\/\/news.google.com\/rss\/articles\/CBMi8AFBVV95cUxPenJnb3MzRENiN0Rfa2dkeDZFTER0Mmd4SzVicHR6V2dmZE53N1B2X2Y2emRGZUw1NFhoN2lRdHpIdlBTY3FoOU1RT05wX1h4MmxuNHBwTDktUU5meW42TFN2NEFsX0Q4dWRBVy0tSXVnbzJNcG5RZFloZUlBb3VsOElwbk1TOHYtdDFkSjgwbjh5Mlh0d0xYcmtoUFhlQjRtY2h2emFnVnRaR3djcE5xQnFadjBrSDRtMFhNV3JoTHVqaW1NckE5S19qR3ZpMTZheDczQlNBaWRaZFJwWXhZazBLaGFoWHZHOEN3MEFJWXo?oc=5\" target=\"_blank\" rel=\"noopener\">La carte grise d\u00e9sormais disponible sur smartphone via l\u2019application France Identit\u00e9<\/a>&nbsp;&nbsp;Le Parisien<\/li>\n<li><a href=\"https:\/\/news.google.com\/rss\/articles\/CBMisAFBVV95cUxPMV85UVYydk1VRk1NT1BLLXYtRTFSV3l0QTkwTy1fOEd2R2QyS0M0VXVUUGx4OUtpM1lhSWRWbWg4X01QUy1lUElIRV9aRWpCVFc0OWZmX1YydUJINXo2LVVIZER4TFFEOW1yY0Vpb2djbkxDMVZqTW8xeFhIZkVldmYwMEdrMS1CNmJoOGpQaFB1THk0dllwUEhhazBOM1licHNqU05RRjlpcm5zQkd5RNIBtgFBVV95cUxQUkIyLTRNRjFwWWl6N2dDRHNJR0t4UTJDanRtckZNczlob1hldkRkdDFKbm9rNlZadzFzMTdVSEQzVUxBNXJxT1Rub1ZxMXFKNGhPVVV5ZkxsTTJnN295d3dUa2NlMDJwd0o5b3VRU0VDc2Rleld2dTAwY2tZeEtObjVldTlnaTZUa2dHNURndW1JcFFUU0JjUTJyVHQzUmdwU05lTXVKdkhqY096Q2ZucXNSZXJNUQ?oc=5\" target=\"_blank\" rel=\"noopener\">Comment obtenir la carte grise num\u00e9rique sur son portable ?<\/a>&nbsp;&nbsp;CNews<\/li>\n<\/ol>\n","protected":false},"excerpt":{"rendered":"La carte grise sur votre smartphone : \u00e7a y est, c&rsquo;est officiel maintenant, voici comment \u00e7a marche&nbsp;&nbsp;Frandroid C\u2019est&hellip;\n","protected":false},"author":2,"featured_media":215986,"comment_status":"","ping_status":"","sticky":false,"template":"","format":"standard","meta":{"footnotes":""},"categories":[2],"tags":[11,270,1011,27,7652,12],"class_list":{"0":"post-215985","1":"post","2":"type-post","3":"status-publish","4":"format-standard","5":"has-post-thumbnail","7":"category-actualites","8":"tag-actualites","9":"tag-breaking","10":"tag-fr","11":"tag-france","12":"tag-france-identite","13":"tag-news"},"share_on_mastodon":{"url":"https:\/\/pubeurope.com\/@fr\/114773077780638879","error":""},"_links":{"self":[{"href":"https:\/\/www.europesays.com\/fr\/wp-json\/wp\/v2\/posts\/215985","targetHints":{"allow":["GET"]}}],"collection":[{"href":"https:\/\/www.europesays.com\/fr\/wp-json\/wp\/v2\/posts"}],"about":[{"href":"https:\/\/www.europesays.com\/fr\/wp-json\/wp\/v2\/types\/post"}],"author":[{"embeddable":true,"href":"https:\/\/www.europesays.com\/fr\/wp-json\/wp\/v2\/users\/2"}],"replies":[{"embeddable":true,"href":"https:\/\/www.europesays.com\/fr\/wp-json\/wp\/v2\/comments?post=215985"}],"version-history":[{"count":0,"href":"https:\/\/www.europesays.com\/fr\/wp-json\/wp\/v2\/posts\/215985\/revisions"}],"wp:featuredmedia":[{"embeddable":true,"href":"https:\/\/www.europesays.com\/fr\/wp-json\/wp\/v2\/media\/215986"}],"wp:attachment":[{"href":"https:\/\/www.europesays.com\/fr\/wp-json\/wp\/v2\/media?parent=215985"}],"wp:term":[{"taxonomy":"category","embeddable":true,"href":"https:\/\/www.europesays.com\/fr\/wp-json\/wp\/v2\/categories?post=215985"},{"taxonomy":"post_tag","embeddable":true,"href":"https:\/\/www.europesays.com\/fr\/wp-json\/wp\/v2\/tags?post=215985"}],"curies":[{"name":"wp","href":"https:\/\/api.w.org\/{rel}","templated":true}]}}