{"id":215987,"date":"2025-06-30T15:42:11","date_gmt":"2025-06-30T15:42:11","guid":{"rendered":"https:\/\/www.europesays.com\/fr\/215987\/"},"modified":"2025-06-30T15:42:11","modified_gmt":"2025-06-30T15:42:11","slug":"il-est-condamne-a-6-mois-de-prison-ferme","status":"publish","type":"post","link":"https:\/\/www.europesays.com\/fr\/215987\/","title":{"rendered":"il est condamn\u00e9 \u00e0 6 mois de prison ferme"},"content":{"rendered":"<p>Une patrouille du commissariat de l\u2019Ondaine est intervenue pour une tentative de vol dans une b\u00e2tisse de la rue de la Tardive mercredi 25\u00a0juin \u00e0 midi.<\/p>\n<p>\u00c0 l\u2019arriv\u00e9e des policiers, un individu se cachait dans le grenier. Il a \u00e9t\u00e9 interpell\u00e9 et n\u2019a pas fourni d\u2019explications claires concernant sa pr\u00e9sence\u2026 Souhaitait-il se mettre au frais\u00a0? Peut-\u00eatre.<\/p>\n<p>  Jug\u00e9 en comparution imm\u00e9diate<\/p>\n<p>La veille, un climatiseur a \u00e9t\u00e9 vol\u00e9 dans le m\u00eame grenier. Sur les images de vid\u00e9osurveillance fournies par les habitants, le mis en cause ressemblait au suspect de 45 ans d\u00e9couvert sous le toit.<\/p>\n<p>L\u2019individu a reconnu sa pr\u00e9sence, l\u00e0 encore sans l\u2019expliquer. Il a \u00e9t\u00e9 d\u00e9f\u00e9r\u00e9 devant le parquet jeudi 26\u00a0juin, \u00e0 9 heures, et pr\u00e9sent\u00e9 au tribunal correctionnel en comparution imm\u00e9diate.<\/p>\n<p>Jug\u00e9, il a \u00e9t\u00e9 condamn\u00e9 \u00e0 six mois d\u2019emprisonnement avec mandat de d\u00e9p\u00f4t, puis plac\u00e9 en maison d\u2019arr\u00eat.<\/p>\n<p class=\"note\">Conform\u00e9ment \u00e0 notre charte (<a href=\"https:\/\/www.leprogres.fr\/societe\/2023\/02\/09\/faits-divers-et-justice-notre-charte-editoriale\" target=\"_blank\" rel=\"nofollow noopener\">consultable sur www.leprogres.fr<\/a>), nous citons l\u2019identit\u00e9 d\u2019une personne condamn\u00e9e \u00e0 au moins un an de prison ferme avec mandat de d\u00e9p\u00f4t ou \u00e0 au moins deux ans de prison ferme ou avec sursis.<\/p>\n","protected":false},"excerpt":{"rendered":"Une patrouille du commissariat de l\u2019Ondaine est intervenue pour une tentative de vol dans une b\u00e2tisse de la&hellip;\n","protected":false},"author":2,"featured_media":215988,"comment_status":"","ping_status":"","sticky":false,"template":"","format":"standard","meta":{"footnotes":""},"categories":[9653],"tags":[1111,11,2430,271,272,7539,1777,674,274,10282,10283,1011,27,3367,12,25,4001],"class_list":{"0":"post-215987","1":"post","2":"type-post","3":"status-publish","4":"format-standard","5":"has-post-thumbnail","7":"category-saint-etienne","8":"tag-actu","9":"tag-actualites","10":"tag-auvergne-rhone-alpes","11":"tag-crime","12":"tag-delit-et-contravention","13":"tag-edition-loire-sud","14":"tag-eu","15":"tag-europe","16":"tag-faits-divers-justice","17":"tag-firminy","18":"tag-firminy-ville","19":"tag-fr","20":"tag-france","21":"tag-loire","22":"tag-news","23":"tag-republique-francaise","24":"tag-saint-etienne"},"share_on_mastodon":{"url":"https:\/\/pubeurope.com\/@fr\/114773081746700329","error":""},"_links":{"self":[{"href":"https:\/\/www.europesays.com\/fr\/wp-json\/wp\/v2\/posts\/215987","targetHints":{"allow":["GET"]}}],"collection":[{"href":"https:\/\/www.europesays.com\/fr\/wp-json\/wp\/v2\/posts"}],"about":[{"href":"https:\/\/www.europesays.com\/fr\/wp-json\/wp\/v2\/types\/post"}],"author":[{"embeddable":true,"href":"https:\/\/www.europesays.com\/fr\/wp-json\/wp\/v2\/users\/2"}],"replies":[{"embeddable":true,"href":"https:\/\/www.europesays.com\/fr\/wp-json\/wp\/v2\/comments?post=215987"}],"version-history":[{"count":0,"href":"https:\/\/www.europesays.com\/fr\/wp-json\/wp\/v2\/posts\/215987\/revisions"}],"wp:featuredmedia":[{"embeddable":true,"href":"https:\/\/www.europesays.com\/fr\/wp-json\/wp\/v2\/media\/215988"}],"wp:attachment":[{"href":"https:\/\/www.europesays.com\/fr\/wp-json\/wp\/v2\/media?parent=215987"}],"wp:term":[{"taxonomy":"category","embeddable":true,"href":"https:\/\/www.europesays.com\/fr\/wp-json\/wp\/v2\/categories?post=215987"},{"taxonomy":"post_tag","embeddable":true,"href":"https:\/\/www.europesays.com\/fr\/wp-json\/wp\/v2\/tags?post=215987"}],"curies":[{"name":"wp","href":"https:\/\/api.w.org\/{rel}","templated":true}]}}