{"id":216002,"date":"2025-06-30T15:50:11","date_gmt":"2025-06-30T15:50:11","guid":{"rendered":"https:\/\/www.europesays.com\/fr\/216002\/"},"modified":"2025-06-30T15:50:11","modified_gmt":"2025-06-30T15:50:11","slug":"a-rouen-une-ligne-de-teor-bientot-transformee-en-tramway-les-precisions-et-le-calendrier","status":"publish","type":"post","link":"https:\/\/www.europesays.com\/fr\/216002\/","title":{"rendered":"\u00c0 Rouen, une ligne de TEOR bient\u00f4t transform\u00e9e en tramway ? Les pr\u00e9cisions et le calendrier"},"content":{"rendered":"<p>            Par<br \/>\n        <strong><br \/>\n            <a href=\"https:\/\/actu.fr\/auteur\/thomas-rideau\" title=\"Consulter tous les articles de Thomas Rideau\" target=\"_blank\" rel=\"noopener\">Thomas Rideau<\/a><br \/>\n        <\/strong><\/p>\n<p>        Publi\u00e9 le<\/p>\n<p>            30 juin 2025 \u00e0 17h42        <\/p>\n<p>\u00ab\u2009Il y aura un avant et un apr\u00e8s\u2009\u00bb le conseil de la M\u00e9tropole de <a href=\"https:\/\/actu.fr\/normandie\/rouen_76540\" target=\"_blank\" rel=\"noopener\">Rouen (Seine-Maritime)<\/a> de ce lundi 30\u00a0juin 2025 a assur\u00e9 le pr\u00e9sident, <strong>Nicolas Mayer-Rossignol<\/strong>. Ce qui certain, c\u2019est que de nombreux projets d\u2019envergures vont \u00eatre d\u00e9battus.<br \/>Il va notamment \u00eatre question du <a href=\"https:\/\/actu.fr\/normandie\/rouen_76540\/info-76actu-qui-sera-le-prochain-gestionnaire-du-reseau-astuce-a-rouen-un-favori-se-dessine-avant-le-vote_62763399.html\" target=\"_blank\" rel=\"noopener\">renouvellement du d\u00e9l\u00e9gataire Transdev<\/a> pour les transports en commun, ou encore <a href=\"https:\/\/actu.fr\/normandie\/rouen_76540\/exclu-les-transports-en-commun-de-rouen-bientot-gratuits-pour-les-moins-de-18-ans-on-vous-explique-tout_62787879.html\" target=\"_blank\" rel=\"noopener\">la gratuit\u00e9 de ces derniers<\/a> pour les moins de 18\u00a0ans. Il va aussi \u00eatre question de <a href=\"https:\/\/actu.fr\/normandie\/rouen_76540\/hockey-la-metropole-de-rouen-annonce-un-projet-de-construction-d-une-nouvelle-grande-patinoire_62812699.html\" target=\"_blank\" rel=\"noopener\">la nouvelle patinoire des dragons<\/a> et du <a href=\"https:\/\/actu.fr\/normandie\/rouen_76540\/un-passage-en-force-avant-le-vote-la-majorite-se-dechire-sur-la-question-du-futur-stade-a-rouen_62833638.html\" target=\"_blank\" rel=\"noopener\">futur stade de la M\u00e9tropole<\/a>.<\/p>\n<p>Le T2 bient\u00f4t transform\u00e9 en tramway\u2009?<\/p>\n<p class=\" wall-content\">\u00ab\u2009Le dialogue va \u00eatre ouvert\u2009\u00bb sur un autre sujet d\u2019importance\u2009: une nouvelle ligne de tramway. Une tramification. Comme nous l\u2019avait annonc\u00e9 Cyrille Moreau, le vice-pr\u00e9sident aux transports, la M\u00e9tropole tente de <a href=\"https:\/\/actu.fr\/normandie\/rouen_76540\/gratuite-des-bus-pour-les-moins-de-18-ans-a-rouen-aucune-taxe-ne-sera-creee_62790634.html\" target=\"_blank\" rel=\"noopener\">d\u00e9velopper l\u2019offre des transports<\/a> tout en d\u00e9veloppant la gratuit\u00e9.<\/p>\n<p class=\" wall-content\">Dans le d\u00e9tail\u2009: il s\u2019agirait de transformer le T2 en partie en tramway. \u00ab\u2009Cette nouvelle ligne s\u2019\u00e9tendrait<strong> de la Demi-Lune, \u00e0 Maromme, jusqu\u2019\u00e0 la place du Boulingrin<\/strong>\u2009\u00bb, pr\u00e9cise la M\u00e9tropole. La partie ouest du T2 sera donc \u00ab\u2009tramifi\u00e9e\u2009\u00bb, ainsi que le tron\u00e7on commun qui traverse tout le centre-ville, rive-droite, en formant donc un \u00ab\u2009x\u2009\u00bb avec la premi\u00e8re ligne de tramway en se croisant <strong>au niveau du Th\u00e9\u00e2tre des Arts<\/strong>.<\/p>\n<blockquote class=\"ac-article-quote wall-content\">\n<p>Une nouvelle ligne de tramway apporterait des capacit\u00e9s suppl\u00e9mentaires en termes de nombre de voyageurs transport\u00e9s sur le tronc commun et dans la vall\u00e9e du Cailly.<\/p>\n<p>    <strong>La M\u00e9tropole de Rouen<\/strong>\n            <\/p><\/blockquote>\n<p class=\" wall-content\">Mais, il va falloir s\u2019armer de patience. D\u00e9j\u00e0 parce qu\u2019il ne s\u2019agit que d\u2019un \u00ab\u2009dialogue\u2009\u00bb mais aussi parce qu\u2019une \u00e9ventuelle mise en service de cette nouvelle ligne est pr\u00e9vue pour 2036. Les montants pr\u00e9vus pour un tel projet vont de<strong> 500\u00a0millions d\u2019euros \u00e0 550\u00a0millions d\u2019euros<\/strong>. En plus de la ligne, ces sommes prennent en compte \u00ab\u2009la r\u00e9alisation d\u2019un nouveau d\u00e9p\u00f4t de tramway, l\u2019acquisition des rames de tramway et la requalification urbaine de fa\u00e7ade \u00e0 fa\u00e7ade sur tout le lin\u00e9aire\u2009\u00bb, pr\u00e9cise la M\u00e9tropole.<\/p>\n<p>Mais d\u2019abord\u2009: le renforcement de la F1<\/p>\n<p class=\" wall-content\">Ce projet de nouvelle ligne de tramway s\u2019inscrit dans un large plan de mobilit\u00e9 dans lequel se trouvent d\u2019autres investissements d\u2019envergures. Comme \u00e0 court terme, le renforcement de <strong>la ligne F1<\/strong> (de Diochon \u00e0 Isneauville) et \u00e0 long terme, la mise en place d\u2019une desserte, en tramway, pour la <strong>nouvelle gare rive-gauche<\/strong>.<\/p>\n<p>Suivez l\u2019actualit\u00e9 de Rouen <a href=\"https:\/\/www.whatsapp.com\/channel\/0029VaKfnf99hXF2ddApFB1D\" target=\"_blank\" rel=\"noopener\">sur notre cha\u00eene WhatsApp<\/a> et <a href=\"https:\/\/www.tiktok.com\/@76actu.fr?lang=fr\" target=\"_blank\" rel=\"noopener\">sur notre compte TikTok<\/a><\/p>\n<p class=\" wall-content\">Suivez toute l\u2019actualit\u00e9 de vos villes et m\u00e9dias favoris en vous inscrivant \u00e0 <a href=\"https:\/\/moncompte.actu.fr\" title=\"D\u00e9couvez Mon Actu\" rel=\"nofollow noopener\" data-trk=\"{&quot;cta&quot;:{&quot;action&quot;:&quot;https:\\\/\\\/moncompte.actu.fr&quot;,&quot;category&quot;:&quot;mon compte&quot;,&quot;from&quot;:&quot;article footer&quot;,&quot;name&quot;:&quot;Mon actu&quot;,&quot;type&quot;:&quot;cta&quot;}}\" target=\"_blank\">Mon Actu<\/a>.<\/p>\n<ul class=\"ac-article-tag wall-content\">\n<li><a href=\"https:\/\/actu.fr\/tag\/metropole-rouen\" data-trk=\"{&quot;cta&quot;:{&quot;action&quot;:&quot;M\\u00e9tropole Rouen&quot;,&quot;category&quot;:&quot;tag&quot;,&quot;from&quot;:&quot;article footer&quot;,&quot;name&quot;:&quot;M\\u00e9tropole Rouen&quot;,&quot;type&quot;:&quot;cta&quot;}}\" target=\"_blank\" rel=\"noopener\">#M\u00e9tropole Rouen<\/a><\/li>\n<li><a href=\"https:\/\/actu.fr\/tag\/reseau-astuce-tcar\" data-trk=\"{&quot;cta&quot;:{&quot;action&quot;:&quot;R\\u00e9seau Astuce-TCAR&quot;,&quot;category&quot;:&quot;tag&quot;,&quot;from&quot;:&quot;article footer&quot;,&quot;name&quot;:&quot;R\\u00e9seau Astuce-TCAR&quot;,&quot;type&quot;:&quot;cta&quot;}}\" target=\"_blank\" rel=\"noopener\">#R\u00e9seau Astuce-TCAR<\/a><\/li>\n<\/ul>\n<p>                    <script async src=\"\/\/www.tiktok.com\/embed.js\"><\/script><\/p>\n","protected":false},"excerpt":{"rendered":"Par Thomas Rideau Publi\u00e9 le 30 juin 2025 \u00e0 17h42 \u00ab\u2009Il y aura un avant et un apr\u00e8s\u2009\u00bb&hellip;\n","protected":false},"author":2,"featured_media":216003,"comment_status":"","ping_status":"","sticky":false,"template":"","format":"standard","meta":{"footnotes":""},"categories":[9587],"tags":[1111,11,1777,674,1011,27,9725,12,5161,25,9726,9590,104],"class_list":{"0":"post-216002","1":"post","2":"type-post","3":"status-publish","4":"format-standard","5":"has-post-thumbnail","7":"category-rouen","8":"tag-actu","9":"tag-actualites","10":"tag-eu","11":"tag-europe","12":"tag-fr","13":"tag-france","14":"tag-metropole-rouen","15":"tag-news","16":"tag-normandie","17":"tag-republique-francaise","18":"tag-reseau-astuce-tcar","19":"tag-rouen","20":"tag-societe"},"share_on_mastodon":{"url":"https:\/\/pubeurope.com\/@fr\/114773113202814622","error":""},"_links":{"self":[{"href":"https:\/\/www.europesays.com\/fr\/wp-json\/wp\/v2\/posts\/216002","targetHints":{"allow":["GET"]}}],"collection":[{"href":"https:\/\/www.europesays.com\/fr\/wp-json\/wp\/v2\/posts"}],"about":[{"href":"https:\/\/www.europesays.com\/fr\/wp-json\/wp\/v2\/types\/post"}],"author":[{"embeddable":true,"href":"https:\/\/www.europesays.com\/fr\/wp-json\/wp\/v2\/users\/2"}],"replies":[{"embeddable":true,"href":"https:\/\/www.europesays.com\/fr\/wp-json\/wp\/v2\/comments?post=216002"}],"version-history":[{"count":0,"href":"https:\/\/www.europesays.com\/fr\/wp-json\/wp\/v2\/posts\/216002\/revisions"}],"wp:featuredmedia":[{"embeddable":true,"href":"https:\/\/www.europesays.com\/fr\/wp-json\/wp\/v2\/media\/216003"}],"wp:attachment":[{"href":"https:\/\/www.europesays.com\/fr\/wp-json\/wp\/v2\/media?parent=216002"}],"wp:term":[{"taxonomy":"category","embeddable":true,"href":"https:\/\/www.europesays.com\/fr\/wp-json\/wp\/v2\/categories?post=216002"},{"taxonomy":"post_tag","embeddable":true,"href":"https:\/\/www.europesays.com\/fr\/wp-json\/wp\/v2\/tags?post=216002"}],"curies":[{"name":"wp","href":"https:\/\/api.w.org\/{rel}","templated":true}]}}