{"id":216006,"date":"2025-06-30T15:52:10","date_gmt":"2025-06-30T15:52:10","guid":{"rendered":"https:\/\/www.europesays.com\/fr\/216006\/"},"modified":"2025-06-30T15:52:10","modified_gmt":"2025-06-30T15:52:10","slug":"grenoble-eric-piolle-et-elisa-martin-accuses-de-combine-financiere-lenquete-continue","status":"publish","type":"post","link":"https:\/\/www.europesays.com\/fr\/216006\/","title":{"rendered":"Grenoble. \u00c9ric Piolle et \u00c9lisa Martin accus\u00e9s de \u00ab\u00a0combine\u00a0\u00bb financi\u00e8re : l&rsquo;enqu\u00eate continue"},"content":{"rendered":"<p>            Par<br \/>\n        <strong><br \/>\n            <a href=\"https:\/\/actu.fr\/auteur\/lisa-rodrigues\" title=\"Consulter tous les articles de Lisa Rodrigues\" rel=\"nofollow noopener\" target=\"_blank\">Lisa Rodrigues<\/a><br \/>\n        <\/strong><\/p>\n<p>        Publi\u00e9 le<\/p>\n<p>            30 juin 2025 \u00e0 17h32        <\/p>\n<p>Le dossier suivait son cours depuis un an. Il y a quelques jours, le procureur de la R\u00e9publique de Grenoble, \u00c9tienne Manteaux, a annonc\u00e9 que \u00ab\u00a0l\u2019enqu\u00eate pr\u00e9liminaire initialement ouverte au parquet mettant en cause Monsieur <a href=\"https:\/\/actu.fr\/tag\/eric-piolle\" rel=\"nofollow noopener\" target=\"_blank\">\u00c9ric Piolle<\/a> et Madame <strong>\u00c9lisa Martin<\/strong>, a \u00e9t\u00e9 d\u00e9localis\u00e9e par le parquet g\u00e9n\u00e9ral le 24 mars 2025 au profit du parquet de Valence\u00a0\u00bb dans la Dr\u00f4me.<\/p>\n<p class=\" wall-content\">Cette enqu\u00eate, ouverte en 2024 pour <strong>concussion et recel<\/strong>, concerne une potentielle \u00ab\u00a0combine\u00a0\u00bb financi\u00e8re \u00e0 la mairie de <a href=\"https:\/\/actu.fr\/grenoble\/\" rel=\"nofollow noopener\" target=\"_blank\">Grenoble<\/a>, entre l\u2019\u00e9dile \u00e9cologiste et celle qui \u00e9tait l\u2019une de ses adjointes. Ce d\u00e9lit est puni d\u2019une peine de cinq ans d\u2019emprisonnement et 500 000 \u20ac d\u2019amende.<\/p>\n<p>16 800 euros auraient \u00e9t\u00e9 vers\u00e9s en liquide<\/p>\n<p class=\" wall-content\">L\u2019affaire a \u00e9clat\u00e9 en juin 2024, \u00e0 la suite d\u2019un article du <a href=\"https:\/\/www.lecanardenchaine.fr\/\" rel=\"nofollow noopener\" target=\"_blank\">Canard Encha\u00een\u00e9<\/a>. Un ex-conseiller sp\u00e9cial du maire \u2013 qui ne serait pas parti en bons termes avec son ancien employeur \u2013 affirmait \u00e0 nos confr\u00e8res qu\u2019une partie de son augmentation de salaire de 600 euros \u00e9tait <strong>vers\u00e9e en liquide et sans d\u00e9claration au fisc<\/strong> \u00e0 \u00c9lisa Martin, aujourd\u2019hui d\u00e9put\u00e9e LFI de la 3e circonscription de l\u2019Is\u00e8re.<\/p>\n<p class=\" wall-content\">Le man\u00e8ge aurait dur\u00e9 de nombreux mois et permis \u00e0 l\u2019\u00e9lue de recevoir la somme totale de 16 800 euros en liquide.<\/p>\n<p>\u00ab\u00a0Un justiciable comme les autres\u00a0\u00bb<\/p>\n<p class=\" wall-content\">Interrog\u00e9 \u00e0 ce sujet <a href=\"https:\/\/actu.fr\/auvergne-rhone-alpes\/grenoble_38185\/grenoble-eric-piolle-dit-ce-qu-il-pense-de-melenchon-et-hollande-pour-la-presidentielle-2027_62811498.html\" rel=\"nofollow noopener\" target=\"_blank\">\u00e0 la mi-juin<\/a> par la r\u00e9daction d\u2019actu Grenoble, \u00c9ric Piolle a indiqu\u00e9 ne \u00ab\u00a0pas [avoir eu] de nouvelles depuis bient\u00f4t 7-8 mois\u00a0\u00bb sur ce dossier.<\/p>\n<p>Vid\u00e9os : en ce moment sur Actu<\/p>\n<blockquote class=\"ac-article-quote wall-content\">\n<p>La justice fait son travail. J&rsquo;ai toujours dit que j&rsquo;\u00e9tais un justiciable comme les autres. Et \u00e7a n&rsquo;a pas terni mon image. \u00c9lisa Martin a \u00e9t\u00e9 la d\u00e9put\u00e9e la mieux r\u00e9\u00e9lue de toute l&rsquo;Is\u00e8re. Dans la population, personne ne m&rsquo;en parle.<\/p>\n<p>    <strong>\u00c9ric Piolle, maire de Grenoble<\/strong>\n            <\/p><\/blockquote>\n<p class=\" wall-content\">Selon <a href=\"https:\/\/c.ledauphine.com\/faits-divers-justice\/2025\/06\/27\/affaire-piolle-martin-l-enquete-delocalisee-a-valence\" rel=\"nofollow noopener\" target=\"_blank\">Le Dauphin\u00e9 Lib\u00e9r\u00e9<\/a>, ni le maire \u00e9cologiste ni l\u2019\u00e9lue LFI n\u2019auraient encore \u00e9t\u00e9 auditionn\u00e9s par la justice dans le cadre de ce dossier. Charge d\u00e9sormais au parquet de Valence de diriger l\u2019enqu\u00eate.<\/p>\n<p class=\" wall-content\">Suivez toute l\u2019actualit\u00e9 de vos villes et m\u00e9dias favoris en vous inscrivant \u00e0 <a href=\"https:\/\/moncompte.actu.fr\" title=\"D\u00e9couvez Mon Actu\" rel=\"nofollow noopener\" data-trk=\"{&quot;cta&quot;:{&quot;action&quot;:&quot;https:\\\/\\\/moncompte.actu.fr&quot;,&quot;category&quot;:&quot;mon compte&quot;,&quot;from&quot;:&quot;article footer&quot;,&quot;name&quot;:&quot;Mon actu&quot;,&quot;type&quot;:&quot;cta&quot;}}\" target=\"_blank\">Mon Actu<\/a>.<\/p>\n","protected":false},"excerpt":{"rendered":"Par Lisa Rodrigues Publi\u00e9 le 30 juin 2025 \u00e0 17h32 Le dossier suivait son cours depuis un an.&hellip;\n","protected":false},"author":2,"featured_media":216007,"comment_status":"","ping_status":"","sticky":false,"template":"","format":"standard","meta":{"footnotes":""},"categories":[9566],"tags":[1111,11,2430,9607,1777,674,1011,27,2731,303,12,316,25],"class_list":{"0":"post-216006","1":"post","2":"type-post","3":"status-publish","4":"format-standard","5":"has-post-thumbnail","7":"category-grenoble","8":"tag-actu","9":"tag-actualites","10":"tag-auvergne-rhone-alpes","11":"tag-eric-piolle","12":"tag-eu","13":"tag-europe","14":"tag-fr","15":"tag-france","16":"tag-grenoble","17":"tag-justice","18":"tag-news","19":"tag-politique","20":"tag-republique-francaise"},"share_on_mastodon":{"url":"https:\/\/pubeurope.com\/@fr\/114773121244127688","error":""},"_links":{"self":[{"href":"https:\/\/www.europesays.com\/fr\/wp-json\/wp\/v2\/posts\/216006","targetHints":{"allow":["GET"]}}],"collection":[{"href":"https:\/\/www.europesays.com\/fr\/wp-json\/wp\/v2\/posts"}],"about":[{"href":"https:\/\/www.europesays.com\/fr\/wp-json\/wp\/v2\/types\/post"}],"author":[{"embeddable":true,"href":"https:\/\/www.europesays.com\/fr\/wp-json\/wp\/v2\/users\/2"}],"replies":[{"embeddable":true,"href":"https:\/\/www.europesays.com\/fr\/wp-json\/wp\/v2\/comments?post=216006"}],"version-history":[{"count":0,"href":"https:\/\/www.europesays.com\/fr\/wp-json\/wp\/v2\/posts\/216006\/revisions"}],"wp:featuredmedia":[{"embeddable":true,"href":"https:\/\/www.europesays.com\/fr\/wp-json\/wp\/v2\/media\/216007"}],"wp:attachment":[{"href":"https:\/\/www.europesays.com\/fr\/wp-json\/wp\/v2\/media?parent=216006"}],"wp:term":[{"taxonomy":"category","embeddable":true,"href":"https:\/\/www.europesays.com\/fr\/wp-json\/wp\/v2\/categories?post=216006"},{"taxonomy":"post_tag","embeddable":true,"href":"https:\/\/www.europesays.com\/fr\/wp-json\/wp\/v2\/tags?post=216006"}],"curies":[{"name":"wp","href":"https:\/\/api.w.org\/{rel}","templated":true}]}}