{"id":216008,"date":"2025-06-30T15:53:16","date_gmt":"2025-06-30T15:53:16","guid":{"rendered":"https:\/\/www.europesays.com\/fr\/216008\/"},"modified":"2025-06-30T15:53:16","modified_gmt":"2025-06-30T15:53:16","slug":"grenoble-un-concert-dans-la-cour-du-musee-de-la-resistance-et-de-la-deportation-le-4-juillet","status":"publish","type":"post","link":"https:\/\/www.europesays.com\/fr\/216008\/","title":{"rendered":"Grenoble. Un concert dans la cour du mus\u00e9e de la R\u00e9sistance et de la D\u00e9portation le 4\u00a0juillet"},"content":{"rendered":"<p>L\u2019ensemble Epsilon est cr\u00e9\u00e9 en 1986, suite \u00e0 la rencontre de musiciens dipl\u00f4m\u00e9s du Conservatoire national de musique et de danse de Paris. Rapidement parrain\u00e9 par le trompettiste Maurice Andr\u00e9, le quatuor encha\u00eene les tourn\u00e9es \u00e0 l\u2019international. En 1993, l\u2019ensemble obtient un prix au Concours international de musique de chambre d\u2019Osaka (Japon). Son r\u00e9pertoire \u00e9clectique englobe les styles les plus divers\u00a0: baroque, classique, romantique et contemporain mais aussi jazz ou musiques traditionnelles. Les r\u00e9citals sont de v\u00e9ritables spectacles musicaux. Sans cesse \u00e0 la recherche de nouvelles rencontres, les musiciens de l\u2019ensemble s\u2019investissent aupr\u00e8s des jeunes g\u00e9n\u00e9rations en organisant de nombreuses masterclasses et pr\u00e9sentations d\u2019instruments. L\u2019ensemble Epsilon f\u00eatera en 2026 ses 40 ans d\u2019une exceptionnelle, riche et intense carri\u00e8re.<\/p>\n<p class=\"note\">Vendredi 4\u00a0juillet de 18\u00a0h\u00a030 \u00e0 19\u00a0h\u00a030 au mus\u00e9e de la R\u00e9sistance et de la D\u00e9portation de l\u2019Is\u00e8re \u00e0 Grenoble. Gratuit.<\/p>\n","protected":false},"excerpt":{"rendered":"L\u2019ensemble Epsilon est cr\u00e9\u00e9 en 1986, suite \u00e0 la rencontre de musiciens dipl\u00f4m\u00e9s du Conservatoire national de musique&hellip;\n","protected":false},"author":2,"featured_media":216009,"comment_status":"","ping_status":"","sticky":false,"template":"","format":"standard","meta":{"footnotes":""},"categories":[9566],"tags":[1111,11,2430,1687,112,1777,674,1011,27,2731,2732,108,12,25,3140],"class_list":{"0":"post-216008","1":"post","2":"type-post","3":"status-publish","4":"format-standard","5":"has-post-thumbnail","7":"category-grenoble","8":"tag-actu","9":"tag-actualites","10":"tag-auvergne-rhone-alpes","11":"tag-culture-loisirs","12":"tag-edition-grenoble-agglomeration","13":"tag-eu","14":"tag-europe","15":"tag-fr","16":"tag-france","17":"tag-grenoble","18":"tag-grenoble-bassin","19":"tag-isere","20":"tag-news","21":"tag-republique-francaise","22":"tag-spectacle"},"share_on_mastodon":{"url":"https:\/\/pubeurope.com\/@fr\/114773125018693829","error":""},"_links":{"self":[{"href":"https:\/\/www.europesays.com\/fr\/wp-json\/wp\/v2\/posts\/216008","targetHints":{"allow":["GET"]}}],"collection":[{"href":"https:\/\/www.europesays.com\/fr\/wp-json\/wp\/v2\/posts"}],"about":[{"href":"https:\/\/www.europesays.com\/fr\/wp-json\/wp\/v2\/types\/post"}],"author":[{"embeddable":true,"href":"https:\/\/www.europesays.com\/fr\/wp-json\/wp\/v2\/users\/2"}],"replies":[{"embeddable":true,"href":"https:\/\/www.europesays.com\/fr\/wp-json\/wp\/v2\/comments?post=216008"}],"version-history":[{"count":0,"href":"https:\/\/www.europesays.com\/fr\/wp-json\/wp\/v2\/posts\/216008\/revisions"}],"wp:featuredmedia":[{"embeddable":true,"href":"https:\/\/www.europesays.com\/fr\/wp-json\/wp\/v2\/media\/216009"}],"wp:attachment":[{"href":"https:\/\/www.europesays.com\/fr\/wp-json\/wp\/v2\/media?parent=216008"}],"wp:term":[{"taxonomy":"category","embeddable":true,"href":"https:\/\/www.europesays.com\/fr\/wp-json\/wp\/v2\/categories?post=216008"},{"taxonomy":"post_tag","embeddable":true,"href":"https:\/\/www.europesays.com\/fr\/wp-json\/wp\/v2\/tags?post=216008"}],"curies":[{"name":"wp","href":"https:\/\/api.w.org\/{rel}","templated":true}]}}