{"id":216020,"date":"2025-06-30T15:59:11","date_gmt":"2025-06-30T15:59:11","guid":{"rendered":"https:\/\/www.europesays.com\/fr\/216020\/"},"modified":"2025-06-30T15:59:11","modified_gmt":"2025-06-30T15:59:11","slug":"nice-christian-estrosi-sa-femme-et-delphine-ernotte-places-en-garde-a-vue","status":"publish","type":"post","link":"https:\/\/www.europesays.com\/fr\/216020\/","title":{"rendered":"Nice\u00a0: Christian Estrosi, sa femme et Delphine Ernotte plac\u00e9s en garde \u00e0 vue"},"content":{"rendered":"<p>Coup de froid sur la promenade des Anglais. Le maire de Nice, Christian Estrosi, sa femme Laura Tenoudji-Estrosi et Delphine Ernotte, la pr\u00e9sidente <a href=\"https:\/\/www.humanite.fr\/medias\/assemblee-nationale\/audiovisuel-public-la-loi-dati-va-t-elle-ressusciter-lortf\" target=\"_blank\" rel=\"noopener\">de France T\u00e9l\u00e9visons<\/a> ont \u00e9t\u00e9 plac\u00e9s en garde \u00e0 vue, lundi 30\u00a0juin. dans le cadre d\u2019une enqu\u00eate sur l\u2019organisation d\u2019\u00e9v\u00e9nements \u00e0 Nice, a appris l\u2019AFP aupr\u00e8s d\u2019une source proche du dossier.<\/p>\n<p>Une dizaine de personnes au total \u00e9taient convoqu\u00e9es lundi dans le cadre d\u2019enqu\u00eates, initialement ouvertes \u00e0 Nice puis transf\u00e9r\u00e9es \u00e0 la juridiction interr\u00e9gionale sp\u00e9cialis\u00e9e (Jirs) de Marseille, sur l\u2019organisation \u00e0 Nice en 2023 du concours de chant Eurovision Junior, organis\u00e9 et retransmis par France T\u00e9l\u00e9visions, et d\u2019un autre \u00e9v\u00e9nement, le Nice Climate Summit, organis\u00e9 en 2023 par le m\u00e9dia \u00e9conomique La Tribune, avait affirm\u00e9 la semaine derni\u00e8re \u00e0 l\u2019AFP une autre source proche<br \/>confirmant une information de Mediapart. Le pr\u00e9sident de la Tribune Jean-Christophe Tortora \u00e9tait \u00e9galement convoqu\u00e9 lundi.<\/p>\n<p>Plus d\u2019informations \u00e0 suivre\u2026<\/p>\n<p>Avant de partir, une derni\u00e8re chose\u2026<\/p>\n<p>Contrairement \u00e0 90% des m\u00e9dias fran\u00e7ais aujourd\u2019hui, <strong>l\u2019Humanit\u00e9 ne d\u00e9pend ni de grands groupes ni de milliardaires<\/strong>. Cela signifie que : <\/p>\n<ul class=\"wp-block-list\">\n<li>nous vous apportons des informations impartiales, sans compromis. Mais aussi que <\/li>\n<li>nous n\u2019avons pas les moyens financiers dont b\u00e9n\u00e9ficient les autres m\u00e9dias.<\/li>\n<\/ul>\n<p><strong>L\u2019information ind\u00e9pendante et de qualit\u00e9 a un co\u00fbt<\/strong>. Payez-le.<br \/><a href=\"https:\/\/stage.preprod.humanite.fr\/lhumanite-cest-vous\" data-type=\"link\" data-id=\"https:\/\/stage.preprod.humanite.fr\/lhumanite-cest-vous\" target=\"_blank\" rel=\"noopener\">Je veux en savoir plus<\/a><\/p>\n","protected":false},"excerpt":{"rendered":"Coup de froid sur la promenade des Anglais. Le maire de Nice, Christian Estrosi, sa femme Laura Tenoudji-Estrosi&hellip;\n","protected":false},"author":2,"featured_media":216021,"comment_status":"","ping_status":"","sticky":false,"template":"","format":"standard","meta":{"footnotes":""},"categories":[2819],"tags":[1111,11,2397,11255,1777,674,1011,27,12,2401,882,25],"class_list":{"0":"post-216020","1":"post","2":"type-post","3":"status-publish","4":"format-standard","5":"has-post-thumbnail","7":"category-nice","8":"tag-actu","9":"tag-actualites","10":"tag-christian-estrosi","11":"tag-delphine-ernotte","12":"tag-eu","13":"tag-europe","14":"tag-fr","15":"tag-france","16":"tag-news","17":"tag-nice","18":"tag-provence-alpes-cote-dazur","19":"tag-republique-francaise"},"share_on_mastodon":{"url":"https:\/\/pubeurope.com\/@fr\/114773148524935197","error":""},"_links":{"self":[{"href":"https:\/\/www.europesays.com\/fr\/wp-json\/wp\/v2\/posts\/216020","targetHints":{"allow":["GET"]}}],"collection":[{"href":"https:\/\/www.europesays.com\/fr\/wp-json\/wp\/v2\/posts"}],"about":[{"href":"https:\/\/www.europesays.com\/fr\/wp-json\/wp\/v2\/types\/post"}],"author":[{"embeddable":true,"href":"https:\/\/www.europesays.com\/fr\/wp-json\/wp\/v2\/users\/2"}],"replies":[{"embeddable":true,"href":"https:\/\/www.europesays.com\/fr\/wp-json\/wp\/v2\/comments?post=216020"}],"version-history":[{"count":0,"href":"https:\/\/www.europesays.com\/fr\/wp-json\/wp\/v2\/posts\/216020\/revisions"}],"wp:featuredmedia":[{"embeddable":true,"href":"https:\/\/www.europesays.com\/fr\/wp-json\/wp\/v2\/media\/216021"}],"wp:attachment":[{"href":"https:\/\/www.europesays.com\/fr\/wp-json\/wp\/v2\/media?parent=216020"}],"wp:term":[{"taxonomy":"category","embeddable":true,"href":"https:\/\/www.europesays.com\/fr\/wp-json\/wp\/v2\/categories?post=216020"},{"taxonomy":"post_tag","embeddable":true,"href":"https:\/\/www.europesays.com\/fr\/wp-json\/wp\/v2\/tags?post=216020"}],"curies":[{"name":"wp","href":"https:\/\/api.w.org\/{rel}","templated":true}]}}