{"id":216040,"date":"2025-06-30T16:09:14","date_gmt":"2025-06-30T16:09:14","guid":{"rendered":"https:\/\/www.europesays.com\/fr\/216040\/"},"modified":"2025-06-30T16:09:14","modified_gmt":"2025-06-30T16:09:14","slug":"apres-la-disparition-des-scelles-le-domicile-du-pere-de-la-victime-fouille-a-marseille","status":"publish","type":"post","link":"https:\/\/www.europesays.com\/fr\/216040\/","title":{"rendered":"apr\u00e8s la disparition des scell\u00e9s, le domicile du p\u00e8re de la victime \u00abfouill\u00e9\u00bb \u00e0 Marseille"},"content":{"rendered":"<p>Une semaine apr\u00e8s la disparition de scell\u00e9s cl\u00e9s dans l\u2019enqu\u00eate, finalement retrouv\u00e9s, le p\u00e8re de Souheil El Khalfaoui a \u00e9t\u00e9 victime d\u2019un cambriolage. Une ou plusieurs personnes ont notamment fouill\u00e9 dans ses tiroirs.<\/p>\n<p class=\"fig-paragraph\">Nouveau rebondissement dans l\u2019affaire<a href=\"http:\/\/www.lefigaro.fr\/marseille\/marseille-le-parquet-a-egare-des-scelles-capitaux-dans-l-enquete-sur-la-mort-d-un-homme-tue-par-un-policier-20250623\" data-fig-type=\"NewsFlash\" data-gtm-custom-categorie=\"navigation\" data-gtm-custom-action=\"crossclick\" data-gtm-custom-label=\"Contextuel\" data-gtm-event=\"customEventSPE\" data-fig-domain=\"LEFIGARO\" target=\"_blank\" rel=\"noopener\">\u00a0El Khalfaoui.<\/a>\u00a0Ce dimanche, le p\u00e8re de Souheil El Khalfaoui, tu\u00e9 en 2021 par le tir d\u2019un policier, a \u00e9t\u00e9 victime d\u2019une effraction de son domicile dans le 2e arrondissement de Marseille, a appris Le Figaro de sources concordantes.<\/p>\n<p class=\"fig-paragraph\">Des tiroirs de son domicile ont notamment \u00e9t\u00e9 ouverts, sans que rien n\u2019ait \u00e9t\u00e9 vol\u00e9, indique une source polici\u00e8re au Figaro. Dans un communiqu\u00e9 de presse, le collectif V\u00e9rit\u00e9 pour Souheil indique sur les r\u00e9seaux sociaux que l\u2019appartement du p\u00e8re de Souheil El Khalfaoui \u00abavait \u00e9t\u00e9 forc\u00e9 et fouill\u00e9 en son absence\u00bb. \u00abL\u2019effraction s\u2019est produite dans la journ\u00e9e du dimanche 29 juin, \u00e0 Marseille, alors qu\u2019il \u00e9tait sorti quelques heures\u00bb, pr\u00e9cise le communiqu\u00e9 de presse.<\/p>\n<p class=\"fig-paragraph\">\u00abSi tous les tiroirs de l\u2019appartement ont \u00e9t\u00e9 retourn\u00e9s, les objets de valeur, pourtant en \u00e9vidence dans le salon, n\u2019ont pas \u00e9t\u00e9 vol\u00e9s. Le caract\u00e8re non lucratif de cette intrusion et le contexte dans lequel elle survient interrogent fortement la famille et ses soutiens.\u00bb La famille de Souheil El Khalfaoui a r\u00e9cemment port\u00e9 plainte pour d\u00e9tournement de scell\u00e9s apr\u00e8s avoir appris la disparition de scell\u00e9s capitaux de l\u2019enqu\u00eate, notamment la balle qui a caus\u00e9 la mort \u00e0 ce jeune homme de 19 ans au moment des faits.<\/p>\n<p>Des scell\u00e9s disparus puis retrouv\u00e9s<\/p>\n<p class=\"fig-paragraph\">Le ministre de la Justice,\u00a0<a href=\"http:\/\/www.lefigaro.fr\/marseille\/jeune-homme-tue-par-un-policier-a-marseille-darmanin-va-ordonner-une-inspection-sur-la-disparition-de-scelles-20250624\" data-fig-type=\"NewsFlash\" data-gtm-custom-categorie=\"navigation\" data-gtm-custom-action=\"crossclick\" data-gtm-custom-label=\"Contextuel\" data-gtm-event=\"customEventSPE\" data-fig-domain=\"LEFIGARO\" target=\"_blank\" rel=\"noopener\">G\u00e9rald Darmanin, avait alors annonc\u00e9 son intention de saisir l\u2019inspection g\u00e9n\u00e9rale de la justice<\/a>. Deux jours plus tard,\u00a0<a href=\"http:\/\/www.lefigaro.fr\/marseille\/marseille-les-scelles-retrouves-dans-l-affaire-de-la-mort-d-un-jeune-homme-qui-fuyait-la-police-20250626\" data-fig-type=\"NewsFlash\" data-gtm-custom-categorie=\"navigation\" data-gtm-custom-action=\"crossclick\" data-gtm-custom-label=\"Contextuel\" data-gtm-event=\"customEventSPE\" data-fig-domain=\"LEFIGARO\" target=\"_blank\" rel=\"noopener\">les scell\u00e9s \u00e9gar\u00e9s avaient \u00e9t\u00e9 retrouv\u00e9s<\/a>\u00a0dans le bureau du juge d\u2019instruction initialement saisi.<\/p>\n<p class=\"fig-paragraph\">Pour rappel, Souheil El Khalfaoui avait \u00e9t\u00e9 tu\u00e9 dans le quartier de la Belle de Mai aux alentours de 19h30, le 4 ao\u00fbt 2021, lors d\u2019un contr\u00f4le de police auquel il aurait tent\u00e9 de se soustraire en faisant marche arri\u00e8re. Une nouvelle juge en charge de l\u2019affaire avait annonc\u00e9 le 4 juin dans un courrier adress\u00e9 \u00e0 la famille et \u00e0 son conseil que neuf pi\u00e8ces capitales du dossier avaient \u00e9t\u00e9 perdues \u00abapr\u00e8s plusieurs mois de recherches\u00bb. Apr\u00e8s leur sortie du service de stockage d\u00e9but 2022, ils n\u2019avaient \u00abjamais \u00e9t\u00e9 restitu\u00e9s au greffe des scell\u00e9s\u00bb.<\/p>\n<p class=\"fig-paragraph\">\u00abContact\u00e9e pour venir constater l\u2019effraction, la police marseillaise a indiqu\u00e9 qu\u2019elle ne pouvait se d\u00e9placer en raison d\u2019un sous-effectif\u00bb, accuse la famille El Khalfaoui dans ce communiqu\u00e9. \u00abLa police s\u2019est d\u00e9plac\u00e9e dans la soir\u00e9e pour constater l\u2019effraction\u00bb, r\u00e9torque une source polici\u00e8re. \u00abIl a fallu que mon client appelle le parquet pour que la police se d\u00e9place\u00bb, affirme pour sa part Me Ari\u00e9 Alimi, avocat de la famille. Une conf\u00e9rence de presse avec plusieurs d\u00e9put\u00e9s de gauche avait \u00e9t\u00e9 organis\u00e9e la semaine derni\u00e8re en pr\u00e9sence de la famille de Souheil El Khalfaoui \u00e0 l\u2019Assembl\u00e9e nationale pour d\u00e9noncer la situation.<\/p>\n","protected":false},"excerpt":{"rendered":"Une semaine apr\u00e8s la disparition de scell\u00e9s cl\u00e9s dans l\u2019enqu\u00eate, finalement retrouv\u00e9s, le p\u00e8re de Souheil El Khalfaoui&hellip;\n","protected":false},"author":2,"featured_media":216041,"comment_status":"","ping_status":"","sticky":false,"template":"","format":"standard","meta":{"footnotes":""},"categories":[2814],"tags":[1111,11,885,1182,1174,1180,1181,1777,674,1011,27,1184,1185,884,12,1177,1176,149,1186,882,25,1178,1183,1179,7374],"class_list":{"0":"post-216040","1":"post","2":"type-post","3":"status-publish","4":"format-standard","5":"has-post-thumbnail","7":"category-marseille","8":"tag-actu","9":"tag-actualites","10":"tag-bouches-du-rhone","11":"tag-calanques","12":"tag-cambriolage","13":"tag-canebiere","14":"tag-cite-phoceenne","15":"tag-eu","16":"tag-europe","17":"tag-fr","18":"tag-france","19":"tag-la-timone","20":"tag-les-baumettes-mediterranee","21":"tag-marseille","22":"tag-news","23":"tag-notre-dame-de-la-garde","24":"tag-olympique-de-marseille","25":"tag-om","26":"tag-provence","27":"tag-provence-alpes-cote-dazur","28":"tag-republique-francaise","29":"tag-saint-charles","30":"tag-sormiou","31":"tag-vieux-port","32":"tag-violences-policieres"},"share_on_mastodon":{"url":"https:\/\/pubeurope.com\/@fr\/114773188043287998","error":""},"_links":{"self":[{"href":"https:\/\/www.europesays.com\/fr\/wp-json\/wp\/v2\/posts\/216040","targetHints":{"allow":["GET"]}}],"collection":[{"href":"https:\/\/www.europesays.com\/fr\/wp-json\/wp\/v2\/posts"}],"about":[{"href":"https:\/\/www.europesays.com\/fr\/wp-json\/wp\/v2\/types\/post"}],"author":[{"embeddable":true,"href":"https:\/\/www.europesays.com\/fr\/wp-json\/wp\/v2\/users\/2"}],"replies":[{"embeddable":true,"href":"https:\/\/www.europesays.com\/fr\/wp-json\/wp\/v2\/comments?post=216040"}],"version-history":[{"count":0,"href":"https:\/\/www.europesays.com\/fr\/wp-json\/wp\/v2\/posts\/216040\/revisions"}],"wp:featuredmedia":[{"embeddable":true,"href":"https:\/\/www.europesays.com\/fr\/wp-json\/wp\/v2\/media\/216041"}],"wp:attachment":[{"href":"https:\/\/www.europesays.com\/fr\/wp-json\/wp\/v2\/media?parent=216040"}],"wp:term":[{"taxonomy":"category","embeddable":true,"href":"https:\/\/www.europesays.com\/fr\/wp-json\/wp\/v2\/categories?post=216040"},{"taxonomy":"post_tag","embeddable":true,"href":"https:\/\/www.europesays.com\/fr\/wp-json\/wp\/v2\/tags?post=216040"}],"curies":[{"name":"wp","href":"https:\/\/api.w.org\/{rel}","templated":true}]}}