{"id":216052,"date":"2025-06-30T16:16:19","date_gmt":"2025-06-30T16:16:19","guid":{"rendered":"https:\/\/www.europesays.com\/fr\/216052\/"},"modified":"2025-06-30T16:16:19","modified_gmt":"2025-06-30T16:16:19","slug":"fin-du-chantier-pour-sainte-claire-de-vaureal","status":"publish","type":"post","link":"https:\/\/www.europesays.com\/fr\/216052\/","title":{"rendered":"Fin du chantier pour Sainte-Claire de Vaur\u00e9al"},"content":{"rendered":"<p>\tFin du chantier pour Sainte-Claire de Vaur\u00e9al &#8211; Chantiers du Cardinal<\/p>\n<p>\t\t&#13;<\/p>\n<p>    &#13;<br \/>\n&#13;<\/p>\n<p class=\"text\">Ensemble, pr\u00e9servons le patrimoine religieux<\/p>\n<p>&#13;<br \/>\n&#13;<\/p>\n<p style=\"text-align: center;\"><strong>A Vaur\u00e9al, le chantier de remplacement des toitures amiant\u00e9es de l\u2019\u00e9glise Sainte-Claire <a href=\"https:\/\/www.chantiersducardinal.fr\/actualites-des-projets\/lancement-du-chantier-de-la-toiture-de-sainte-claire-95.html\" target=\"_blank\" rel=\"noopener\">d\u00e9marr\u00e9 le 10 mars<\/a> vient de se terminer dans les temps !<\/strong><\/p>\n<p>                <img loading=\"lazy\" aria-describedby=\"caption-attachment-19522\" decoding=\"async\" class=\"wp-image-19522\" src=\"https:\/\/www.europesays.com\/fr\/wp-content\/uploads\/2025\/06\/eglise-de-vaureal-1.jpg\" alt=\"L'\u00e9glise Sainte-Claire de Vaur\u00e9al r\u00e9nov\u00e9e\" width=\"675\" height=\"506\"  \/><\/p>\n<p id=\"caption-attachment-19522\" class=\"wp-caption-text\">L\u2019\u00e9glise Sainte-Claire de Vaur\u00e9al r\u00e9nov\u00e9e<\/p>\n<p style=\"text-align: left;\"><strong>Les d\u00e9lais du chantier ont bien \u00e9t\u00e9 respect\u00e9s et les locaux r\u00e9nov\u00e9s autour du 20 juin 2025.<\/strong><\/p>\n<p style=\"text-align: left;\"><strong><a href=\"https:\/\/www.chantiersducardinal.fr\/projet\/remplacement-des-toitures-a-sainte-claire-vaureal-95\" target=\"_blank\" rel=\"noopener\">L\u2019enjeu majeur de ce chantier \u00e9tait l\u2019enl\u00e8vement des plaques d\u2019amiante sur la totalit\u00e9 de la toiture<\/a>, soit plus de 600 m\u00b2<\/strong>. La commission ind\u00e9pendante charg\u00e9e de v\u00e9rifier si le chantier provoquait des poussi\u00e8res d\u2019amiante est venue \u00e0 trois reprises et n\u2019a constat\u00e9 aucune trace. \u00ab\u00a0Tout a \u00e9t\u00e9 fait dans le respect strict de la r\u00e9glementation. Voil\u00e0 pourquoi cela a co\u00fbt\u00e9 si cher. Je suis heureux de voir que tout s\u2019est pass\u00e9 comme pr\u00e9vu, \u00bb souligne Bernard Pommereuil, d\u00e9l\u00e9gu\u00e9 des Chantiers du Cardinal et b\u00e9n\u00e9vole en charge du suivi du chantier.<\/p>\n<p><img aria-describedby=\"caption-attachment-19523\" loading=\"lazy\" decoding=\"async\" class=\"wp-image-19523\" src=\"https:\/\/www.europesays.com\/fr\/wp-content\/uploads\/2025\/06\/vaureal_ste-claire_detail-chantier-scaled.jpg\" alt=\"L'\u00e9glise Sainte-Claire de Vaur\u00e9al en plein travaux\" width=\"400\" height=\"533\"  \/><\/p>\n<p id=\"caption-attachment-19523\" class=\"wp-caption-text\">L\u2019\u00e9glise Sainte-Claire en plein travaux<\/p>\n<p><img aria-describedby=\"caption-attachment-19527\" loading=\"lazy\" decoding=\"async\" class=\"wp-image-19527 size-full\" src=\"https:\/\/www.europesays.com\/fr\/wp-content\/uploads\/2025\/06\/design-sans-titre-e1751293259101.png\" alt=\"La toiture r\u00e9nov\u00e9e de Sainte Claire de Vaur\u00e9al\" width=\"675\" height=\"431\"  \/><\/p>\n<p id=\"caption-attachment-19527\" class=\"wp-caption-text\">Les toits amiant\u00e9s de Sainte-Claire maintenant r\u00e9nov\u00e9s<\/p>\n<p>                Joie c\u00e9l\u00e9br\u00e9e en \u00e9glise<\/p>\n<p style=\"text-align: left;\"><strong>Le dimanche 29 juin, <a href=\"https:\/\/eglise.catholique.fr\/guide-eglise-catholique-france\/personne\/mgr-benoit-bertrand\/\" target=\"_blank\" rel=\"noopener\">Monseigneur Bertrand<\/a>, \u00e9v\u00eaque de Pontoise, est venu c\u00e9l\u00e9brer la fin du chantier<\/strong>. Mais pas seulement !<\/p>\n<p style=\"text-align: left;\">Ce jour fut aussi l\u2019occasion de <strong>f\u00eater les 40 ans du Groupement Paroissial<\/strong> des \u00e9glises de Vaur\u00e9al, Jouy-le-Moutier et Neuville\/Oise et <strong>les 30 ans de l\u2019\u00e9glise Sainte Claire de Vaur\u00e9al.<\/strong> \u00ab Nos festivit\u00e9s commencent d\u00e8s samedi apr\u00e8s-midi, suivies d\u2019une veill\u00e9e d\u2019action de gr\u00e2ce samedi soir, d\u2019une messe pr\u00e9sid\u00e9e par notre \u00e9v\u00eaque dimanche \u00e0 10h30 et d\u2019un grand repas des nations cuisin\u00e9 par sept groupes de paroissiens et paroissiennes issus de diff\u00e9rents pays d\u2019origine ! \u00bb annonce le d\u00e9l\u00e9gu\u00e9 avec enthousiasme.<\/p>\n<p>Voir aussi<\/p>\n<p>                           <img decoding=\"async\" src=\"https:\/\/www.europesays.com\/fr\/wp-content\/uploads\/2025\/06\/2025-03_ste-claire-vaureal_achafaudages-toiture-180x116.jpg\" alt=\"Lancement du chantier de Sainte-Claire de Vaur\u00e9al (95)\"\/><\/p>\n<p>\n                                21.03.2025<br \/>\n                                Article\n                            <\/p>\n<p>Lancement du chantier de Sainte-Claire de Vaur\u00e9al (95)<\/p>\n<p>                           <img decoding=\"async\" src=\"https:\/\/www.europesays.com\/fr\/wp-content\/uploads\/2025\/06\/4-180x116.png\" alt=\"Fin de travaux au Centre Notre-Dame de Taverny (95)\"\/><\/p>\n<p>\n                                18.06.2023<br \/>\n                                Article\n                            <\/p>\n<p>Fin de travaux au Centre Notre-Dame de Taverny (95)<\/p>\n<p>                           <img decoding=\"async\" src=\"https:\/\/www.europesays.com\/fr\/wp-content\/uploads\/2025\/06\/franconville-3-180x116.jpg\" alt=\"D\u00e9but des travaux de r\u00e9novation de l\u2019\u00e9glise Notre-Dame-des-Noues \u00e0 Franconville (95)\"\/><\/p>\n<p>\n                                11.06.2023<br \/>\n                                Article\n                            <\/p>\n<p>D\u00e9but des travaux de r\u00e9novation de l\u2019\u00e9glise Notre-Dame-des-Noues \u00e0 Franconville (95)<\/p>\n<p>&#13;<br \/>\n&#13;<br \/>\n&#13;<br \/>\n&#13;<\/p>\n<p>                Seul votre don<br \/>\n                nous permet d\u2019agir<\/p>\n<p>            <a href=\"https:\/\/donner.chantiersducardinal.fr\/cdc_2025\/~mon-don\" target=\"_blank\" rel=\"noopener\">Faire un don<\/a><\/p>\n<p><a href=\"https:\/\/donner.chantiersducardinal.fr\/sauvegardepatrimoine\/~mon-don?&amp;utm_source=site&amp;utm_medium=prehome&amp;utm_campaign=sea2025&amp;utm_content=prehome\" target=\"_blank\" rel=\"noopener\"><img fetchpriority=\"high\" decoding=\"async\" class=\"aligncenter wp-image-14929\" src=\"https:\/\/www.europesays.com\/fr\/wp-content\/uploads\/2025\/06\/1140x850-cdc-100.jpg\" alt=\"INFOGRAPHIE CHANTIERS DU CARDINAL\" width=\"1139\" height=\"850\"  \/><\/a><\/p>\n<p>\t\t\t\u00d7\t\t\t<\/p>\n<p><img loading=\"lazy\" decoding=\"async\" class=\"aligncenter size-full wp-image-8893\" src=\"https:\/\/www.europesays.com\/fr\/wp-content\/uploads\/2025\/06\/exe_cdc_fb_372x355.jpg\" alt=\"\" width=\"372\" height=\"355\"  \/><\/p>\n<p>Chaque don compte !<\/p>\n<p>Gr\u00e2ce \u00e0 vous, l\u2019\u00c9glise grandit en \u00cele-de-France.<\/p>\n<p><strong>Aidez-nous \u00e0 poursuivre notre mission.<br \/><\/strong><\/p>\n<p>\t\t\t\u00d7\t\t\t<\/p>\n","protected":false},"excerpt":{"rendered":"Fin du chantier pour Sainte-Claire de Vaur\u00e9al &#8211; Chantiers du Cardinal &#13; &#13; &#13; Ensemble, pr\u00e9servons le patrimoine&hellip;\n","protected":false},"author":2,"featured_media":216053,"comment_status":"","ping_status":"","sticky":false,"template":"","format":"standard","meta":{"footnotes":""},"categories":[1888],"tags":[35547,11,35546,1777,674,1011,27,12,626,32582,25],"class_list":{"0":"post-216052","1":"post","2":"type-post","3":"status-publish","4":"format-standard","5":"has-post-thumbnail","7":"category-paris","8":"tag-actu-chantier","9":"tag-actualites","10":"tag-chantier-termine","11":"tag-eu","12":"tag-europe","13":"tag-fr","14":"tag-france","15":"tag-news","16":"tag-paris","17":"tag-pontoise","18":"tag-republique-francaise"},"share_on_mastodon":{"url":"https:\/\/pubeurope.com\/@fr\/114773215738663054","error":""},"_links":{"self":[{"href":"https:\/\/www.europesays.com\/fr\/wp-json\/wp\/v2\/posts\/216052","targetHints":{"allow":["GET"]}}],"collection":[{"href":"https:\/\/www.europesays.com\/fr\/wp-json\/wp\/v2\/posts"}],"about":[{"href":"https:\/\/www.europesays.com\/fr\/wp-json\/wp\/v2\/types\/post"}],"author":[{"embeddable":true,"href":"https:\/\/www.europesays.com\/fr\/wp-json\/wp\/v2\/users\/2"}],"replies":[{"embeddable":true,"href":"https:\/\/www.europesays.com\/fr\/wp-json\/wp\/v2\/comments?post=216052"}],"version-history":[{"count":0,"href":"https:\/\/www.europesays.com\/fr\/wp-json\/wp\/v2\/posts\/216052\/revisions"}],"wp:featuredmedia":[{"embeddable":true,"href":"https:\/\/www.europesays.com\/fr\/wp-json\/wp\/v2\/media\/216053"}],"wp:attachment":[{"href":"https:\/\/www.europesays.com\/fr\/wp-json\/wp\/v2\/media?parent=216052"}],"wp:term":[{"taxonomy":"category","embeddable":true,"href":"https:\/\/www.europesays.com\/fr\/wp-json\/wp\/v2\/categories?post=216052"},{"taxonomy":"post_tag","embeddable":true,"href":"https:\/\/www.europesays.com\/fr\/wp-json\/wp\/v2\/tags?post=216052"}],"curies":[{"name":"wp","href":"https:\/\/api.w.org\/{rel}","templated":true}]}}