{"id":216058,"date":"2025-06-30T16:19:09","date_gmt":"2025-06-30T16:19:09","guid":{"rendered":"https:\/\/www.europesays.com\/fr\/216058\/"},"modified":"2025-06-30T16:19:09","modified_gmt":"2025-06-30T16:19:09","slug":"lue-annonce-avoir-trouve-un-accord-avec-lukraine","status":"publish","type":"post","link":"https:\/\/www.europesays.com\/fr\/216058\/","title":{"rendered":"l&rsquo;UE annonce avoir trouv\u00e9 un accord avec l&rsquo;Ukraine"},"content":{"rendered":"<p>Au moment o\u00f9\u00a0les agriculteurs europ\u00e9ens\u00a0craignent et guettent\u00a0la transmission imminente\u00a0au Conseil de l&rsquo;UE du texte final de l&rsquo;accord conclu avec le Mercosur en d\u00e9cembre, la Commission a pris une sorte de contre-pied. Elle a\u00a0choisi d&rsquo;annoncer d&rsquo;abord, cet apr\u00e8s-midi, la conclusion d&rsquo;un \u00ab accord de principe \u00bb\u00a0en mati\u00e8re de libre-\u00e9change avec l&rsquo;Ukraine, lui aussi tr\u00e8s attendu par le monde agricole, notamment sur le volet sensible des importations.<\/p>\n<p>L&rsquo;accord\u00a0\u00ab contribue \u00e0 l&rsquo;int\u00e9gration progressive de l&rsquo;Ukraine dans le march\u00e9 unique de l&rsquo;UE et montre que l&rsquo;engagement de l&rsquo;UE \u00e0 soutenir l&rsquo;Ukraine est plus ferme que jamais \u00bb, \u00e9crit la Commission dans son communiqu\u00e9,\u00a0en se r\u00e9jouissant d&rsquo;\u00a0\u00ab une nouvelle \u00e9tape dans la mise en place d&rsquo;un cadre \u00e0 long terme, pr\u00e9visible et r\u00e9ciproque dans le contexte plus large du processus d&rsquo;adh\u00e9sion de l&rsquo;Ukraine \u00bb.\u00a0\u00ab Dans le m\u00eame temps, nous continuons \u00e0 prot\u00e9ger les int\u00e9r\u00eats de nos agriculteurs \u00bb, affirme sa pr\u00e9sidente, Ursula von der Leyen.<\/p>\n","protected":false},"excerpt":{"rendered":"Au moment o\u00f9\u00a0les agriculteurs europ\u00e9ens\u00a0craignent et guettent\u00a0la transmission imminente\u00a0au Conseil de l&rsquo;UE du texte final de l&rsquo;accord conclu&hellip;\n","protected":false},"author":2,"featured_media":216059,"comment_status":"","ping_status":"","sticky":false,"template":"","format":"standard","meta":{"footnotes":""},"categories":[1590],"tags":[17,743,11,14531,2562,6661,645,1777,674,8407,1861,12,12206,220],"class_list":{"0":"post-216058","1":"post","2":"type-post","3":"status-publish","4":"format-standard","5":"has-post-thumbnail","7":"category-ukraine","8":"tag-17","9":"tag-accord","10":"tag-actualites","11":"tag-agricoles","12":"tag-annonce","13":"tag-avoir","14":"tag-entreprises-finance","15":"tag-eu","16":"tag-europe","17":"tag-importations","18":"tag-lue","19":"tag-news","20":"tag-trouve","21":"tag-ukraine"},"share_on_mastodon":{"url":"https:\/\/pubeurope.com\/@fr\/114773227398969048","error":""},"_links":{"self":[{"href":"https:\/\/www.europesays.com\/fr\/wp-json\/wp\/v2\/posts\/216058","targetHints":{"allow":["GET"]}}],"collection":[{"href":"https:\/\/www.europesays.com\/fr\/wp-json\/wp\/v2\/posts"}],"about":[{"href":"https:\/\/www.europesays.com\/fr\/wp-json\/wp\/v2\/types\/post"}],"author":[{"embeddable":true,"href":"https:\/\/www.europesays.com\/fr\/wp-json\/wp\/v2\/users\/2"}],"replies":[{"embeddable":true,"href":"https:\/\/www.europesays.com\/fr\/wp-json\/wp\/v2\/comments?post=216058"}],"version-history":[{"count":0,"href":"https:\/\/www.europesays.com\/fr\/wp-json\/wp\/v2\/posts\/216058\/revisions"}],"wp:featuredmedia":[{"embeddable":true,"href":"https:\/\/www.europesays.com\/fr\/wp-json\/wp\/v2\/media\/216059"}],"wp:attachment":[{"href":"https:\/\/www.europesays.com\/fr\/wp-json\/wp\/v2\/media?parent=216058"}],"wp:term":[{"taxonomy":"category","embeddable":true,"href":"https:\/\/www.europesays.com\/fr\/wp-json\/wp\/v2\/categories?post=216058"},{"taxonomy":"post_tag","embeddable":true,"href":"https:\/\/www.europesays.com\/fr\/wp-json\/wp\/v2\/tags?post=216058"}],"curies":[{"name":"wp","href":"https:\/\/api.w.org\/{rel}","templated":true}]}}