{"id":216069,"date":"2025-06-30T16:24:12","date_gmt":"2025-06-30T16:24:12","guid":{"rendered":"https:\/\/www.europesays.com\/fr\/216069\/"},"modified":"2025-06-30T16:24:12","modified_gmt":"2025-06-30T16:24:12","slug":"lue-et-lukraine-ont-trouve-un-accord-de-principe","status":"publish","type":"post","link":"https:\/\/www.europesays.com\/fr\/216069\/","title":{"rendered":"l\u2019UE et l\u2019Ukraine ont trouv\u00e9 un \u00abaccord de principe\u00bb"},"content":{"rendered":"<p>C\u2019est un accord \u00ab\u00e9quilibr\u00e9, juste et r\u00e9aliste\u00bb, a assur\u00e9 le commissaire europ\u00e9en en charge du commerce Maros Sefcovic, qui a insist\u00e9 sur les quotas pour les \u00abproduits sensibles comme les \u0153ufs, le sucre et le bl\u00e9\u00bb.<\/p>\n<p class=\"fig-paragraph\">L&rsquo;Union europ\u00e9enne a annonc\u00e9 lundi avoir trouv\u00e9 un \u00abaccord de principe\u00bb avec\u00a0<a href=\"http:\/\/www.lefigaro.fr\/international\/guerre-en-ukraine-mais-ou-sont-donc-passes-les-chars-russes-20250629\" data-fig-type=\"NewsFlash\" data-gtm-custom-categorie=\"navigation\" data-gtm-custom-action=\"crossclick\" data-gtm-custom-label=\"Contextuel\" data-gtm-event=\"customEventSPE\" data-fig-domain=\"LEFIGARO\" target=\"_blank\" rel=\"noopener\">l&rsquo;Ukraine\u00a0<\/a>en mati\u00e8re de libre-\u00e9change, notamment sur le volet sensible des importations agricoles. C&rsquo;est un accord \u00ab\u00e9quilibr\u00e9, juste et r\u00e9aliste\u00bb, a assur\u00e9 le commissaire europ\u00e9en en charge du commerce Maros Sefcovic, qui a insist\u00e9 sur les quotas pour les \u00abproduits sensibles comme les \u0153ufs, le sucre et le bl\u00e9\u00bb.<\/p>\n<p class=\"fig-paragraph\">Afin de soutenir Kiev face \u00e0 l&rsquo;invasion russe, l&rsquo;Union europ\u00e9enne avait instaur\u00e9 depuis 2022 et\u00a0<a href=\"http:\/\/www.lefigaro.fr\/conjoncture\/plus-de-trois-milliards-d-euros-de-perte-l-europe-reintroduit-des-droits-de-douane-sur-les-produits-agricoles-ukrainiens-20250605\" target=\"_blank\" data-fig-type=\"NewsFlash\" rel=\"noopener\" data-gtm-custom-categorie=\"navigation\" data-gtm-custom-action=\"crossclick\" data-gtm-custom-label=\"Contextuel\" data-gtm-event=\"customEventSPE\" data-fig-domain=\"LEFIGARO\">jusqu&rsquo;au 5 juin dernier une exemption de droits de douane sur des produits agricoles ukrainiens<\/a>. Mais les agriculteurs europ\u00e9ens d\u00e9non\u00e7aient r\u00e9guli\u00e8rement une \u00abconcurrence d\u00e9loyale\u00bb de l&rsquo;Ukraine, g\u00e9ant agricole, et demandaient de revenir aux quotas en vigueur avant la guerre, dans un accord de 2016.<\/p>\n<p class=\"fig-paragraph\">Bruxelles estime avoir trouv\u00e9 un \u00e9quilibre, gr\u00e2ce au compromis scell\u00e9 avec\u00a0<a href=\"http:\/\/www.lefigaro.fr\/international\/guerre-en-ukraine-kiev-annonce-la-perte-de-son-troisieme-avion-de-combat-f-16-20250629\" data-fig-type=\"NewsFlash\" data-gtm-custom-categorie=\"navigation\" data-gtm-custom-action=\"crossclick\" data-gtm-custom-label=\"Contextuel\" data-gtm-event=\"customEventSPE\" data-fig-domain=\"LEFIGARO\" target=\"_blank\" rel=\"noopener\">Kiev\u00a0<\/a>durant le week-end. Avec le nouvel accord, \u00abnous s\u00e9curisons les flux commerciaux de l&rsquo;Ukraine vers l&rsquo;Europe. (&#8230;) En m\u00eame temps, nous continuons \u00e0 prot\u00e9ger les int\u00e9r\u00eats de nos agriculteurs\u00bb, a affirm\u00e9 la pr\u00e9sidente de la Commission europ\u00e9enne\u00a0<a href=\"http:\/\/www.lefigaro.fr\/international\/ursula-von-der-leyen-de-plus-en-plus-contestee-au-parlement-europeen-20250627\" data-fig-type=\"Article\" data-gtm-custom-categorie=\"navigation\" data-gtm-custom-action=\"crossclick\" data-gtm-custom-label=\"Contextuel\" data-gtm-event=\"customEventSPE\" data-fig-domain=\"LEFIGARO\" target=\"_blank\" rel=\"noopener\">Ursula von der Leyen<\/a>. Pour rassurer la profession, l&rsquo;UE promet des quotas sur les produits tels que le bl\u00e9, le ma\u00efs, le sucre, le miel, la volaille et les \u0153ufs, tandis que d&rsquo;autres produits seront enti\u00e8rement lib\u00e9ralis\u00e9s comme le jus de raisin ou le lait ferment\u00e9.<\/p>\n<p>\u00abl\u2019UE ouvrira davantage son march\u00e9 aux produits ukrainiens\u00bb<\/p>\n<p class=\"fig-paragraph\">Globalement, \u00abl&rsquo;UE ouvrira davantage son march\u00e9 aux produits ukrainiens qu&rsquo;avant la guerre, tout en tenant (&#8230;) compte des sensibilit\u00e9s de certains secteurs agroalimentaires\u00bb, explique la Commission. Bruxelles insiste sur des clauses de sauvegarde en cas de d\u00e9stabilisation du march\u00e9. L&rsquo;UE mentionne aussi un engagement de l&rsquo;Ukraine \u00e0 \u00abaligner progressivement ses normes de production\u00bb sur celles de l&rsquo;UE, d&rsquo;ici 2028, notamment en mati\u00e8re d&rsquo;utilisation des pesticides.<\/p>\n<p class=\"fig-paragraph\">Cet accord de principe doit encore faire l&rsquo;objet de discussions techniques, avant d&rsquo;\u00eatre soumis aux \u00c9tats membres. Depuis le 5 juin, en attendant un compromis, l&rsquo;Union europ\u00e9enne avait mis en place des mesures transitoires revenant aux quotas de 2016 et tr\u00e8s critiqu\u00e9es par Kiev.<\/p>\n","protected":false},"excerpt":{"rendered":"C\u2019est un accord \u00ab\u00e9quilibr\u00e9, juste et r\u00e9aliste\u00bb, a assur\u00e9 le commissaire europ\u00e9en en charge du commerce Maros Sefcovic,&hellip;\n","protected":false},"author":2,"featured_media":216070,"comment_status":"","ping_status":"","sticky":false,"template":"","format":"standard","meta":{"footnotes":""},"categories":[1586],"tags":[743,339,11,340,343,345,350,130,344,352,349,33,341,313,1777,674,1779,1011,27,346,342,353,351,347,12,348,25,1778,220,354,364],"class_list":{"0":"post-216069","1":"post","2":"type-post","3":"status-publish","4":"format-standard","5":"has-post-thumbnail","7":"category-europe","8":"tag-accord","9":"tag-actualite-economique","10":"tag-actualites","11":"tag-bourse","12":"tag-cac-40","13":"tag-chef-dentreprise","14":"tag-concurrence","15":"tag-consommation","16":"tag-creation-dentreprise","17":"tag-crise","18":"tag-delocalisations","19":"tag-economie","20":"tag-emploi","21":"tag-entreprises","22":"tag-eu","23":"tag-europe","24":"tag-european-union","25":"tag-fr","26":"tag-france","27":"tag-grands-patrons","28":"tag-impots","29":"tag-licenciements","30":"tag-monopole","31":"tag-multinationales","32":"tag-news","33":"tag-privatisation","34":"tag-republique-francaise","35":"tag-ue","36":"tag-ukraine","37":"tag-unio","38":"tag-union-europeenne"},"share_on_mastodon":{"url":"https:\/\/pubeurope.com\/@fr\/114773246801229045","error":""},"_links":{"self":[{"href":"https:\/\/www.europesays.com\/fr\/wp-json\/wp\/v2\/posts\/216069","targetHints":{"allow":["GET"]}}],"collection":[{"href":"https:\/\/www.europesays.com\/fr\/wp-json\/wp\/v2\/posts"}],"about":[{"href":"https:\/\/www.europesays.com\/fr\/wp-json\/wp\/v2\/types\/post"}],"author":[{"embeddable":true,"href":"https:\/\/www.europesays.com\/fr\/wp-json\/wp\/v2\/users\/2"}],"replies":[{"embeddable":true,"href":"https:\/\/www.europesays.com\/fr\/wp-json\/wp\/v2\/comments?post=216069"}],"version-history":[{"count":0,"href":"https:\/\/www.europesays.com\/fr\/wp-json\/wp\/v2\/posts\/216069\/revisions"}],"wp:featuredmedia":[{"embeddable":true,"href":"https:\/\/www.europesays.com\/fr\/wp-json\/wp\/v2\/media\/216070"}],"wp:attachment":[{"href":"https:\/\/www.europesays.com\/fr\/wp-json\/wp\/v2\/media?parent=216069"}],"wp:term":[{"taxonomy":"category","embeddable":true,"href":"https:\/\/www.europesays.com\/fr\/wp-json\/wp\/v2\/categories?post=216069"},{"taxonomy":"post_tag","embeddable":true,"href":"https:\/\/www.europesays.com\/fr\/wp-json\/wp\/v2\/tags?post=216069"}],"curies":[{"name":"wp","href":"https:\/\/api.w.org\/{rel}","templated":true}]}}