{"id":216078,"date":"2025-06-30T16:30:11","date_gmt":"2025-06-30T16:30:11","guid":{"rendered":"https:\/\/www.europesays.com\/fr\/216078\/"},"modified":"2025-06-30T16:30:11","modified_gmt":"2025-06-30T16:30:11","slug":"william-servat-a-tant-a-transmettre-a-la-nouvelle-generation-des-bleus","status":"publish","type":"post","link":"https:\/\/www.europesays.com\/fr\/216078\/","title":{"rendered":"William Servat a tant \u00e0 transmettre \u00e0 la nouvelle g\u00e9n\u00e9ration des Bleus"},"content":{"rendered":"\n<p>\u00ab\u00a0Il ne faut pas subir le haka, il faut le vivre\u00a0\u00bb\u00a0: William Servat a tant \u00e0 transmettre \u00e0 la nouvelle g\u00e9n\u00e9ration des Bleus<\/p>\n<p>Vainqueur des All Blacks \u00e0 Dunedin en 2009 (22-27), l&rsquo;ex-talonneur William Servat se souvient de cette aventure incroyable au bout du monde, terreau du Grand Chelem 2010 et de la Coupe du monde 2011. Aujourd&rsquo;hui entra\u00eeneur adjoint du Quinze de France, il tente de transmettre son exp\u00e9rience \u00e0 la jeune g\u00e9n\u00e9ration pr\u00e9sente pour la tourn\u00e9e d&rsquo;\u00e9t\u00e9 en Nouvelle-Z\u00e9lande.<\/p>\n","protected":false},"excerpt":{"rendered":"\u00ab\u00a0Il ne faut pas subir le haka, il faut le vivre\u00a0\u00bb\u00a0: William Servat a tant \u00e0 transmettre \u00e0&hellip;\n","protected":false},"author":2,"featured_media":216079,"comment_status":"","ping_status":"","sticky":false,"template":"","format":"standard","meta":{"footnotes":""},"categories":[1416],"tags":[1011,27,479,1468,60],"class_list":{"0":"post-216078","1":"post","2":"type-post","3":"status-publish","4":"format-standard","5":"has-post-thumbnail","7":"category-rugby","8":"tag-fr","9":"tag-france","10":"tag-rugby","11":"tag-rugby-football","12":"tag-sports"},"share_on_mastodon":{"url":"https:\/\/pubeurope.com\/@fr\/114773270404403679","error":""},"_links":{"self":[{"href":"https:\/\/www.europesays.com\/fr\/wp-json\/wp\/v2\/posts\/216078","targetHints":{"allow":["GET"]}}],"collection":[{"href":"https:\/\/www.europesays.com\/fr\/wp-json\/wp\/v2\/posts"}],"about":[{"href":"https:\/\/www.europesays.com\/fr\/wp-json\/wp\/v2\/types\/post"}],"author":[{"embeddable":true,"href":"https:\/\/www.europesays.com\/fr\/wp-json\/wp\/v2\/users\/2"}],"replies":[{"embeddable":true,"href":"https:\/\/www.europesays.com\/fr\/wp-json\/wp\/v2\/comments?post=216078"}],"version-history":[{"count":0,"href":"https:\/\/www.europesays.com\/fr\/wp-json\/wp\/v2\/posts\/216078\/revisions"}],"wp:featuredmedia":[{"embeddable":true,"href":"https:\/\/www.europesays.com\/fr\/wp-json\/wp\/v2\/media\/216079"}],"wp:attachment":[{"href":"https:\/\/www.europesays.com\/fr\/wp-json\/wp\/v2\/media?parent=216078"}],"wp:term":[{"taxonomy":"category","embeddable":true,"href":"https:\/\/www.europesays.com\/fr\/wp-json\/wp\/v2\/categories?post=216078"},{"taxonomy":"post_tag","embeddable":true,"href":"https:\/\/www.europesays.com\/fr\/wp-json\/wp\/v2\/tags?post=216078"}],"curies":[{"name":"wp","href":"https:\/\/api.w.org\/{rel}","templated":true}]}}