{"id":216091,"date":"2025-06-30T16:37:10","date_gmt":"2025-06-30T16:37:10","guid":{"rendered":"https:\/\/www.europesays.com\/fr\/216091\/"},"modified":"2025-06-30T16:37:10","modified_gmt":"2025-06-30T16:37:10","slug":"interview-originaire-de-la-drome-marion-ayme-est-une-des-stars-du-feuilleton-nouveau-jour","status":"publish","type":"post","link":"https:\/\/www.europesays.com\/fr\/216091\/","title":{"rendered":"Interview. Originaire de la Dr\u00f4me, Marion Aym\u00e9 est une des stars du feuilleton \u00ab\u00a0Nouveau Jour\u00a0\u00bb"},"content":{"rendered":"<blockquote class=\"question\"><p>Vous incarnez l\u2019un des r\u00f4les principaux de Nouveau Jour, celui de Th\u00e9a. Qui est-elle dans la s\u00e9rie\u00a0?<\/p><\/blockquote>\n<p>\u00ab\u00a0Th\u00e9a est la fille d\u2019Erwan (Vincent Desagnat) et Audrey (Gabrielle Atger), la s\u0153ur de Louise (Helena Noguerra). C\u2019\u00e9tait son r\u00eave de travailler au Domaine Bartoli, l\u2019h\u00f4tel de sa famille. Elle a d\u00fb faire ses \u00e9tudes d\u2019h\u00f4tellerie en cachette de ses parents car Audrey et Louise sont f\u00e2ch\u00e9es depuis un long moment.<\/p>\n<p>Elle \u00e9tait m\u00eame en contact avec son grand-p\u00e8re Lucien qui lui avait promis une place. Sa disparition l\u2019a d\u00e9stabilis\u00e9e. Du coup, comme elle arrive au Domaine et qu\u2019elle fait face \u00e0 Louise, c\u2019est tr\u00e8s compliqu\u00e9. Mais Th\u00e9a est tr\u00e8s d\u00e9termin\u00e9e, et elle accepte imm\u00e9diatement de partir du bas de l\u2019\u00e9chelle, comme femme de m\u00e9nage, pour vivre son r\u00eave. Mais ce ne sera pas simple\u2026\u00a0\u00bb<\/p>\n<p>  \u00ab\u00a0Commencer \u00e0 travailler directement en r\u00e9gion, c\u2019est un plus ind\u00e9niablement\u00a0\u00bb<\/p>\n<blockquote class=\"question\"><p>C\u2019est votre premier grand r\u00f4le\u00a0: quel est votre parcours\u00a0?<\/p><\/blockquote>\n<p>\u00ab\u00a0Je suis <a href=\"https:\/\/www.ledauphine.com\/societe\/2025\/06\/21\/un-si-grand-soleil-demain-nous-appartient-ces-series-qui-boostent-le-tourisme-local\" target=\"_blank\" rel=\"noopener\">n\u00e9e \u00e0 Valence, dans la Dr\u00f4me<\/a>. J\u2019ai \u00e9tudi\u00e9 le cin\u00e9ma et la com\u00e9die \u00e0 Montpellier, d\u2019abord au Cours Florent, puis \u00e0 l\u2019\u00e9cole Le Plateau. L\u00e0, j\u2019ai pu suivre des interventions de professionnels (acteurs, r\u00e9alisateurs, directeurs de casting\u2026) qui nous parlaient du m\u00e9tier mais aussi des sp\u00e9cificit\u00e9s des castings.<\/p>\n<p>\u00c0 la fin de mes \u00e9tudes, j\u2019ai pass\u00e9 l\u2019audition de Nouveau Jour, et je me suis sentie vraiment \u00e0 l\u2019aise et en confiance\u2026 C\u2019est pass\u00e9 et j\u2019ai \u00e9norm\u00e9ment de chance car je vis le r\u00eave de toute com\u00e9dienne d\u00e9butante, d\u2019avoir un r\u00f4le majeur d\u00e8s le d\u00e9but de sa carri\u00e8re.\u00a0\u00bb<\/p>\n<blockquote class=\"question\"><p>Du coup, votre carri\u00e8re d\u2019actrice se fait pour le moment en dehors de Paris, puisque Nouveau Jour se tourne dans la r\u00e9gion de Montpellier. C\u2019\u00e9tait quelque chose que vous imaginiez\u00a0?<\/p><\/blockquote>\n<p>\u00ab\u00a0C\u2019est une question qu\u2019on s\u2019est tous pos\u00e9s \u00e0 l\u2019\u00e9cole. C\u2019est assez compliqu\u00e9 pour les personnes form\u00e9es dans le sud d\u2019avoir tous les codes parisiens. Du coup, commencer \u00e0 travailler directement en r\u00e9gion, de plus l\u00e0 o\u00f9 j\u2019ai \u00e9t\u00e9 form\u00e9e, c\u2019est un plus ind\u00e9niablement. Et je sais qu\u2019avec l\u2019exp\u00e9rience emmagasin\u00e9e avec Nouveau Jour, le jour o\u00f9 j\u2019aurai un projet \u00e0 Paris, j\u2019aurai moins d\u2019appr\u00e9hension.\u00a0\u00bb<\/p>\n<p>\u00ab\u00a0<a href=\"https:\/\/www.ledauphine.com\/p\/marion-cotillard\" target=\"_blank\" rel=\"noopener\">Marion Cotillard<\/a> a \u00e9t\u00e9 un grand mod\u00e8le pour moi\u00a0\u00bb<\/p>\n<blockquote class=\"question\"><p>Quelles sont les com\u00e9diennes qui vous ont inspir\u00e9es\u00a0?<\/p><\/blockquote>\n<p>\u00ab\u00a0C\u2019est un peu clich\u00e9 de dire cela, mais Marion Cotillard a \u00e9t\u00e9 un grand mod\u00e8le pour moi. Plus r\u00e9cemment, c\u2019est Ad\u00e8le Exarchopoulos, surtout quand elle a d\u00e9fendu le fait d\u2019\u00eatre une com\u00e9dienne et d\u2019avoir une voix grave. J\u2019ai moi-m\u00eame une voix assez forte, et ses paroles m\u2019ont \u00e9videmment touch\u00e9e.\u00a0\u00bb<\/p>\n<blockquote class=\"question\"><p>Avec les tournages, vous avez le temps de retourner \u00e0 Valence\u00a0?<\/p><\/blockquote>\n<p>\u00ab\u00a0Oui, je rentre tr\u00e8s r\u00e9guli\u00e8rement\u00a0\u00e0 Valence. Je suis tr\u00e8s famille et j\u2019ai la moiti\u00e9 de ma vie l\u00e0-bas. C\u2019est un autre avantage de travailler dans le sud, je suis proche de mes racines.\u00a0\u00bb<\/p>\n<p class=\"note\">Nouveau Jour, \u00e0 partir du lundi 30\u00a0juin \u00e0 20\u00a0h\u00a035 sur M6<\/p>\n","protected":false},"excerpt":{"rendered":"Vous incarnez l\u2019un des r\u00f4les principaux de Nouveau Jour, celui de Th\u00e9a. Qui est-elle dans la s\u00e9rie\u00a0? \u00ab\u00a0Th\u00e9a&hellip;\n","protected":false},"author":2,"featured_media":216092,"comment_status":"","ping_status":"","sticky":false,"template":"","format":"standard","meta":{"footnotes":""},"categories":[1359],"tags":[1687,58,2730,2735,59,107,1011,27,329,973,273,104,2205,2733],"class_list":{"0":"post-216091","1":"post","2":"type-post","3":"status-publish","4":"format-standard","5":"has-post-thumbnail","7":"category-people","8":"tag-culture-loisirs","9":"tag-divertissement","10":"tag-drome","11":"tag-edition-valence-rhone-crussol-vallee-de-la-drome","12":"tag-entertainment","13":"tag-fil-info","14":"tag-fr","15":"tag-france","16":"tag-france-monde","17":"tag-people","18":"tag-selection-de-la-redaction","19":"tag-societe","20":"tag-television-medias","21":"tag-valence"},"share_on_mastodon":{"url":"https:\/\/pubeurope.com\/@fr\/114773297975682113","error":""},"_links":{"self":[{"href":"https:\/\/www.europesays.com\/fr\/wp-json\/wp\/v2\/posts\/216091","targetHints":{"allow":["GET"]}}],"collection":[{"href":"https:\/\/www.europesays.com\/fr\/wp-json\/wp\/v2\/posts"}],"about":[{"href":"https:\/\/www.europesays.com\/fr\/wp-json\/wp\/v2\/types\/post"}],"author":[{"embeddable":true,"href":"https:\/\/www.europesays.com\/fr\/wp-json\/wp\/v2\/users\/2"}],"replies":[{"embeddable":true,"href":"https:\/\/www.europesays.com\/fr\/wp-json\/wp\/v2\/comments?post=216091"}],"version-history":[{"count":0,"href":"https:\/\/www.europesays.com\/fr\/wp-json\/wp\/v2\/posts\/216091\/revisions"}],"wp:featuredmedia":[{"embeddable":true,"href":"https:\/\/www.europesays.com\/fr\/wp-json\/wp\/v2\/media\/216092"}],"wp:attachment":[{"href":"https:\/\/www.europesays.com\/fr\/wp-json\/wp\/v2\/media?parent=216091"}],"wp:term":[{"taxonomy":"category","embeddable":true,"href":"https:\/\/www.europesays.com\/fr\/wp-json\/wp\/v2\/categories?post=216091"},{"taxonomy":"post_tag","embeddable":true,"href":"https:\/\/www.europesays.com\/fr\/wp-json\/wp\/v2\/tags?post=216091"}],"curies":[{"name":"wp","href":"https:\/\/api.w.org\/{rel}","templated":true}]}}