{"id":216095,"date":"2025-06-30T16:39:14","date_gmt":"2025-06-30T16:39:14","guid":{"rendered":"https:\/\/www.europesays.com\/fr\/216095\/"},"modified":"2025-06-30T16:39:14","modified_gmt":"2025-06-30T16:39:14","slug":"quand-le-marche-de-muret-provoque-de-belles-rencontres","status":"publish","type":"post","link":"https:\/\/www.europesays.com\/fr\/216095\/","title":{"rendered":"Quand le march\u00e9 de Muret provoque de belles rencontres"},"content":{"rendered":"<p>\t\t\tLe march\u00e9 de Muret provoque quelquefois de belles rencontres.<\/p>\n<p>C\u2019est ainsi que, au d\u00e9tour d\u2019une all\u00e9e, le destin m\u2019a fait rencontrer une jeune femme qui, sur une petite table, pr\u00e9sentait ses deux ouvrages-t\u00e9moignages.<\/p>\n<p>Il fallait en savoir plus.<\/p>\n<p><strong>Qui \u00eates-vous\u00a0?<\/strong><br \/>Je m\u2019appelle\u00a0<strong>Cateline Sola<\/strong>, je vis \u00e0\u00a0Roquettes.<br \/>Je suis autrice et cheffe de produit dans le digital. Je suis maman de 2 enfants, 6 et 9 ans.<br \/>Je voulais \u00e9crire depuis longtemps mais c\u2019est \u00e0 la suite d\u2019un\u00a0burn-out\u00a0\/ d\u00e9pression en 2023 que je me suis enfin lanc\u00e9e.<\/p>\n<p>L\u2019\u00e9criture m\u2019a permis de me reconnecter \u00e0 moi-m\u00eame et de transformer une \u00e9preuve en quelque chose de vivant et porteur de sens.<\/p>\n<p>J\u2019\u00e9cris des courtes fictions et des proses, disponibles en libre acc\u00e8s sur mon site web, en plus de mes livres.<\/p>\n<p><strong>\u00c0 propos du livre :<\/strong><\/p>\n<p>* Titre\u00a0:\u00a0Elisa, d\u2019une voix \u00e0 l\u2019autre<br \/>* Sortie\u00a0: 1er avril 2025<br \/>* 140 pages \u2013 8 \u20ac (broch\u00e9)\u00a0\/ 2,99 \u20ac en eBook<\/p>\n<p>* Disponible au Tabac du coin de Roquettes, au Caf\u00e9 associatif La Cambuse \u00e0 Portet et sur Amazon.<\/p>\n<p>* ISBN\u00a0: 979-8302972972<\/p>\n<p>* Ce livre est le\u00a02e tome de la s\u00e9rie Deux Traits\u00a0 :\u00a0Une m\u00eame histoire, plusieurs regards.\u00a0Chaque opus explore la v\u00e9rit\u00e9 d\u2019un personnage. Des r\u00e9cits ind\u00e9pendants mais li\u00e9s, o\u00f9 famille, amiti\u00e9 et choix de vie s\u2019entrelacent.<\/p>\n<p>* Le tome 1,\u00a0Nora, est sorti en janvier 2025.<\/p>\n<p><strong>Pourquoi ces livres ?<\/strong><\/p>\n<p>Mon objectif est de\u00a0sensibiliser au handicap invisible, en particulier\u00a0l\u2019autisme, \u00e0 travers une fiction accessible et incarn\u00e9e.<br \/>Pour ce second tome, j\u2019ai choisi de donner la parole \u00e0\u00a0Elisa, une h\u00e9ro\u00efne singuli\u00e8re, fantasque, dr\u00f4le et profond\u00e9ment humaine. Elle avait beaucoup plu aux lectrices et lecteur dans le 1er opus de la s\u00e9rie Nora.<br \/>Elle est diff\u00e9rente\u2026 sans qu\u2019on sache tout de suite pourquoi.<br \/>C\u2019est ce que je voulais montrer : On peut passer une journ\u00e9e enti\u00e8re avec une personne autiste sans le savoir, ou simplement penser qu\u2019elle est \u00ab\u00a0un peu \u00e0 part\u00a0\u00bb.<\/p>\n<p><strong>Pourquoi l\u2019autisme ?<\/strong><\/p>\n<p>Parce qu\u2019il me touche directement, dans ma famille proche.<br \/>Parce qu\u2019on parle souvent de l\u2019autisme avec des clich\u00e9s (mains qui battent, crises, comportements visibles) alors qu\u2019il existe\u00a0des centaines de profils et de r\u00e9alit\u00e9s diff\u00e9rentes.<\/p>\n<p>Parce que le\u00a0diagnostic chez les femmes\u00a0est encore tr\u00e8s souvent tardif ou absent.<\/p>\n<p><strong>Accompagnement et l\u00e9gitimit\u00e9\u00a0:<\/strong><\/p>\n<p>Je ne suis pas professionnelle de sant\u00e9, mais je tenais \u00e0 ne pas raconter n\u2019importe quoi.<br \/>J\u2019ai donc fait appel \u00e0\u00a0<strong>Tanguy Fontaine<\/strong>, psychologue sp\u00e9cialis\u00e9 dans le diagnostic de l\u2019autisme au CERESA*, qui a lu le manuscrit et a accept\u00e9 de pr\u00e9facer le livre.<\/p>\n<p>Cette pr\u00e9face apporte un \u00e9clairage professionnel pour les lecteurs qui souhaitent aller plus loin.<\/p>\n<p>En compl\u00e9ment, une\u00a0postface t\u00e9moignage\u00a0permet de d\u00e9couvrir le v\u00e9cu de personnes directement concern\u00e9es.<\/p>\n<p><strong>Quel a \u00e9t\u00e9 l\u2019impact pour vous, en tant que maman\u00a0?<\/strong><\/p>\n<p>J\u2019ai \u00e9t\u00e9 form\u00e9e l\u2019ann\u00e9e derni\u00e8re aux habilit\u00e9s parentales quand on a un enfant TDAH*. Cette ann\u00e9e, je me\u00a0forme aux habilet\u00e9s parentales pour les enfants avec autisme\u00a0via un groupe encadr\u00e9 par le\u00a0CERESA*, ce qui m\u2019aide \u00e0 mieux comprendre mes enfants, \u00e0 poser un cadre, \u00e0 favoriser l\u2019autonomie et la confiance\u2026 On apprend comment nos propres comportements, en tant que parents, influent sur nos enfants et comment on peut les aider \u00e0 bien grandir. C\u2019est\u00a0indispensable. Vous l\u2019aurez compris, mon fils a un TDAH et TSA*.<\/p>\n<p><strong>Dans quel \u00e9tat d\u2019esprit \u00eates-vous, apr\u00e8s cette \u00e9criture\u00a0?<\/strong><\/p>\n<p>Je suis\u00a0r\u00e9solument positive et j\u2019ose croire que\u00a0chaque petit pas compte. M\u00eame ceux d\u2019une nouvelle autrice, m\u00eame en auto\u00e9dition.<br \/>Si mes livres peuvent aider ne serait-ce qu\u2019une personne \u00e0 se sentir moins seule, ou mieux comprise, ou \u00e0 mieux comprendre son entourage, alors ce sera d\u00e9j\u00e0 une belle r\u00e9ussite.<\/p>\n<p><strong>Quels sont les prochains \u00e9v\u00e9nements ou l\u2019on pourra vous rencontrer\u00a0?<\/strong><\/p>\n<p>Je participerai s\u00fbrement \u00e0 nouveau cet \u00e9t\u00e9 aux march\u00e9s de Muret le samedi matin et de Pinsaguel le dimanche matin (pour savoir les dates, je les communiquerai un peu avant sur mes r\u00e9seaux sociaux\u00a0Instagram et Facebook).<br \/>Je serai aussi au caf\u00e9 associatif La Cambuse \u00e0 Portet-sur-Garonne\u00a0pour une rencontre en direct avec les lectrices et lecteurs, le samedi 20 septembre apr\u00e8s-midi. Les inscriptions seront ouvertes prochainement, je les relaierai aussi sur mes r\u00e9seaux sociaux.<\/p>\n<p>Le site\u00a0: www.catelinesola.com<\/p>\n<p>* TDHA\u00a0: Trouble d\u00e9ficit de l\u2019attention avec ou sans hyperactivit\u00e9<\/p>\n<p>* CERESA\u00a0: <b>C<\/b><b>E<\/b>ntre <b>R<\/b>\u00e9gional d\u2019<b>\u00c9<\/b>ducation et de <b>S<\/b>ervices pour l\u2019<b>A<\/b>utisme<\/p>\n<p>* TSA:<b>T<\/b>rouble du <b>S<\/b>pectre de l\u2019<b>A<\/b>utisme<\/p>\n","protected":false},"excerpt":{"rendered":"Le march\u00e9 de Muret provoque quelquefois de belles rencontres. C\u2019est ainsi que, au d\u00e9tour d\u2019une all\u00e9e, le destin&hellip;\n","protected":false},"author":2,"featured_media":216096,"comment_status":"","ping_status":"","sticky":false,"template":"","format":"standard","meta":{"footnotes":""},"categories":[1357],"tags":[1379,35551,35552,58,9476,59,1011,27,1380,17932],"class_list":{"0":"post-216095","1":"post","2":"type-post","3":"status-publish","4":"format-standard","5":"has-post-thumbnail","7":"category-livres","8":"tag-books","9":"tag-cateline-sola","10":"tag-ceresa","11":"tag-divertissement","12":"tag-ecriture","13":"tag-entertainment","14":"tag-fr","15":"tag-france","16":"tag-livres","17":"tag-temoignages"},"share_on_mastodon":{"url":"https:\/\/pubeurope.com\/@fr\/114773306367732434","error":""},"_links":{"self":[{"href":"https:\/\/www.europesays.com\/fr\/wp-json\/wp\/v2\/posts\/216095","targetHints":{"allow":["GET"]}}],"collection":[{"href":"https:\/\/www.europesays.com\/fr\/wp-json\/wp\/v2\/posts"}],"about":[{"href":"https:\/\/www.europesays.com\/fr\/wp-json\/wp\/v2\/types\/post"}],"author":[{"embeddable":true,"href":"https:\/\/www.europesays.com\/fr\/wp-json\/wp\/v2\/users\/2"}],"replies":[{"embeddable":true,"href":"https:\/\/www.europesays.com\/fr\/wp-json\/wp\/v2\/comments?post=216095"}],"version-history":[{"count":0,"href":"https:\/\/www.europesays.com\/fr\/wp-json\/wp\/v2\/posts\/216095\/revisions"}],"wp:featuredmedia":[{"embeddable":true,"href":"https:\/\/www.europesays.com\/fr\/wp-json\/wp\/v2\/media\/216096"}],"wp:attachment":[{"href":"https:\/\/www.europesays.com\/fr\/wp-json\/wp\/v2\/media?parent=216095"}],"wp:term":[{"taxonomy":"category","embeddable":true,"href":"https:\/\/www.europesays.com\/fr\/wp-json\/wp\/v2\/categories?post=216095"},{"taxonomy":"post_tag","embeddable":true,"href":"https:\/\/www.europesays.com\/fr\/wp-json\/wp\/v2\/tags?post=216095"}],"curies":[{"name":"wp","href":"https:\/\/api.w.org\/{rel}","templated":true}]}}