{"id":216111,"date":"2025-06-30T16:48:10","date_gmt":"2025-06-30T16:48:10","guid":{"rendered":"https:\/\/www.europesays.com\/fr\/216111\/"},"modified":"2025-06-30T16:48:10","modified_gmt":"2025-06-30T16:48:10","slug":"le-chef-de-lopposition-israelienne-appelle-a-la-fin-de-la-guerre","status":"publish","type":"post","link":"https:\/\/www.europesays.com\/fr\/216111\/","title":{"rendered":"le chef de l&rsquo;opposition isra\u00e9lienne appelle \u00e0 la fin de la guerre"},"content":{"rendered":"<p>\u00abLe Hamas ne sera pas \u00e9limin\u00e9 tant qu\u2019un gouvernement alternatif ne sera pas mis en place \u00e0 Gaza\u00bb, a expliqu\u00e9 Ya\u00efr Lapid en appelant \u00e0 une concertation avec des pays arabes, dont l\u2019\u00c9gypte, pour qu\u2019ils prennent le contr\u00f4le de la bande de Gaza.<\/p>\n<p class=\"fig-paragraph\">Le chef de l&rsquo;opposition isra\u00e9lienne\u00a0<a href=\"http:\/\/www.lefigaro.fr\/international\/yair-lapid-apres-les-revirements-d-emmanuel-macron-sur-gaza-je-ne-doute-pas-de-son-soutien-pour-notre-pays-20231124\" data-fig-type=\"Article\" data-gtm-custom-categorie=\"navigation\" data-gtm-custom-action=\"crossclick\" data-gtm-custom-label=\"Contextuel\" data-gtm-event=\"customEventSPE\" data-fig-domain=\"LEFIGARO\" target=\"_blank\" rel=\"noopener\">Ya\u00efr Lapid<\/a>\u00a0a d\u00e9clar\u00e9 ce lundi qu&rsquo;<a href=\"http:\/\/www.lefigaro.fr\/international\/au-moins-900-morts-en-iran-pendant-le-conflit-avec-israel-selon-un-media-officiel-20250630\" target=\"_blank\" data-fig-type=\"NewsFlash\" rel=\"noopener\" data-gtm-custom-categorie=\"navigation\" data-gtm-custom-action=\"crossclick\" data-gtm-custom-label=\"Contextuel\" data-gtm-event=\"customEventSPE\" data-fig-domain=\"LEFIGARO\">Isra\u00ebl<\/a>\u00a0n&rsquo;avait \u00abplus aucun int\u00e9r\u00eat \u00e0 poursuivre la guerre \u00e0 Gaza\u00bb, lors de la r\u00e9union hebdomadaire de son groupe parlementaire. \u00abL&rsquo;\u00c9tat d&rsquo;Isra\u00ebl n&rsquo;a plus aucun int\u00e9r\u00eat \u00e0 poursuivre la guerre \u00e0 Gaza, elle ne fait que causer des dommages sur le plan s\u00e9curitaire, politique et \u00e9conomique\u00bb, a dit Ya\u00efr Lapid devant les \u00e9lus de son parti de centre droit Yesh Atid.<\/p>\n<p class=\"fig-paragraph\">Il a \u00e9galement affirm\u00e9 que l&rsquo;arm\u00e9e partageait son point de vue, tout en rappelant que des\u00a0<a href=\"http:\/\/www.lefigaro.fr\/international\/deux-soldats-israeliens-abattus-par-un-tireur-embusque-en-cisjordanie-20250204\" target=\"_blank\" data-fig-type=\"NewsFlash\" rel=\"noopener\" data-gtm-custom-categorie=\"navigation\" data-gtm-custom-action=\"crossclick\" data-gtm-custom-label=\"Contextuel\" data-gtm-event=\"customEventSPE\" data-fig-domain=\"LEFIGARO\">soldats isra\u00e9liens<\/a>\u00a0mourraient r\u00e9guli\u00e8rement dans le territoire c\u00f4tier palestinien &#8212; au moins 442 depuis le d\u00e9but de l&rsquo;offensive terrestre le 27 octobre 2023, selon les autorit\u00e9s.<\/p>\n<p class=\"fig-paragraph\">\u00abLe chef d&rsquo;\u00e9tat-major Eyal Zamir s&rsquo;est pr\u00e9sent\u00e9 hier (dimanche) devant le cabinet et a d\u00e9clar\u00e9 que les instances politiques devaient d\u00e9cider du prochain objectif. Cela signifie que l&rsquo;arm\u00e9e n&rsquo;a plus aucun objectif \u00e0 Gaza\u00bb, a dit le chef de l\u2019opposition tout en listant les cons\u00e9quences n\u00e9fastes de la guerre sur l&rsquo;\u00e9conomie.<\/p>\n<p>56.531 morts palestiniens, 49 otages isra\u00e9liens<\/p>\n<p class=\"fig-paragraph\">La guerre a \u00e9t\u00e9 d\u00e9clench\u00e9e apr\u00e8s l&rsquo;attaque sans pr\u00e9c\u00e9dent du\u00a0<a href=\"http:\/\/www.lefigaro.fr\/international\/conflit-israel-hamas-le-renseignement-turc-discute-d-une-treve-a-gaza-avec-le-hamas-20250629\" target=\"_blank\" data-fig-type=\"NewsFlash\" rel=\"noopener\" data-gtm-custom-categorie=\"navigation\" data-gtm-custom-action=\"crossclick\" data-gtm-custom-label=\"Contextuel\" data-gtm-event=\"customEventSPE\" data-fig-domain=\"LEFIGARO\">Hamas\u00a0<\/a>sur Isra\u00ebl, le 7 octobre 2023, Isra\u00ebl avait alors jur\u00e9 d&rsquo;an\u00e9antir le mouvement islamiste palestinien, mais apr\u00e8s plus de 20 mois de guerre, le Hamas existe toujours dans la bande de Gaza. \u00abLe Hamas ne sera pas \u00e9limin\u00e9 tant qu&rsquo;un gouvernement alternatif ne sera pas mis en place \u00e0 Gaza\u00bb, a expliqu\u00e9 celui-ci en appelant \u00e0 une concertation avec des pays arabes, dont l&rsquo;\u00c9gypte, pour qu&rsquo;ils prennent le contr\u00f4le de la bande de Gaza &#8211; ce qu&rsquo;aucun pays n&rsquo;a dit souhaiter pour le moment.<\/p>\n<p class=\"fig-paragraph\">Ya\u00efr Lapid est connu pour ses prises de position contre l&rsquo;actuel gouvernement isra\u00e9lien, l&rsquo;un des plus \u00e0 droite de l&rsquo;histoire du pays. Apr\u00e8s le\u00a0<a href=\"http:\/\/www.lefigaro.fr\/flash-actu\/cessez-le-feu-l-iran-exprime-de-serieux-doutes-quant-au-respect-des-engagements-d-israel-20250629\" target=\"_blank\" data-fig-type=\"NewsFlash\" rel=\"noopener\" data-gtm-custom-categorie=\"navigation\" data-gtm-custom-action=\"crossclick\" data-gtm-custom-label=\"Contextuel\" data-gtm-event=\"customEventSPE\" data-fig-domain=\"LEFIGARO\">cessez-le-feu\u00a0<\/a>entr\u00e9 en vigueur avec l&rsquo;Iran le 24 juin, le chef d&rsquo;\u00e9tat-major isra\u00e9lien avait annonc\u00e9 que l&rsquo;arm\u00e9e se concentrait \u00abde nouveau sur Gaza, pour ramener les otages \u00e0 la maison et d\u00e9manteler le r\u00e9gime du Hamas\u00bb. Le Premier ministre isra\u00e9lien Benyamin Netanyahou avait \u00e9voqu\u00e9 dimanche des \u00abopportunit\u00e9s\u00bb pour la lib\u00e9ration des otages \u00e0 Gaza, mais aucune piste solide n&rsquo;a \u00e9t\u00e9 avanc\u00e9e jusqu&rsquo;\u00e0 maintenant.<\/p>\n<p class=\"fig-paragraph\">Sur les 251 personnes enlev\u00e9es en Isra\u00ebl le 7 octobre 2023, 49 sont toujours retenues \u00e0 Gaza, dont 27 ont \u00e9t\u00e9 d\u00e9clar\u00e9es mortes par l&rsquo;arm\u00e9e isra\u00e9lienne. L&rsquo;offensive d\u00e9vastatrice de l&rsquo;arm\u00e9e isra\u00e9lienne \u00e0 Gaza a fait 56.531 morts, majoritairement des civils, selon des donn\u00e9es du minist\u00e8re de la Sant\u00e9 du Hamas, jug\u00e9es fiables par l&rsquo;ONU. La guerre a aussi provoqu\u00e9 une catastrophe humanitaire dans le territoire assi\u00e9g\u00e9.<\/p>\n","protected":false},"excerpt":{"rendered":"\u00abLe Hamas ne sera pas \u00e9limin\u00e9 tant qu\u2019un gouvernement alternatif ne sera pas mis en place \u00e0 Gaza\u00bb,&hellip;\n","protected":false},"author":2,"featured_media":216112,"comment_status":"","ping_status":"","sticky":false,"template":"","format":"standard","meta":{"footnotes":""},"categories":[5],"tags":[1111,47,11,952,1109,1112,118,1108,107,1106,1107,1011,27,1110,1114,14,664,12,1113,316,28,35553],"class_list":{"0":"post-216111","1":"post","2":"type-post","3":"status-publish","4":"format-standard","5":"has-post-thumbnail","7":"category-international","8":"tag-actu","9":"tag-actualite","10":"tag-actualites","11":"tag-benyamin-netanyahou","12":"tag-breves","13":"tag-depeches","14":"tag-faits-divers","15":"tag-fil","16":"tag-fil-info","17":"tag-flash","18":"tag-flash-actu","19":"tag-fr","20":"tag-france","21":"tag-informations","22":"tag-infos","23":"tag-international","24":"tag-israel","25":"tag-news","26":"tag-nouvelles","27":"tag-politique","28":"tag-world","29":"tag-yair-lapid"},"share_on_mastodon":{"url":"https:\/\/pubeurope.com\/@fr\/114773341223537597","error":""},"_links":{"self":[{"href":"https:\/\/www.europesays.com\/fr\/wp-json\/wp\/v2\/posts\/216111","targetHints":{"allow":["GET"]}}],"collection":[{"href":"https:\/\/www.europesays.com\/fr\/wp-json\/wp\/v2\/posts"}],"about":[{"href":"https:\/\/www.europesays.com\/fr\/wp-json\/wp\/v2\/types\/post"}],"author":[{"embeddable":true,"href":"https:\/\/www.europesays.com\/fr\/wp-json\/wp\/v2\/users\/2"}],"replies":[{"embeddable":true,"href":"https:\/\/www.europesays.com\/fr\/wp-json\/wp\/v2\/comments?post=216111"}],"version-history":[{"count":0,"href":"https:\/\/www.europesays.com\/fr\/wp-json\/wp\/v2\/posts\/216111\/revisions"}],"wp:featuredmedia":[{"embeddable":true,"href":"https:\/\/www.europesays.com\/fr\/wp-json\/wp\/v2\/media\/216112"}],"wp:attachment":[{"href":"https:\/\/www.europesays.com\/fr\/wp-json\/wp\/v2\/media?parent=216111"}],"wp:term":[{"taxonomy":"category","embeddable":true,"href":"https:\/\/www.europesays.com\/fr\/wp-json\/wp\/v2\/categories?post=216111"},{"taxonomy":"post_tag","embeddable":true,"href":"https:\/\/www.europesays.com\/fr\/wp-json\/wp\/v2\/tags?post=216111"}],"curies":[{"name":"wp","href":"https:\/\/api.w.org\/{rel}","templated":true}]}}