{"id":216113,"date":"2025-06-30T16:49:08","date_gmt":"2025-06-30T16:49:08","guid":{"rendered":"https:\/\/www.europesays.com\/fr\/216113\/"},"modified":"2025-06-30T16:49:08","modified_gmt":"2025-06-30T16:49:08","slug":"direct-canicule-oui-on-peut-mourir-dun-coup-de-chaud-meme-si-on-nest-pas-age-le-parisien","status":"publish","type":"post","link":"https:\/\/www.europesays.com\/fr\/216113\/","title":{"rendered":"DIRECT. Canicule : \u00ab Oui, on peut mourir d&#039;un coup de chaud, m\u00eame si on n&#039;est pas \u00e2g\u00e9 \u00bb &#8211; Le Parisien"},"content":{"rendered":"<ol>\n<li><a href=\"https:\/\/news.google.com\/rss\/articles\/CBMilgJBVV95cUxPR0tWSW5PX21ubzI2UHRUbDRXbUNqdlNMZjhPTlVabDBGZTM0b1hrMFBYQ0RTa2VZRHlvOGJBZjVoUm15QjB4ck1XQTI0ZWlab3dGbXl1d3oyRXJmNXh6NnR6Wm1XRXB4Sk81a3VyVGU4ZVJOLVlKd1VqNG9DdHozbVBveXZRWTg3RXNyTWpLU1BVa1dpRWZVdG05bF9RakhfWWlWSjVJNFhXZm9WZGlNcGRmcFZ5OFY1ejRRSy1WLTRqZUd3WlVZNEgxeXZBcW8xSWluUmtHUUJTbW55bVN0WVpQdHFNTjR3bUdZMkhQX05xV1hIVU14OG9ZV2dsaGE0N0lseEJKVlBjOVh3VV9GU0RGQmpuQQ?oc=5\" target=\"_blank\" rel=\"noopener\">DIRECT. Canicule : \u00ab Oui, on peut mourir d&rsquo;un coup de chaud, m\u00eame si on n&rsquo;est pas \u00e2g\u00e9 \u00bb<\/a>&nbsp;&nbsp;Le Parisien<\/li>\n<li><a href=\"https:\/\/news.google.com\/rss\/articles\/CBMi1AFBVV95cUxQNUUzQ2RFaGV4UDRUUDkzYW05SjZmTXhaYWd4d2tzQXNMUDFZT0dpWEItSVM2T3ZRQ2dBMWpORDNwRm1RWDZLaUxzVGpQaHJGTWxJQ2JHLXgyQmk5VTR2N2tyR2FFaUVvbk85aVppU0JYQWs3Ym14d0hOQ0VTSXZpY2p3U1BtSkVmV0k4dDQyVHhtNzFkNkVuOGI4Q25HdU5aN20tbUVGMTVWNUMyQjZPVm0xNUNDS0s4V3J5d2o5U3ZQVzRlTTdZOUQ1bUdwV1RubWFJNw?oc=5\" target=\"_blank\" rel=\"noopener\">Canicule : \u00ab il va falloir changer notre mode de vie \u00bb, un m\u00e9decin alerte sur les effets de la chaleur<\/a>&nbsp;&nbsp;Sud Ouest<\/li>\n<li><a href=\"https:\/\/news.google.com\/rss\/articles\/CBMinAFBVV95cUxPUlBkQWtLTUpncHljc0x3bmZxd1RNWXBkZ3l6UG5wQ05RdnozMkJJQ3VmQW1RZGZSZ3M3eDJpb3pIdHFDSzRUYmh3b1AycVQyYks4ZW1neFlyQ1RhZFlyWXFpUE5rMnRaVXI1UnhVWXFFVnJwek1BdEVVSGQ3WlQtZUg2NzZtcDhlV0Jkb0x2Z1Ezc1ZtOUhXb2FKWTU?oc=5\" target=\"_blank\" rel=\"noopener\">Loire. Canicule : des services d\u2019urgence pas tous en surchauffe<\/a>&nbsp;&nbsp;Le Progr\u00e8s<\/li>\n<li><a href=\"https:\/\/news.google.com\/rss\/articles\/CBMirwFBVV95cUxNQnFGejN2c24xcWliYk5iMnBDUE80T0hQRERnc1VhTG92MmxQZ0dyM2JiTVdCdHhUd3JETUlxTDB2bXFJaW9JaUtCcEpqX3NHdWZVbXRzai1waDQ0SW52QnVKalFBalhBemYxSG5HSXM2X2g4Y0tiNUxfcHZERzVqZjV4STBTQ2dyVEpqNkZGRUg3aDY0RlBtZWl5V05vUHlic1hHZk16Q2toNnFDa09R?oc=5\" target=\"_blank\" rel=\"noopener\">PODCAST : Face \u00e0 Face : Christophe Prudhomme &#8211; 30\/06<\/a>&nbsp;&nbsp;BFMTV<\/li>\n<li><a href=\"https:\/\/news.google.com\/rss\/articles\/CBMivwJBVV95cUxPUlhCaWo1Wm5CcWM4dXVKYWh3YmsyeTcwV0o1RElqRjB6UGNwMVprYnRFLWhfUXVCWWFLRUcwaHZOeVd4NGU4NW1zWnZMMWFLWlBIQ3hvaEF3czVpZ1pPOC1XVjRoMGtINFBjSGplYVplN1c2Rno3bkEwb0luQWEyRGlqLWFLT1VfS0N2VnQ0RnYyM2J5SmRTd3NUaUZVXy1SRzVnZ2ZrTDlBS3V2aGRPeE5XYnVWUU40MmZUMzBycmtfeVBSMmI0RnRkNFRKSUJhb3EwU2JESk5HMy1obFlxZ2MyQ09LaENvNW9NMzNxZWo5YnM5anRSNzZjUzY4MUVuQ0pUWUMwSlZva1hmbnZ1Qi04c2F2RloySHFlUkxfZmFvTEh6TGYteGxJaVBGandMTkk3clpxTlNnR2dYbGNJ?oc=5\" target=\"_blank\" rel=\"noopener\">Budget 2026: \u00ab\u00a0Il n&rsquo;y a pas de d\u00e9ficit \u00e0 la S\u00e9curit\u00e9 sociale, il y a un manque de recettes\u00a0\u00bb, estime Christophe Prudhomme (Association des m\u00e9decins urgentistes de France)<\/a>&nbsp;&nbsp;Actualit\u00e9s \u2013 Orange<\/li>\n<\/ol>\n","protected":false},"excerpt":{"rendered":"DIRECT. Canicule : \u00ab Oui, on peut mourir d&rsquo;un coup de chaud, m\u00eame si on n&rsquo;est pas \u00e2g\u00e9&hellip;\n","protected":false},"author":2,"featured_media":216114,"comment_status":"","ping_status":"","sticky":false,"template":"","format":"standard","meta":{"footnotes":""},"categories":[4],"tags":[11,1011,27,820,12,25],"class_list":{"0":"post-216113","1":"post","2":"type-post","3":"status-publish","4":"format-standard","5":"has-post-thumbnail","7":"category-france","8":"tag-actualites","9":"tag-fr","10":"tag-france","11":"tag-live","12":"tag-news","13":"tag-republique-francaise"},"share_on_mastodon":{"url":"https:\/\/pubeurope.com\/@fr\/114773345170398632","error":""},"_links":{"self":[{"href":"https:\/\/www.europesays.com\/fr\/wp-json\/wp\/v2\/posts\/216113","targetHints":{"allow":["GET"]}}],"collection":[{"href":"https:\/\/www.europesays.com\/fr\/wp-json\/wp\/v2\/posts"}],"about":[{"href":"https:\/\/www.europesays.com\/fr\/wp-json\/wp\/v2\/types\/post"}],"author":[{"embeddable":true,"href":"https:\/\/www.europesays.com\/fr\/wp-json\/wp\/v2\/users\/2"}],"replies":[{"embeddable":true,"href":"https:\/\/www.europesays.com\/fr\/wp-json\/wp\/v2\/comments?post=216113"}],"version-history":[{"count":0,"href":"https:\/\/www.europesays.com\/fr\/wp-json\/wp\/v2\/posts\/216113\/revisions"}],"wp:featuredmedia":[{"embeddable":true,"href":"https:\/\/www.europesays.com\/fr\/wp-json\/wp\/v2\/media\/216114"}],"wp:attachment":[{"href":"https:\/\/www.europesays.com\/fr\/wp-json\/wp\/v2\/media?parent=216113"}],"wp:term":[{"taxonomy":"category","embeddable":true,"href":"https:\/\/www.europesays.com\/fr\/wp-json\/wp\/v2\/categories?post=216113"},{"taxonomy":"post_tag","embeddable":true,"href":"https:\/\/www.europesays.com\/fr\/wp-json\/wp\/v2\/tags?post=216113"}],"curies":[{"name":"wp","href":"https:\/\/api.w.org\/{rel}","templated":true}]}}