{"id":216117,"date":"2025-06-30T16:51:10","date_gmt":"2025-06-30T16:51:10","guid":{"rendered":"https:\/\/www.europesays.com\/fr\/216117\/"},"modified":"2025-06-30T16:51:10","modified_gmt":"2025-06-30T16:51:10","slug":"firminy-en-20-minutes-lhelico-depose-les-quatre-mats-declairage-du-stade-le-corbusier","status":"publish","type":"post","link":"https:\/\/www.europesays.com\/fr\/216117\/","title":{"rendered":"Firminy. En 20 minutes, l\u2019h\u00e9lico d\u00e9pose les quatre m\u00e2ts d\u2019\u00e9clairage du stade Le Corbusier"},"content":{"rendered":"<p>Un ballet a\u00e9rien au-dessus du stade municipal Le Corbusier, on ne voit pas \u00e7a tous les jours\u2026 Alors, malgr\u00e9 la chaleur \u00e9crasante de ce lundi, en tout d\u00e9but d\u2019apr\u00e8s-midi, quelques Appelous ont pris place \u00e0 l\u2019ombre du gymnase municipal, le GM 4, pour assister au spectacle, tr\u00e8s technique, du Super-puma.<\/p>\n<p>  Un m\u00e2t d\u2019\u00e9clairage p\u00e8se 2,7 tonnes et mesure 29 m\u00e8tres de haut<\/p>\n<p>La mission de l\u2019h\u00e9lico, c\u2019\u00e9tait de d\u00e9poser les quatre m\u00e2ts d\u2019\u00e9clairage autour du stade et de la piste d\u2019athl\u00e9tisme. Et il n\u2019aura fallu gu\u00e8re plus de 20 minutes \u00e0 la tr\u00e8s chevronn\u00e9e \u00e9quipe de SAF h\u00e9licopt\u00e8re pour faire le job. Quatre rotations entre le terrain stabilis\u00e9 de la maison de la Culture o\u00f9 se trouvaient les m\u00e2ts et le stade Le Corbusier\u2026 Soit cinq minutes par rotation, pour soulever dans un grand nuage de poussi\u00e8re le m\u00e2t qui p\u00e8se 2,7 tonnes et mesure 29 m\u00e8tres de hauteur. Puis, l\u2019\u00e9quipe au sol constitu\u00e9 d\u2019ouvriers de l\u2019entreprise Sobeca assurait la fixation.<\/p>\n<p>  Les projecteurs seront install\u00e9s dans la semaine<\/p>\n<p>Pour le chef de chantier, Thibaut P\u00e9lissier, il s\u2019agit l\u00e0 de l\u2019aboutissement d\u2019un gros chantier qui aura n\u00e9cessit\u00e9 beaucoup de pr\u00e9paration. \u00ab\u00a0On a commenc\u00e9 \u00e0 travailler sur ce dossier au mois de d\u00e9cembre, la principale difficult\u00e9 \u00e9tant l\u2019acc\u00e8s au site.\u00a0\u00bb Les m\u00e2ts ont donc \u00e9t\u00e9 achemin\u00e9s par camion, d\u00e9pos\u00e9s sur le terrain stabilis\u00e9 de la maison de la Culture ( <a href=\"https:\/\/www.leprogres.fr\/culture-loisirs\/2022\/07\/29\/le-corbusier-depuis-six-ans-ce-que-le-classement-unesco-a-change\" target=\"_blank\" rel=\"nofollow noopener\">class\u00e9e au patrimoine mondial de l\u2019Unesco<\/a> ) avant d\u2019\u00eatre assembl\u00e9s. Une \u00e9tape qui a dur\u00e9 une semaine\u2026 L\u2019entreprise a \u00e9galement r\u00e9alis\u00e9 les dispositifs de fixation des m\u00e2ts dans le sol, avec les tiges et le syst\u00e8me d\u2019alimentation.<\/p>\n<p>Et l\u2019entreprise va, dans la semaine, parfaire l\u2019installation\u00a0: \u00ab\u00a0Il y a un syst\u00e8me de herse mobile qui permet de monter et descendre sur chaque m\u00e2t, qui va nous permettre d\u2019installer les projecteurs. Il y en aura neuf par m\u00e2t, pour pouvoir \u00e9clairer \u00e0 la fois le stade et la piste d\u2019athl\u00e9tisme\u00a0\u00bb. Une fois le syst\u00e8me test\u00e9 par l\u2019entreprise, il sera compl\u00e8tement op\u00e9rationnel.<\/p>\n<p>  Pour le maire Julien Luya, cet \u00e9clairage va \u00ab\u00a0permettre de cr\u00e9er toute une vie autour des matches et comp\u00e9titions sportives\u00a0\u00bb<\/p>\n<p>Une satisfaction pour le maire Julien Luya\u00a0: \u00ab\u00a0Le manque d\u2019\u00e9clairage \u00e9tait un vrai probl\u00e8me, les \u00e9quipes veulent jouer en soir\u00e9e et c\u2019est plus compliqu\u00e9 au Firmament. Cette nouvelle installation va permettre de cr\u00e9er toute une vie autour des manifestations, des comp\u00e9titions sportives que ce soit le foot avec nos seniors hommes et femmes, l\u2019athl\u00e9tisme, le rugby,\u00a0etc\u00a0\u00bb. De plus, cet \u00e9clairage \u00ab\u00a0donne corps \u00e0 la volont\u00e9 de Le Corbusier d\u2019avoir un site occup\u00e9, vivant qui fait l\u2019objet d\u2019une vraie appropriation de la part de la population\u00a0\u00bb. Mais, forc\u00e9ment, dans <a href=\"https:\/\/www.leprogres.fr\/economie\/2022\/02\/17\/le-stade-le-corbusier-parmi-les-dix-plus-beaux-stades-de-foot-en-france\" target=\"_blank\" rel=\"nofollow noopener\">un stade class\u00e9 monument historique<\/a> &#8211; le seul de l\u2019Hexagone &#8211; il a fallu avoir l\u2019aval des B\u00e2timents de France et prendre quelques pr\u00e9cautions\u2026 \u00ab\u00a0Ces m\u00e2ts sont conformes \u00e0 l\u2019esprit du site, confirme le maire, les pieds sont larges pour pouvoir cacher les installations \u00e9lectriques, tout est int\u00e9gr\u00e9.\u00a0\u00bb<\/p>\n<p>La patience des clubs sportifs est donc, enfin, r\u00e9compens\u00e9e. Cette quatri\u00e8me et derni\u00e8re tranche de travaux du stade Le Corbusier aura mis du temps \u00e0 se concr\u00e9tiser. En 2022, la Ville annon\u00e7ait <a href=\"https:\/\/www.leprogres.fr\/politique\/2022\/09\/27\/stade-le-corbusier-la-derniere-tranche-de-travaux-va-bientot-demarrer\" target=\"_blank\" rel=\"nofollow noopener\">un d\u00e9marrage rapide<\/a> pour pouvoir recevoir des manifestations \u00e0 l\u2019occasion de la Coupe du monde de rugby de 2023 et les JO de 2024\u2026<\/p>\n<p>Mais, faute de budget, le dossier a \u00e9t\u00e9 report\u00e9, d\u2019une ann\u00e9e sur l\u2019autre. 2025 est donc l\u2019ann\u00e9e de la concr\u00e9tisation.<\/p>\n","protected":false},"excerpt":{"rendered":"Un ballet a\u00e9rien au-dessus du stade municipal Le Corbusier, on ne voit pas \u00e7a tous les jours\u2026 Alors,&hellip;\n","protected":false},"author":2,"featured_media":216118,"comment_status":"","ping_status":"","sticky":false,"template":"","format":"standard","meta":{"footnotes":""},"categories":[9653],"tags":[1111,11,2430,7539,1777,674,10282,10283,1011,27,1757,12,25,4001,104],"class_list":{"0":"post-216117","1":"post","2":"type-post","3":"status-publish","4":"format-standard","5":"has-post-thumbnail","7":"category-saint-etienne","8":"tag-actu","9":"tag-actualites","10":"tag-auvergne-rhone-alpes","11":"tag-edition-loire-sud","12":"tag-eu","13":"tag-europe","14":"tag-firminy","15":"tag-firminy-ville","16":"tag-fr","17":"tag-france","18":"tag-insolite","19":"tag-news","20":"tag-republique-francaise","21":"tag-saint-etienne","22":"tag-societe"},"share_on_mastodon":{"url":"https:\/\/pubeurope.com\/@fr\/114773352998608794","error":""},"_links":{"self":[{"href":"https:\/\/www.europesays.com\/fr\/wp-json\/wp\/v2\/posts\/216117","targetHints":{"allow":["GET"]}}],"collection":[{"href":"https:\/\/www.europesays.com\/fr\/wp-json\/wp\/v2\/posts"}],"about":[{"href":"https:\/\/www.europesays.com\/fr\/wp-json\/wp\/v2\/types\/post"}],"author":[{"embeddable":true,"href":"https:\/\/www.europesays.com\/fr\/wp-json\/wp\/v2\/users\/2"}],"replies":[{"embeddable":true,"href":"https:\/\/www.europesays.com\/fr\/wp-json\/wp\/v2\/comments?post=216117"}],"version-history":[{"count":0,"href":"https:\/\/www.europesays.com\/fr\/wp-json\/wp\/v2\/posts\/216117\/revisions"}],"wp:featuredmedia":[{"embeddable":true,"href":"https:\/\/www.europesays.com\/fr\/wp-json\/wp\/v2\/media\/216118"}],"wp:attachment":[{"href":"https:\/\/www.europesays.com\/fr\/wp-json\/wp\/v2\/media?parent=216117"}],"wp:term":[{"taxonomy":"category","embeddable":true,"href":"https:\/\/www.europesays.com\/fr\/wp-json\/wp\/v2\/categories?post=216117"},{"taxonomy":"post_tag","embeddable":true,"href":"https:\/\/www.europesays.com\/fr\/wp-json\/wp\/v2\/tags?post=216117"}],"curies":[{"name":"wp","href":"https:\/\/api.w.org\/{rel}","templated":true}]}}