{"id":216119,"date":"2025-06-30T16:52:17","date_gmt":"2025-06-30T16:52:17","guid":{"rendered":"https:\/\/www.europesays.com\/fr\/216119\/"},"modified":"2025-06-30T16:52:17","modified_gmt":"2025-06-30T16:52:17","slug":"saint-etienne-les-remiremont-25-cm2-recompenses-avant-leur-entree-en-6%e1%b5%89","status":"publish","type":"post","link":"https:\/\/www.europesays.com\/fr\/216119\/","title":{"rendered":"Saint-\u00c9tienne-l\u00e8s-Remiremont : 25 CM2 r\u00e9compens\u00e9s avant leur entr\u00e9e en 6\u1d49"},"content":{"rendered":"<p>\t\t\t\t\t\t\t\t<a href=\"https:\/\/www.europesays.com\/fr\/wp-content\/uploads\/2025\/06\/remise-recompense-st-etienne.jpg\" data-slb-active=\"1\" data-slb-asset=\"578852144\" data-slb-internal=\"0\" data-slb-group=\"slb\"><img aria-describedby=\"caption-attachment-83284\" decoding=\"async\" loading=\"lazy\" class=\"size-full wp-image-83284\" src=\"https:\/\/www.europesays.com\/fr\/wp-content\/uploads\/2025\/06\/remise-recompense-st-etienne.jpg\" alt=\"\" width=\"2048\" height=\"1364\"  \/><\/a><\/p>\n<p id=\"caption-attachment-83284\" class=\"wp-caption-text\">Photographie : Mairie de Saint-Etienne-l\u00e8s-Remiremont.<\/p>\n<p data-start=\"92\" data-end=\"437\"><strong>Le vendredi 27 juin 2025, l\u2019\u00e9cole de Seux s\u2019est v\u00eatue de ses plus beaux atours pour c\u00e9l\u00e9brer la remise des r\u00e9compenses aux \u00e9l\u00e8ves de CM2 sur le point d\u2019entrer en 6\u1d49. Au total, 25 laur\u00e9ats \u2014 23 de l\u2019\u00e9cole du Fossard et 2 de l\u2019\u00e9cole de Seux \u2014 ont \u00e9t\u00e9 mis \u00e0 l\u2019honneur devant leurs enseignants et les \u00e9lus municipaux.<\/strong><\/p>\n<p data-start=\"439\" data-end=\"569\">C\u2019est M. le Maire, Michel Demange, accompagn\u00e9 de Dani\u00e8le Faivre, deuxi\u00e8me adjointe, qui a remis chacun des cadeaux offerts par la mairie :<\/p>\n<ul data-start=\"570\" data-end=\"748\">\n<li data-start=\"570\" data-end=\"645\">\n<p data-start=\"572\" data-end=\"645\">un dictionnaire grand format, personnalis\u00e9 \u00e0 l\u2019attention de l\u2019\u00e9l\u00e8ve<\/p>\n<\/li>\n<li data-start=\"646\" data-end=\"686\">\n<p data-start=\"648\" data-end=\"686\">un dictionnaire fran\u00e7ais-anglais<\/p>\n<\/li>\n<li data-start=\"687\" data-end=\"728\">\n<p data-start=\"689\" data-end=\"728\">une calculatrice CASIO FX coll\u00e8ge<\/p>\n<\/li>\n<li data-start=\"729\" data-end=\"748\">\n<p data-start=\"731\" data-end=\"748\">une cl\u00e9 USB<\/p>\n<\/li>\n<\/ul>\n<p data-start=\"750\" data-end=\"1158\">Sur la sc\u00e8ne install\u00e9e dans la cour, les jeunes coll\u00e9giens en herbe ont re\u00e7u leurs outils scolaires en pr\u00e9sence d\u2019Aline Jacquel, responsable du service scolaire et p\u00e9riscolaire, et de leurs professeurs, Mme Barbaux et M. Toba. Chacun a pu mesurer l\u2019importance de ces fournitures \u2014 offertes par la Municipalit\u00e9 \u2014 pour r\u00e9ussir pleinement leur premi\u00e8re ann\u00e9e de coll\u00e8ge \u00e0 la rentr\u00e9e de septembre.<\/p>\n<p data-start=\"1160\" data-end=\"1407\" data-is-last-node=\"\" data-is-only-node=\"\">Dans une ambiance \u00e0 la fois joyeuse et solennelle, la c\u00e9r\u00e9monie a soulign\u00e9 le travail et les progr\u00e8s des \u00e9l\u00e8ves tout au long de leur cycle \u00e9l\u00e9mentaire, tout en les encourageant \u00e0 poursuivre leurs efforts dans ce nouveau chapitre de leur scolarit\u00e9.<\/p>\n","protected":false},"excerpt":{"rendered":"Photographie : Mairie de Saint-Etienne-l\u00e8s-Remiremont. Le vendredi 27 juin 2025, l\u2019\u00e9cole de Seux s\u2019est v\u00eatue de ses plus&hellip;\n","protected":false},"author":2,"featured_media":216120,"comment_status":"","ping_status":"","sticky":false,"template":"","format":"standard","meta":{"footnotes":""},"categories":[9653],"tags":[1111,11,2430,1777,674,1011,27,12,35554,25,4001,33907],"class_list":{"0":"post-216119","1":"post","2":"type-post","3":"status-publish","4":"format-standard","5":"has-post-thumbnail","7":"category-saint-etienne","8":"tag-actu","9":"tag-actualites","10":"tag-auvergne-rhone-alpes","11":"tag-eu","12":"tag-europe","13":"tag-fr","14":"tag-france","15":"tag-news","16":"tag-recompenses-cm2","17":"tag-republique-francaise","18":"tag-saint-etienne","19":"tag-saint-etienne-les-remiremont"},"share_on_mastodon":{"url":"https:\/\/pubeurope.com\/@fr\/114773357094138415","error":""},"_links":{"self":[{"href":"https:\/\/www.europesays.com\/fr\/wp-json\/wp\/v2\/posts\/216119","targetHints":{"allow":["GET"]}}],"collection":[{"href":"https:\/\/www.europesays.com\/fr\/wp-json\/wp\/v2\/posts"}],"about":[{"href":"https:\/\/www.europesays.com\/fr\/wp-json\/wp\/v2\/types\/post"}],"author":[{"embeddable":true,"href":"https:\/\/www.europesays.com\/fr\/wp-json\/wp\/v2\/users\/2"}],"replies":[{"embeddable":true,"href":"https:\/\/www.europesays.com\/fr\/wp-json\/wp\/v2\/comments?post=216119"}],"version-history":[{"count":0,"href":"https:\/\/www.europesays.com\/fr\/wp-json\/wp\/v2\/posts\/216119\/revisions"}],"wp:featuredmedia":[{"embeddable":true,"href":"https:\/\/www.europesays.com\/fr\/wp-json\/wp\/v2\/media\/216120"}],"wp:attachment":[{"href":"https:\/\/www.europesays.com\/fr\/wp-json\/wp\/v2\/media?parent=216119"}],"wp:term":[{"taxonomy":"category","embeddable":true,"href":"https:\/\/www.europesays.com\/fr\/wp-json\/wp\/v2\/categories?post=216119"},{"taxonomy":"post_tag","embeddable":true,"href":"https:\/\/www.europesays.com\/fr\/wp-json\/wp\/v2\/tags?post=216119"}],"curies":[{"name":"wp","href":"https:\/\/api.w.org\/{rel}","templated":true}]}}