{"id":216123,"date":"2025-06-30T16:55:09","date_gmt":"2025-06-30T16:55:09","guid":{"rendered":"https:\/\/www.europesays.com\/fr\/216123\/"},"modified":"2025-06-30T16:55:09","modified_gmt":"2025-06-30T16:55:09","slug":"sylvain-lizon-a-la-tete-de-lensad-nancy","status":"publish","type":"post","link":"https:\/\/www.europesays.com\/fr\/216123\/","title":{"rendered":"Sylvain Lizon \u00e0 la t\u00eate de l&rsquo;ENSAD Nancy"},"content":{"rendered":"<p>Directeur de la Villa Arson de Nice depuis 2019, Sylvain Lizon a pris le 30 juin ses nouvelles fonctions \u00e0\u00a0l&rsquo;\u00c9cole nationale sup\u00e9rieure d&rsquo;art et de design de Nancy.\u00a0Il succ\u00e8de \u00e0 Christelle Kirchstetter, nomm\u00e9e directrice du FRAC\u00a0Centre-Val de Loire <a href=\"https:\/\/www.lequotidiendelart.com\/articles\/26286-christelle-kirchstetter-prend-la-t%C3%AAte-du-frac-centre-val-de-loire.html\" rel=\"nofollow noopener\" target=\"_blank\">en octobre 2024<\/a>.\u00a0Dipl\u00f4m\u00e9 de l&rsquo;\u00c9cole nationale sup\u00e9rieure de la photographie d&rsquo;Arles, Sylvain Lizon a \u00e9t\u00e9 charg\u00e9 des collections du Fonds national d\u2019art contemporain (FNAC) en 1995, puis\u00a0directeur du Centre photographique d\u2019\u00cele-de-France de Pontault-Combault.\u00a0\u00c0\u00a0partir du milieu des ann\u00e9es 2000, il encha\u00eene les postes de direction\u00a0dans les \u00e9coles d&rsquo;art, \u00e0\u00a0l&rsquo;\u00c9cole sup\u00e9rieure d&rsquo;art de Clermont de 2005 \u00e0 2010\u00a0puis \u00e0 l&rsquo;\u00c9cole nationale\u2026<\/p>\n","protected":false},"excerpt":{"rendered":"Directeur de la Villa Arson de Nice depuis 2019, Sylvain Lizon a pris le 30 juin ses nouvelles&hellip;\n","protected":false},"author":2,"featured_media":216124,"comment_status":"","ping_status":"","sticky":false,"template":"","format":"standard","meta":{"footnotes":""},"categories":[9635],"tags":[1111,11,28472,35555,1777,674,1011,27,775,1702,12,2401,9350,25],"class_list":{"0":"post-216123","1":"post","2":"type-post","3":"status-publish","4":"format-standard","5":"has-post-thumbnail","7":"category-nancy","8":"tag-actu","9":"tag-actualites","10":"tag-ecoles-dart","11":"tag-ensad","12":"tag-eu","13":"tag-europe","14":"tag-fr","15":"tag-france","16":"tag-grand-est","17":"tag-nancy","18":"tag-news","19":"tag-nice","20":"tag-nominations","21":"tag-republique-francaise"},"share_on_mastodon":{"url":"https:\/\/pubeurope.com\/@fr\/114773368778946843","error":""},"_links":{"self":[{"href":"https:\/\/www.europesays.com\/fr\/wp-json\/wp\/v2\/posts\/216123","targetHints":{"allow":["GET"]}}],"collection":[{"href":"https:\/\/www.europesays.com\/fr\/wp-json\/wp\/v2\/posts"}],"about":[{"href":"https:\/\/www.europesays.com\/fr\/wp-json\/wp\/v2\/types\/post"}],"author":[{"embeddable":true,"href":"https:\/\/www.europesays.com\/fr\/wp-json\/wp\/v2\/users\/2"}],"replies":[{"embeddable":true,"href":"https:\/\/www.europesays.com\/fr\/wp-json\/wp\/v2\/comments?post=216123"}],"version-history":[{"count":0,"href":"https:\/\/www.europesays.com\/fr\/wp-json\/wp\/v2\/posts\/216123\/revisions"}],"wp:featuredmedia":[{"embeddable":true,"href":"https:\/\/www.europesays.com\/fr\/wp-json\/wp\/v2\/media\/216124"}],"wp:attachment":[{"href":"https:\/\/www.europesays.com\/fr\/wp-json\/wp\/v2\/media?parent=216123"}],"wp:term":[{"taxonomy":"category","embeddable":true,"href":"https:\/\/www.europesays.com\/fr\/wp-json\/wp\/v2\/categories?post=216123"},{"taxonomy":"post_tag","embeddable":true,"href":"https:\/\/www.europesays.com\/fr\/wp-json\/wp\/v2\/tags?post=216123"}],"curies":[{"name":"wp","href":"https:\/\/api.w.org\/{rel}","templated":true}]}}