{"id":216125,"date":"2025-06-30T16:56:10","date_gmt":"2025-06-30T16:56:10","guid":{"rendered":"https:\/\/www.europesays.com\/fr\/216125\/"},"modified":"2025-06-30T16:56:10","modified_gmt":"2025-06-30T16:56:10","slug":"les-ecoles-de-six-fours-fermees-jusqua-la-fin-de-la-semaine-en-raison-de-la-canicule-les-eleves-accueillis-dans-des-salles-municipales","status":"publish","type":"post","link":"https:\/\/www.europesays.com\/fr\/216125\/","title":{"rendered":"Les \u00e9coles de Six-Fours ferm\u00e9es jusqu&rsquo;\u00e0 la fin de la semaine en raison de la canicule, les \u00e9l\u00e8ves accueillis dans des salles municipales"},"content":{"rendered":"<p>Avec la canicule, les temp\u00e9ratures grimpent dangereusement dans les \u00e9coles, suscitant une inqui\u00e9tude l\u00e9gitime des parents.<\/p>\n<p>L\u2019\u00e9lu d\u2019opposition Gilles Baldacchino y est lui aussi all\u00e9 de son coup de gueule sur les r\u00e9seaux (en postant la photo d\u2019un thermom\u00e8tre relevant 32\u00b0, \u00e0 17h, \u00e0 l\u2019\u00e9cole de Carredon), pour demander \u00e0 la mairie de prendre des dispositions.<\/p>\n<p>Aujourd\u2019hui, il assure que \u00ab\u00a0nos \u00e9lus (RN) alertent depuis plus de 20 ans sur cette probl\u00e9matique\u00a0\u00bb&#8230;<\/p>\n<p>Mais il a sans doute \u00e9t\u00e9 soulag\u00e9 d\u2019apprendre que, d\u00e8s ce mercredi et jusqu\u2019\u00e0 la fin de la semaine (qui sonnera l\u2019heure des grandes vacances), les \u00e9coliers six-fournais, qui ne pourront pas \u00eatre gard\u00e9s par leurs parents, seront accueillis dans des espaces municipaux climatis\u00e9s.<\/p>\n<p>Tous sont attendus le matin entre 7h20 et 9\u2005h \u00e0 l\u2019Espace Malraux (avenue De Lattre de Tassigny), avant d\u2019\u00eatre r\u00e9partis en diff\u00e9rents endroits, comme suit: les \u00e9l\u00e8ves des \u00e9coles Condorcet, Reynier (maternelle et \u00e9l\u00e9mentaire) et Montagne seront dispatch\u00e9s entre l\u2019Espace Malraux et la salle Scarantino; et les \u00e9l\u00e8ves de Carredon, des L\u00f4nes et de Dodero iront \u00e0 la salle Daudet.<\/p>\n<p>A partir de 16h30 et jusqu\u2019\u00e0 18h30, les enfants pourront \u00eatre r\u00e9cup\u00e9r\u00e9s \u00e0 l\u2019Espace Malraux.<\/p>\n<p>La climatisation envisag\u00e9e<\/p>\n<p>Dans une vid\u00e9o, Jean-S\u00e9bastien Vialatte conc\u00e8de que les ventilateurs dont ont \u00e9t\u00e9 \u00e9quip\u00e9es ces \u00e9coles l\u2019an dernier ne suffisent pas et dit envisager de doter certaines salles de climatiseurs.<\/p>\n<p>La mairie pr\u00e9cise par ailleurs que \u00ab\u00a0les services de garderie p\u00e9riscolaire ainsi que la restauration scolaire seront assur\u00e9s dans les conditions habituelles, dans les lieux indiqu\u00e9s ci-dessus\u00a0\u00bb, et que \u00ab\u00a0les autres \u00e9coles disposant de salles climatis\u00e9es fonctionneront, elles, normalement\u00a0\u00bb.<\/p>\n<p>Toutes ces informations ont bien s\u00fbr \u00e9t\u00e9 communiqu\u00e9es aux familles via les messageries \u00e9lectroniques des \u00e9coles, et affich\u00e9es sur le portail des \u00e9tablissements concern\u00e9s.<\/p>\n","protected":false},"excerpt":{"rendered":"Avec la canicule, les temp\u00e9ratures grimpent dangereusement dans les \u00e9coles, suscitant une inqui\u00e9tude l\u00e9gitime des parents. L\u2019\u00e9lu d\u2019opposition&hellip;\n","protected":false},"author":2,"featured_media":216126,"comment_status":"","ping_status":"","sticky":false,"template":"","format":"standard","meta":{"footnotes":""},"categories":[9619],"tags":[1111,11,1129,1057,1777,674,332,1011,27,12,882,25,2310,3366],"class_list":{"0":"post-216125","1":"post","2":"type-post","3":"status-publish","4":"format-standard","5":"has-post-thumbnail","7":"category-toulon","8":"tag-actu","9":"tag-actualites","10":"tag-climat","11":"tag-education","12":"tag-eu","13":"tag-europe","14":"tag-faits-de-societe","15":"tag-fr","16":"tag-france","17":"tag-news","18":"tag-provence-alpes-cote-dazur","19":"tag-republique-francaise","20":"tag-toulon","21":"tag-vie-locale"},"share_on_mastodon":{"url":"https:\/\/pubeurope.com\/@fr\/114773372654805942","error":""},"_links":{"self":[{"href":"https:\/\/www.europesays.com\/fr\/wp-json\/wp\/v2\/posts\/216125","targetHints":{"allow":["GET"]}}],"collection":[{"href":"https:\/\/www.europesays.com\/fr\/wp-json\/wp\/v2\/posts"}],"about":[{"href":"https:\/\/www.europesays.com\/fr\/wp-json\/wp\/v2\/types\/post"}],"author":[{"embeddable":true,"href":"https:\/\/www.europesays.com\/fr\/wp-json\/wp\/v2\/users\/2"}],"replies":[{"embeddable":true,"href":"https:\/\/www.europesays.com\/fr\/wp-json\/wp\/v2\/comments?post=216125"}],"version-history":[{"count":0,"href":"https:\/\/www.europesays.com\/fr\/wp-json\/wp\/v2\/posts\/216125\/revisions"}],"wp:featuredmedia":[{"embeddable":true,"href":"https:\/\/www.europesays.com\/fr\/wp-json\/wp\/v2\/media\/216126"}],"wp:attachment":[{"href":"https:\/\/www.europesays.com\/fr\/wp-json\/wp\/v2\/media?parent=216125"}],"wp:term":[{"taxonomy":"category","embeddable":true,"href":"https:\/\/www.europesays.com\/fr\/wp-json\/wp\/v2\/categories?post=216125"},{"taxonomy":"post_tag","embeddable":true,"href":"https:\/\/www.europesays.com\/fr\/wp-json\/wp\/v2\/tags?post=216125"}],"curies":[{"name":"wp","href":"https:\/\/api.w.org\/{rel}","templated":true}]}}