{"id":216137,"date":"2025-06-30T17:02:30","date_gmt":"2025-06-30T17:02:30","guid":{"rendered":"https:\/\/www.europesays.com\/fr\/216137\/"},"modified":"2025-06-30T17:02:30","modified_gmt":"2025-06-30T17:02:30","slug":"claix-visitez-le-fort-de-comboire-samedi-5-juillet","status":"publish","type":"post","link":"https:\/\/www.europesays.com\/fr\/216137\/","title":{"rendered":"Claix. Visitez le Fort de Comboire samedi 5\u00a0juillet"},"content":{"rendered":"<p>Venez profiter de la fra\u00eecheur des salles du Fort de Comboire\u00a0! Au cours de cette visite, admirez le travail accompli en quelques ann\u00e9es pour sa construction et les expositions permanentes.\u00a0Situ\u00e9 face au pi\u00e9mont du Vercors, le fort a \u00e9t\u00e9 construit sur le rocher de Comboire entre\u00a01882 et\u00a01885, pour r\u00e9pondre aux besoins de s\u00e9curisation de la fronti\u00e8re apr\u00e8s la cr\u00e9ation du royaume d\u2019Italie en 1870. Surplombant la vall\u00e9e du Drac et le sud de l\u2019agglom\u00e9ration grenobloise, le fort interdisait par le feu de ses canons l\u2019acc\u00e8s \u00e0 la cuvette grenobloise par la vall\u00e9e du Drac et la route venant du sud.<\/p>\n<p class=\"note\">Samedi 5\u00a0juillet de 14 \u00e0 18 heures au Fort de Comboire \u00e0 Claix. Tarif : 5\u00a0\u20ac. Enfant\u00a0: gratuit pour les moins de 1,35\u00a0m.<\/p>\n","protected":false},"excerpt":{"rendered":"Venez profiter de la fra\u00eecheur des salles du Fort de Comboire\u00a0! Au cours de cette visite, admirez le&hellip;\n","protected":false},"author":2,"featured_media":216138,"comment_status":"","ping_status":"","sticky":false,"template":"","format":"standard","meta":{"footnotes":""},"categories":[9566],"tags":[1111,11,2430,9600,1687,113,1777,674,1011,27,2731,108,7000,12,2661,25],"class_list":{"0":"post-216137","1":"post","2":"type-post","3":"status-publish","4":"format-standard","5":"has-post-thumbnail","7":"category-grenoble","8":"tag-actu","9":"tag-actualites","10":"tag-auvergne-rhone-alpes","11":"tag-claix","12":"tag-culture-loisirs","13":"tag-edition-gresivaudan-oisans","14":"tag-eu","15":"tag-europe","16":"tag-fr","17":"tag-france","18":"tag-grenoble","19":"tag-isere","20":"tag-lagglomeration","21":"tag-news","22":"tag-patrimoine-culturel","23":"tag-republique-francaise"},"share_on_mastodon":{"url":"https:\/\/pubeurope.com\/@fr\/114773396281391410","error":""},"_links":{"self":[{"href":"https:\/\/www.europesays.com\/fr\/wp-json\/wp\/v2\/posts\/216137","targetHints":{"allow":["GET"]}}],"collection":[{"href":"https:\/\/www.europesays.com\/fr\/wp-json\/wp\/v2\/posts"}],"about":[{"href":"https:\/\/www.europesays.com\/fr\/wp-json\/wp\/v2\/types\/post"}],"author":[{"embeddable":true,"href":"https:\/\/www.europesays.com\/fr\/wp-json\/wp\/v2\/users\/2"}],"replies":[{"embeddable":true,"href":"https:\/\/www.europesays.com\/fr\/wp-json\/wp\/v2\/comments?post=216137"}],"version-history":[{"count":0,"href":"https:\/\/www.europesays.com\/fr\/wp-json\/wp\/v2\/posts\/216137\/revisions"}],"wp:featuredmedia":[{"embeddable":true,"href":"https:\/\/www.europesays.com\/fr\/wp-json\/wp\/v2\/media\/216138"}],"wp:attachment":[{"href":"https:\/\/www.europesays.com\/fr\/wp-json\/wp\/v2\/media?parent=216137"}],"wp:term":[{"taxonomy":"category","embeddable":true,"href":"https:\/\/www.europesays.com\/fr\/wp-json\/wp\/v2\/categories?post=216137"},{"taxonomy":"post_tag","embeddable":true,"href":"https:\/\/www.europesays.com\/fr\/wp-json\/wp\/v2\/tags?post=216137"}],"curies":[{"name":"wp","href":"https:\/\/api.w.org\/{rel}","templated":true}]}}