{"id":216141,"date":"2025-06-30T17:04:09","date_gmt":"2025-06-30T17:04:09","guid":{"rendered":"https:\/\/www.europesays.com\/fr\/216141\/"},"modified":"2025-06-30T17:04:09","modified_gmt":"2025-06-30T17:04:09","slug":"il-avait-ecope-de-six-ans-ferme-pour-viol-un-brestois-juge-en-appel-a-rennes","status":"publish","type":"post","link":"https:\/\/www.europesays.com\/fr\/216141\/","title":{"rendered":"Il avait \u00e9cop\u00e9 de six ans ferme pour viol, un Brestois jug\u00e9 en appel \u00e0 Rennes"},"content":{"rendered":"<p>La cour d\u2019assises d\u2019appel d\u2019Ille-et-Vilaine jugera, \u00e0 compter de ce mercredi 2 juillet et pendant trois jours, \u00e0 Rennes, un dossier de viol par personne en \u00e9tat d\u2019ivresse manifeste (circonstance aggravante). Les faits remontent au 31 d\u00e9cembre 2017, dans une commune proche de Morlaix (29), en marge d\u2019une f\u00eate organis\u00e9e dans une propri\u00e9t\u00e9 priv\u00e9e par un groupe d\u2019une trentaine de jeunes, dans le cadre du Nouvel An.<\/p>\n<p>Le 27 juin 2024, \u00e0 l\u2019issue d\u2019une audience publique (et non \u00e0 huis clos, \u00e0 la demande de la victime qui \u00e9tait mineure au moment des faits) et de cinq heures de d\u00e9lib\u00e9r\u00e9, la cour d\u2019assises du Finist\u00e8re avait d\u00e9clar\u00e9 Mat\u00e9o Le Doucen coupable des faits qui lui \u00e9taient reproch\u00e9s. Comparaissant libre (sous contr\u00f4le judiciaire), le Brestois de naissance, 19 ans \u00e0 l\u2019\u00e9poque, avait \u00e9cop\u00e9 de six ans de prison ferme. Une peine bien sup\u00e9rieure aux cinq ans de prison, dont quatre avec sursis, requis par l\u2019avocat g\u00e9n\u00e9ral.<\/p>\n<p>Mat\u00e9o Le Doucen, qui a toujours ni\u00e9 le viol au cours de son proc\u00e8s, avait rapidement interjet\u00e9 appel. Au bout de quelques mois, il a b\u00e9n\u00e9fici\u00e9 d\u2019une mesure de lib\u00e9ration conditionnelle.<\/p>\n","protected":false},"excerpt":{"rendered":"La cour d\u2019assises d\u2019appel d\u2019Ille-et-Vilaine jugera, \u00e0 compter de ce mercredi 2 juillet et pendant trois jours, \u00e0&hellip;\n","protected":false},"author":2,"featured_media":216142,"comment_status":"","ping_status":"","sticky":false,"template":"","format":"standard","meta":{"footnotes":""},"categories":[2821],"tags":[1111,11,829,1777,674,3321,1011,27,303,2131,12,584,25],"class_list":{"0":"post-216141","1":"post","2":"type-post","3":"status-publish","4":"format-standard","5":"has-post-thumbnail","7":"category-rennes","8":"tag-actu","9":"tag-actualites","10":"tag-bretagne","11":"tag-eu","12":"tag-europe","13":"tag-finistere","14":"tag-fr","15":"tag-france","16":"tag-justice","17":"tag-morlaix","18":"tag-news","19":"tag-rennes","20":"tag-republique-francaise"},"share_on_mastodon":{"url":"https:\/\/pubeurope.com\/@fr\/114773404224287198","error":""},"_links":{"self":[{"href":"https:\/\/www.europesays.com\/fr\/wp-json\/wp\/v2\/posts\/216141","targetHints":{"allow":["GET"]}}],"collection":[{"href":"https:\/\/www.europesays.com\/fr\/wp-json\/wp\/v2\/posts"}],"about":[{"href":"https:\/\/www.europesays.com\/fr\/wp-json\/wp\/v2\/types\/post"}],"author":[{"embeddable":true,"href":"https:\/\/www.europesays.com\/fr\/wp-json\/wp\/v2\/users\/2"}],"replies":[{"embeddable":true,"href":"https:\/\/www.europesays.com\/fr\/wp-json\/wp\/v2\/comments?post=216141"}],"version-history":[{"count":0,"href":"https:\/\/www.europesays.com\/fr\/wp-json\/wp\/v2\/posts\/216141\/revisions"}],"wp:featuredmedia":[{"embeddable":true,"href":"https:\/\/www.europesays.com\/fr\/wp-json\/wp\/v2\/media\/216142"}],"wp:attachment":[{"href":"https:\/\/www.europesays.com\/fr\/wp-json\/wp\/v2\/media?parent=216141"}],"wp:term":[{"taxonomy":"category","embeddable":true,"href":"https:\/\/www.europesays.com\/fr\/wp-json\/wp\/v2\/categories?post=216141"},{"taxonomy":"post_tag","embeddable":true,"href":"https:\/\/www.europesays.com\/fr\/wp-json\/wp\/v2\/tags?post=216141"}],"curies":[{"name":"wp","href":"https:\/\/api.w.org\/{rel}","templated":true}]}}