{"id":216154,"date":"2025-06-30T17:10:16","date_gmt":"2025-06-30T17:10:16","guid":{"rendered":"https:\/\/www.europesays.com\/fr\/216154\/"},"modified":"2025-06-30T17:10:16","modified_gmt":"2025-06-30T17:10:16","slug":"il-percute-un-bus-avec-sa-motocross-durant-un-rodeo-urbain","status":"publish","type":"post","link":"https:\/\/www.europesays.com\/fr\/216154\/","title":{"rendered":"il percute un bus avec sa motocross durant un rod\u00e9o urbain"},"content":{"rendered":"<p>            Par<br \/>\n        <strong><br \/>\n            <a href=\"https:\/\/actu.fr\/auteur\/laure-gentil\" title=\"Consulter tous les articles de Laure Gentil\" target=\"_blank\" rel=\"noopener\">Laure Gentil<\/a><br \/>\n        <\/strong><\/p>\n<p>        Publi\u00e9 le<\/p>\n<p>            30 juin 2025 \u00e0 15h16        <\/p>\n<p>Il \u00e9tait 19\u2009h\u200935, ce dimanche 29 juin 2025, lorsque la police a proc\u00e9d\u00e9 \u00e0 l\u2019interpellation d\u2019un homme de 24 ans alors qu\u2019il faisait un rod\u00e9o urbain, \u00e0 <strong>Saint-Herblain<\/strong>, rue d\u2019Aquitaine.<\/p>\n<p class=\" wall-content\">Il a \u00e9t\u00e9 <strong>plac\u00e9 en garde \u00e0 vue<\/strong> au <a href=\"https:\/\/actu.fr\/pays-de-la-loire\/nantes_44109\/nantes-agreable-cellule-cosy-sur-google-ils-racontent-leur-nuit-a-l-hotel-de-police_47037193.html\" target=\"_blank\" rel=\"noopener\">commissariat Waldeck Rousseau<\/a>.<\/p>\n<p>Pas de casque<\/p>\n<p class=\" wall-content\">Un \u00e9quipage de la BAC (Brigade anticriminalit\u00e9, N.D.L.R.) a surpris le mis en cause alors qu\u2019il faisait des roues arri\u00e8re avec sa motocross de marque Kawasaki. L\u2019individu <strong>portait une cagoule, mais<\/strong>\u00a0pas de casque.<\/p>\n<p class=\" wall-content\">Selon une source polici\u00e8re, le jeune homme a termin\u00e9 sa course <strong>en percutant un bus<\/strong>, il a toutefois r\u00e9ussi \u00e0 se relever pour tenter d\u2019\u00e9chapper \u00e0 la police, en vain.<\/p>\n<p class=\" wall-content\">Transport\u00e9 dans un premier temps au<strong> CHU de Nante<\/strong>s, il a finalement \u00e9t\u00e9 plac\u00e9 en garde \u00e0 vue quelques heures plus tard.<\/p>\n<p>Vid\u00e9os : en ce moment sur Actu<\/p>\n<p class=\" wall-content\">Suivez toute l\u2019actualit\u00e9 de vos villes et m\u00e9dias favoris en vous inscrivant \u00e0 <a href=\"https:\/\/moncompte.actu.fr\" title=\"D\u00e9couvez Mon Actu\" rel=\"nofollow noopener\" data-trk=\"{&quot;cta&quot;:{&quot;action&quot;:&quot;https:\\\/\\\/moncompte.actu.fr&quot;,&quot;category&quot;:&quot;mon compte&quot;,&quot;from&quot;:&quot;article footer&quot;,&quot;name&quot;:&quot;Mon actu&quot;,&quot;type&quot;:&quot;cta&quot;}}\" target=\"_blank\">Mon Actu<\/a>.<\/p>\n","protected":false},"excerpt":{"rendered":"Par Laure Gentil Publi\u00e9 le 30 juin 2025 \u00e0 15h16 Il \u00e9tait 19\u2009h\u200935, ce dimanche 29 juin 2025,&hellip;\n","protected":false},"author":2,"featured_media":216155,"comment_status":"","ping_status":"","sticky":false,"template":"","format":"standard","meta":{"footnotes":""},"categories":[2818],"tags":[1111,11,1777,674,118,1011,27,766,12,2636,1072,25,5575],"class_list":{"0":"post-216154","1":"post","2":"type-post","3":"status-publish","4":"format-standard","5":"has-post-thumbnail","7":"category-nantes","8":"tag-actu","9":"tag-actualites","10":"tag-eu","11":"tag-europe","12":"tag-faits-divers","13":"tag-fr","14":"tag-france","15":"tag-nantes","16":"tag-news","17":"tag-pays-de-la-loire","18":"tag-police","19":"tag-republique-francaise","20":"tag-rodeos-urbains"},"share_on_mastodon":{"url":"https:\/\/pubeurope.com\/@fr\/114773427930728900","error":""},"_links":{"self":[{"href":"https:\/\/www.europesays.com\/fr\/wp-json\/wp\/v2\/posts\/216154","targetHints":{"allow":["GET"]}}],"collection":[{"href":"https:\/\/www.europesays.com\/fr\/wp-json\/wp\/v2\/posts"}],"about":[{"href":"https:\/\/www.europesays.com\/fr\/wp-json\/wp\/v2\/types\/post"}],"author":[{"embeddable":true,"href":"https:\/\/www.europesays.com\/fr\/wp-json\/wp\/v2\/users\/2"}],"replies":[{"embeddable":true,"href":"https:\/\/www.europesays.com\/fr\/wp-json\/wp\/v2\/comments?post=216154"}],"version-history":[{"count":0,"href":"https:\/\/www.europesays.com\/fr\/wp-json\/wp\/v2\/posts\/216154\/revisions"}],"wp:featuredmedia":[{"embeddable":true,"href":"https:\/\/www.europesays.com\/fr\/wp-json\/wp\/v2\/media\/216155"}],"wp:attachment":[{"href":"https:\/\/www.europesays.com\/fr\/wp-json\/wp\/v2\/media?parent=216154"}],"wp:term":[{"taxonomy":"category","embeddable":true,"href":"https:\/\/www.europesays.com\/fr\/wp-json\/wp\/v2\/categories?post=216154"},{"taxonomy":"post_tag","embeddable":true,"href":"https:\/\/www.europesays.com\/fr\/wp-json\/wp\/v2\/tags?post=216154"}],"curies":[{"name":"wp","href":"https:\/\/api.w.org\/{rel}","templated":true}]}}