{"id":216156,"date":"2025-06-30T17:11:24","date_gmt":"2025-06-30T17:11:24","guid":{"rendered":"https:\/\/www.europesays.com\/fr\/216156\/"},"modified":"2025-06-30T17:11:24","modified_gmt":"2025-06-30T17:11:24","slug":"avec-castro-sur-son-banc-nantes-veut-laisser-plus-de-place-aux-jeunes","status":"publish","type":"post","link":"https:\/\/www.europesays.com\/fr\/216156\/","title":{"rendered":"avec Castro sur son banc, Nantes veut laisser \u00abplus de place aux jeunes\u00bb"},"content":{"rendered":"<p>Le dirigeant nantais Franck Kita a exprim\u00e9 le souhait du club de rajeunir son \u00e9quipe \u00e0 l\u2019heure d\u2019entamer un nouveau cycle, avec pour entra\u00eeneur le Portugais Luis Castro.<\/p>\n<p class=\"fig-paragraph\">Apr\u00e8s avoir act\u00e9 \u00abune fin de cycle\u00bb avec le d\u00e9part de plusieurs cadres, Nantes a lanc\u00e9 sa \u00abnouvelle \u00e8re\u00bb en pr\u00e9sentant lundi\u00a0<a href=\"http:\/\/www.lefigaro.fr\/sports\/football\/ligue-1\/ligue-1-l-ere-kombouare-terminee-luis-castro-arrive-a-nantes-pour-relever-le-club-20250616\" data-fig-type=\"NewsFlash\" data-gtm-custom-categorie=\"navigation\" data-gtm-custom-action=\"crossclick\" data-gtm-custom-label=\"Contextuel\" data-gtm-event=\"customEventSPE\" data-fig-domain=\"LEFIGARO\" target=\"_blank\" rel=\"noopener\">son nouveau coach, le Portugais Luis Castro<\/a>, avec un mot d&rsquo;ordre\u00a0: faire \u00abplus de place aux jeunes\u00bb. Moses Simon, Nicolas Pallois, Douglas Augusto et\u00a0<a href=\"http:\/\/www.lefigaro.fr\/sports\/football\/transferts\/mercato-pedro-chirivella-s-engage-avec-le-panathinaikos-pour-deux-saisons-20250628\" data-fig-type=\"NewsFlash\" data-gtm-custom-categorie=\"navigation\" data-gtm-custom-action=\"crossclick\" data-gtm-custom-label=\"Contextuel\" data-gtm-event=\"customEventSPE\" data-fig-domain=\"LEFIGARO\" target=\"_blank\" rel=\"noopener\">le capitaine Pedro Chirivella<\/a>\u00a0: Nantes s&rsquo;est d\u00e9j\u00e0 s\u00e9par\u00e9 de plusieurs cadres pr\u00e9sents depuis de nombreuses saisons en juin.<\/p>\n<p class=\"fig-paragraph\">\u00abOn \u00e9tait quand m\u00eame dans une fin de cycle\u00bb, a conc\u00e9d\u00e9 le directeur g\u00e9n\u00e9ral d\u00e9l\u00e9gu\u00e9 Franck Kita, lors d&rsquo;un point presse. \u00abOn s&rsquo;est rendu compte (&#8230;) qu&rsquo;il fallait passer \u00e0 quelque chose d&rsquo;autre, dans une nouvelle \u00e8re, si vous voulez\u00bb, en laissant \u00abun petit peu plus de place (aux) jeunes\u00bb, a-t-il compl\u00e9t\u00e9.<\/p>\n<p class=\"fig-paragraph\">Historiquement forte, la formation nantaise a r\u00e9guli\u00e8rement brill\u00e9 derni\u00e8rement. \u00abOn va jouer une troisi\u00e8me Youth League (Ligue des champions des U19) en quatre ans, on a trois jeunes en \u00e9quipe de France espoirs, on en a trois en \u00e9quipe de France U20\u00bb, a ainsi \u00e9num\u00e9r\u00e9 Franck Kita. Encore fallait-il trouver le bon coach pour mener ce projet.<\/p>\n<p>Nantes et Castro, un mariage \u00ab\u00e9vident\u00bb<\/p>\n<p class=\"fig-paragraph\">\u00abAvec les prestations de Dunkerque (L2) ces deux derni\u00e8res ann\u00e9es, on s&rsquo;est dit que le FC Nantes et son identit\u00e9 de jeu l\u00e9gendaire, plus Luis (Castro), c&rsquo;\u00e9tait un mariage qui \u00e9tait \u00e9vident\u00bb, a-t-il expliqu\u00e9. Quatri\u00e8me de Ligue 2 et demi-finaliste de la Coupe de France avec les Nordistes l&rsquo;an pass\u00e9, Castro a rapidement \u00e9t\u00e9 convaincu. \u00abJe pense que pour mon profil, c&rsquo;est le meilleur club en ce moment\u00bb, a-t-il jug\u00e9.<\/p>\n<p class=\"fig-paragraph\">\u00abLa France est le meilleur pays en Europe (pour les jeunes). Si nos joueurs sont dans la s\u00e9lection fran\u00e7aise, ils ne sont pas mauvais, c&rsquo;est s\u00fbr\u00bb, a soulign\u00e9 Castro (45 ans), qui s&rsquo;\u00e9tait fait conna\u00eetre en remportant la Youth League avec Benfica en 2022. \u00abApr\u00e8s, il faudra travailler. Plus que la qualit\u00e9 individuelle, il faut qu&rsquo;ils comprennent ce qu&rsquo;on veut faire collectivement. Et si tout le monde va dans le m\u00eame sens, les choses vont marcher tr\u00e8s bien\u00bb, a-t-il assur\u00e9.<\/p>\n<p class=\"fig-paragraph\">C\u00f4t\u00e9 objectif, Franck Kita veut voir le FCN \u00abdonner un petit peu plus de plaisir \u00e0 la Beaujoire, tout en prenant des points, et faire tourner le compteur\u00bb. Un objectif pour lequel Castro, \u00abadepte d&rsquo;un jeu offensif, (avec) une \u00e9quipe tr\u00e8s offensive avec le ballon et m\u00eame sans le ballon, qui presse haut\u00bb, semble en mesure de remplir.<\/p>\n","protected":false},"excerpt":{"rendered":"Le dirigeant nantais Franck Kita a exprim\u00e9 le souhait du club de rajeunir son \u00e9quipe \u00e0 l\u2019heure d\u2019entamer&hellip;\n","protected":false},"author":2,"featured_media":216157,"comment_status":"","ping_status":"","sticky":false,"template":"","format":"standard","meta":{"footnotes":""},"categories":[2818],"tags":[1111,11,525,1981,814,1777,674,462,2257,63,1011,27,3309,66,1307,955,766,12,1176,978,2636,93,25,1980],"class_list":{"0":"post-216156","1":"post","2":"type-post","3":"status-publish","4":"format-standard","5":"has-post-thumbnail","7":"category-nantes","8":"tag-actu","9":"tag-actualites","10":"tag-calendrier","11":"tag-classement","12":"tag-direct","13":"tag-eu","14":"tag-europe","15":"tag-fc-nantes","16":"tag-foot","17":"tag-football","18":"tag-fr","19":"tag-france","20":"tag-l1","21":"tag-ligue-1","22":"tag-lille","23":"tag-match","24":"tag-nantes","25":"tag-news","26":"tag-olympique-de-marseille","27":"tag-olympique-lyonnais","28":"tag-pays-de-la-loire","29":"tag-psg","30":"tag-republique-francaise","31":"tag-resultats"},"share_on_mastodon":{"url":"https:\/\/pubeurope.com\/@fr\/114773431888780147","error":""},"_links":{"self":[{"href":"https:\/\/www.europesays.com\/fr\/wp-json\/wp\/v2\/posts\/216156","targetHints":{"allow":["GET"]}}],"collection":[{"href":"https:\/\/www.europesays.com\/fr\/wp-json\/wp\/v2\/posts"}],"about":[{"href":"https:\/\/www.europesays.com\/fr\/wp-json\/wp\/v2\/types\/post"}],"author":[{"embeddable":true,"href":"https:\/\/www.europesays.com\/fr\/wp-json\/wp\/v2\/users\/2"}],"replies":[{"embeddable":true,"href":"https:\/\/www.europesays.com\/fr\/wp-json\/wp\/v2\/comments?post=216156"}],"version-history":[{"count":0,"href":"https:\/\/www.europesays.com\/fr\/wp-json\/wp\/v2\/posts\/216156\/revisions"}],"wp:featuredmedia":[{"embeddable":true,"href":"https:\/\/www.europesays.com\/fr\/wp-json\/wp\/v2\/media\/216157"}],"wp:attachment":[{"href":"https:\/\/www.europesays.com\/fr\/wp-json\/wp\/v2\/media?parent=216156"}],"wp:term":[{"taxonomy":"category","embeddable":true,"href":"https:\/\/www.europesays.com\/fr\/wp-json\/wp\/v2\/categories?post=216156"},{"taxonomy":"post_tag","embeddable":true,"href":"https:\/\/www.europesays.com\/fr\/wp-json\/wp\/v2\/tags?post=216156"}],"curies":[{"name":"wp","href":"https:\/\/api.w.org\/{rel}","templated":true}]}}