{"id":216158,"date":"2025-06-30T17:12:08","date_gmt":"2025-06-30T17:12:08","guid":{"rendered":"https:\/\/www.europesays.com\/fr\/216158\/"},"modified":"2025-06-30T17:12:08","modified_gmt":"2025-06-30T17:12:08","slug":"ces-ecoles-sont-obligees-de-sorganiser-en-urgence-a-cause-des-fortes-chaleurs","status":"publish","type":"post","link":"https:\/\/www.europesays.com\/fr\/216158\/","title":{"rendered":"ces \u00e9coles sont oblig\u00e9es de s&rsquo;organiser en urgence \u00e0 cause des fortes chaleurs"},"content":{"rendered":"<p>            Par<br \/>\n        <strong><br \/>\n            <a href=\"https:\/\/actu.fr\/auteur\/redaction-bordeaux\" title=\"Consulter tous les articles de R\u00e9daction Bordeaux\" target=\"_blank\" rel=\"noopener\">R\u00e9daction Bordeaux<\/a><br \/>\n        <\/strong><\/p>\n<p>        Publi\u00e9 le<\/p>\n<p>            30 juin 2025 \u00e0 18h36        <\/p>\n<p>La Gironde est en <a href=\"https:\/\/actu.fr\/nouvelle-aquitaine\/bordeaux_33063\/la-vague-de-chaleur-s-intensifie-en-gironde-le-departement-passe-en-alerte-orange-canicule_62839730.html\" target=\"_blank\" rel=\"noopener\">alerte orange \u00e0 la canicule.<\/a> Et pour cause, M\u00e9t\u00e9o France a annonc\u00e9 des temp\u00e9ratures pouvant <strong>d\u00e9passer les 40 degr\u00e9s<\/strong> ces lundi 30 juin et mardi 1er juillet 2025. La situation perturbe l\u2019organisation de certains \u00e9tablissements quelques jours avant les vacances scolaires.\u00a0<\/p>\n<p>Un service d\u2019accueil minimum assur\u00e9 partout<\/p>\n<p class=\" wall-content\">\u00ab\u00a0Aucune \u00e9cole, ni coll\u00e8ge ne sont ferm\u00e9s\u00a0\u00bb, tient \u00e0 rassurer l\u2019acad\u00e9mie de Bordeaux. \u00ab\u00a0Un <strong>service d\u2019accueil minimum<\/strong> est disponible partout pour les familles qui n\u2019auraient pas de solution de garde\u00a0\u00bb.<\/p>\n<p class=\" wall-content\">\u00ab\u00a0Toutes les \u00e9coles\u00a0<a href=\"https:\/\/actu.fr\/bordeaux\/\" target=\"_blank\" rel=\"noopener\">de Bordeaux<\/a> sont \u00e9quip\u00e9es de <strong>ventilateurs et pulv\u00e9risateurs d\u2019eau,<\/strong> certaines sont pourvues de rafraichisseurs d\u2019air\u00a0\u00bb, soulignait la Ville dans un communiqu\u00e9 ce samedi 28 juin.<\/p>\n<p class=\" wall-content\">Dimanche, les parents d\u2019\u00e9l\u00e8ves bordelais ont tout de m\u00eame \u00e9t\u00e9 inform\u00e9s dans un mail de la possibilit\u00e9 pour ceux \u00ab\u00a0qui le peuvent de garder leurs enfants \u00e0 la maison durant ces deux journ\u00e9es\u00a0\u00bb. Pour les autres, l\u2019accueil est maintenant <strong>\u00ab\u00a0dans les salles les plus fraiches,<\/strong> disposant de syst\u00e8mes de ventilation\u00a0\u00bb.\u00a0<\/p>\n<p>Les autres \u00e9tablissements impact\u00e9s en Gironde<\/p>\n<p class=\" wall-content\">On fait le point sur les \u00e9tablissements <strong>impact\u00e9s par les fortes chaleurs<\/strong> (o\u00f9 seul l\u2019accueil minimum est assur\u00e9) \u00e0 travers le d\u00e9partement.\u00a0<\/p>\n<p>Vid\u00e9os : en ce moment sur Actu<\/p>\n<p class=\" wall-content\">Les cours ne sont pas assur\u00e9s <strong>les apr\u00e8s-midis de lundi et mardi,<\/strong> mais le service minimum d\u2019accueil l\u2019est pour :<\/p>\n<ul class=\" wall-content\">\n<li>Le coll\u00e8ge Fran\u00e7ois Mitterrand \u00e0 <a href=\"https:\/\/actu.fr\/nouvelle-aquitaine\/pessac_33318\" target=\"_blank\" rel=\"noopener\">Pessac<\/a> (la demi-pension est assur\u00e9e),<\/li>\n<li>l\u2019\u00e9cole primaire de Lamothe Landerron,<\/li>\n<li>les \u00e9coles Maternelle et \u00e9l\u00e9mentaire de Sauveterre,<\/li>\n<li>l\u2019\u00e9cole de Baurech,<\/li>\n<li>les \u00e9coles Fontet Hure et Loupiac de La R\u00e9ole (RPI de Fonturloup),<\/li>\n<li>l\u2019\u00e9cole de Cambes, l\u2019\u00e9cole de Tabanac,<\/li>\n<li>l\u2019\u00e9cole de Saint Maixant.\u00a0<\/li>\n<\/ul>\n<p class=\" wall-content\">Les \u00e9tablissements suivants sont concern\u00e9s pour <strong>le mardi toute la journ\u00e9e :<\/strong><\/p>\n<ul class=\" wall-content\">\n<li>Le coll\u00e8ge Montesquieu \u00e0 la Br\u00e8de (la demi-pension est assur\u00e9e),<\/li>\n<li>Les deux classes de maternelle de l\u2019\u00e9cole de Salles de Castillon (2 classes de maternelle),<\/li>\n<li>Les \u00e9coles maternelle et \u00e9l\u00e9mentaire de Castillon,\u00a0<\/li>\n<\/ul>\n<p class=\" wall-content\">L\u2019\u00e9cole de Saint Ciers d\u2019Abzac \u00e9tait ouverte ce lundi matin, mais\u00a0<strong>cet apr\u00e8s-midi et mardi toute la journ\u00e9e,<\/strong>\u00a0seul un service minimum d\u2019accueil est organis\u00e9.\u00a0<\/p>\n<p>Des fermetures au cas par cas<\/p>\n<p class=\" wall-content\">Pour l\u2019\u00e9cole de Rions et le coll\u00e8ge Emile Combes \u00e0 Bordeaux, seul le <strong>mardi apr\u00e8s-midi<\/strong> est concern\u00e9 d\u2019apr\u00e8s la liste transmise par l\u2019acad\u00e9mie. La demi-pension est assur\u00e9e au coll\u00e8ge.\u00a0<\/p>\n<p class=\" wall-content\">L\u2019\u00e9cole de Coimere n\u2019assure pas les cours<strong> ni lundi ni mardi, toute la journ\u00e9e.\u00a0<\/strong>Idem pour le lyc\u00e9e professionnel La Morlette \u00e0 Cenon, o\u00f9 seuls la demi-pension et l\u2019internat sont assur\u00e9s.<\/p>\n<p class=\" wall-content\">L\u2019\u00e9cole de Brouqueryan reste ouverte mais <strong>d\u00e9localis\u00e9e<\/strong> dans la salle des f\u00eates climatis\u00e9e.<\/p>\n<p class=\" wall-content\">Cette liste \u00e9tablie \u00e0 14h30 ce lundi est <strong>susceptible d\u2019\u00e9voluer,<\/strong> pr\u00e9cise l\u2019acad\u00e9mie de Bordeaux.<\/p>\n<p class=\" wall-content\">Suivez toute l\u2019actualit\u00e9 de vos villes et m\u00e9dias favoris en vous inscrivant \u00e0 <a href=\"https:\/\/moncompte.actu.fr\" title=\"D\u00e9couvez Mon Actu\" rel=\"nofollow noopener\" data-trk=\"{&quot;cta&quot;:{&quot;action&quot;:&quot;https:\\\/\\\/moncompte.actu.fr&quot;,&quot;category&quot;:&quot;mon compte&quot;,&quot;from&quot;:&quot;article footer&quot;,&quot;name&quot;:&quot;Mon actu&quot;,&quot;type&quot;:&quot;cta&quot;}}\" target=\"_blank\">Mon Actu<\/a>.<\/p>\n","protected":false},"excerpt":{"rendered":"Par R\u00e9daction Bordeaux Publi\u00e9 le 30 juin 2025 \u00e0 18h36 La Gironde est en alerte orange \u00e0 la&hellip;\n","protected":false},"author":2,"featured_media":216159,"comment_status":"","ping_status":"","sticky":false,"template":"","format":"standard","meta":{"footnotes":""},"categories":[2817],"tags":[1111,11,1997,6698,4019,1057,1777,674,1011,27,12,2219,25,104],"class_list":{"0":"post-216158","1":"post","2":"type-post","3":"status-publish","4":"format-standard","5":"has-post-thumbnail","7":"category-bordeaux","8":"tag-actu","9":"tag-actualites","10":"tag-bordeaux","11":"tag-canicule","12":"tag-ecoles","13":"tag-education","14":"tag-eu","15":"tag-europe","16":"tag-fr","17":"tag-france","18":"tag-news","19":"tag-nouvelle-aquitaine","20":"tag-republique-francaise","21":"tag-societe"},"share_on_mastodon":{"url":"https:\/\/pubeurope.com\/@fr\/114773435803285668","error":""},"_links":{"self":[{"href":"https:\/\/www.europesays.com\/fr\/wp-json\/wp\/v2\/posts\/216158","targetHints":{"allow":["GET"]}}],"collection":[{"href":"https:\/\/www.europesays.com\/fr\/wp-json\/wp\/v2\/posts"}],"about":[{"href":"https:\/\/www.europesays.com\/fr\/wp-json\/wp\/v2\/types\/post"}],"author":[{"embeddable":true,"href":"https:\/\/www.europesays.com\/fr\/wp-json\/wp\/v2\/users\/2"}],"replies":[{"embeddable":true,"href":"https:\/\/www.europesays.com\/fr\/wp-json\/wp\/v2\/comments?post=216158"}],"version-history":[{"count":0,"href":"https:\/\/www.europesays.com\/fr\/wp-json\/wp\/v2\/posts\/216158\/revisions"}],"wp:featuredmedia":[{"embeddable":true,"href":"https:\/\/www.europesays.com\/fr\/wp-json\/wp\/v2\/media\/216159"}],"wp:attachment":[{"href":"https:\/\/www.europesays.com\/fr\/wp-json\/wp\/v2\/media?parent=216158"}],"wp:term":[{"taxonomy":"category","embeddable":true,"href":"https:\/\/www.europesays.com\/fr\/wp-json\/wp\/v2\/categories?post=216158"},{"taxonomy":"post_tag","embeddable":true,"href":"https:\/\/www.europesays.com\/fr\/wp-json\/wp\/v2\/tags?post=216158"}],"curies":[{"name":"wp","href":"https:\/\/api.w.org\/{rel}","templated":true}]}}