{"id":21616,"date":"2025-04-13T07:10:13","date_gmt":"2025-04-13T07:10:13","guid":{"rendered":"https:\/\/www.europesays.com\/fr\/21616\/"},"modified":"2025-04-13T07:10:13","modified_gmt":"2025-04-13T07:10:13","slug":"retour-en-vue-chez-les-all-blacks","status":"publish","type":"post","link":"https:\/\/www.europesays.com\/fr\/21616\/","title":{"rendered":"retour en vue chez les All Blacks ?"},"content":{"rendered":"<p><strong>Joseph Manu ne rejoindra finalement pas le <a data-ilj-link-preview=\"true\" data-excerpt=\"Fond\u00e9 en 1882, le club de rugby du Racing 92 est un club professionnel de rugby de banlieue parisienne qui \u00e9volue en TOP 14.&#013;&#010;Staff et pr\u00e9sidence :&#013;&#010;&#013;&#010; &#009;Pr\u00e9sident : Laurent Travers&#013;&#010; &#009;Entra\u00eeneur : Stuart Lancaster&#013;&#010; &#009;Yannick Nyanga&#013;&#010; &#009;Fr\u00e9d\u00e9ric Michalak&#013;&#010; &#009;Dimitri Szarzewski&#013;&#010;&#013;&#010;Palmar\u00e8s du Racing 92 :&#013;&#010;&#013;&#010;&#013;&#010;&#013;&#010;Competition&#013;&#010;Titles&#013;&#010;Years&#013;&#010;&#013;&#010;&#013;&#010;Championnat de France de premi\u00e8re division&#013;&#010;6&#013;&#010;1892, 1900, 1902, 1959, 1990, 2016&#013;&#010;&#013;&#010;&#013;&#010;Championnat de France de deuxi\u00e8me division&#013;&#010;3&#013;&#010;1998, 2009, plus d&#039;autres ann\u00e9es non sp\u00e9cifi\u00e9es&#013;&#010;&#013;&#010;&#013;&#010;Coupe de l&#039;Esp\u00e9rance&#013;&#010;1&#013;&#010;1918\" href=\"https:\/\/www.xvovalie.com\/racing-92\/\" rel=\"nofollow noopener\" target=\"_blank\">Racing 92<\/a>. L\u2019international <a data-ilj-link-preview=\"true\" data-featured-image=\"\" data-excerpt=\"Les All Blacks, l&#039;\u00e9quipe nationale de rugby de la Nouvelle-Z\u00e9lande, est l&#039;une des \u00e9quipes les plus dominantes de l&#039;histoire du sport. Depuis leur cr\u00e9ation en 1903, ils ont remport\u00e9 de nombreux titres majeurs, notamment la Coupe du Monde de Rugby \u00e0 trois reprises, en 1987, 2011 et 2015. Les n\u00e9o-z\u00e9landais ont une r\u00e9putation mondiale de\u2026\" href=\"https:\/\/www.xvovalie.com\/all-blacks-nouvelle-zelande\/\" rel=\"nofollow noopener\" target=\"_blank\">n\u00e9o-z\u00e9landais<\/a>, star du rugby \u00e0 XIII pass\u00e9e au XV, envisage un retour au pays pour tenter de relancer sa carri\u00e8re avec les All Blacks.<\/strong><\/p>\n<p>Le Racing 92 perd un renfort attendu<\/p>\n<p>Annonc\u00e9 comme un <strong>recrutement phare<\/strong> pour la saison prochaine, <strong>Joseph Manu<\/strong> ne portera pas les couleurs du Racing 92. Le joueur de <strong>28 ans<\/strong>, pass\u00e9 par les <strong>Sydney Roosters<\/strong> puis par le club japonais <strong>Toyota Verblitz<\/strong>, avait pourtant sign\u00e9 un contrat d\u2019un an avec la formation francilienne. Il devait arriver \u00e0 <strong><a data-ilj-link-preview=\"true\" data-excerpt=\"Le Stade Fran\u00e7ais est un club de rugby professionnel bas\u00e9 \u00e0 Paris. Il a \u00e9t\u00e9 fond\u00e9 en 1883 et est l&#039;un des clubs les plus prestigieux de France. Le Stade Fran\u00e7ais \u00e9volue en Top 14.&#013;&#010;Staff et pr\u00e9sidence :&#013;&#010;&#013;&#010; &#009;Pr\u00e9sident : Hans-Peter Wild&#013;&#010; &#009;Entra\u00eeneur : Laurent Labit (directeur du rugby)&#013;&#010; &#009;Karim Ghezal (entra\u00eeneur en chef)&#013;&#010; &#009;Paul Gustard (d\u00e9fense)&#013;&#010;&#013;&#010;Palmar\u00e8s du Stade fran\u00e7ais :&#013;&#010;&#013;&#010;&#013;&#010;&#013;&#010;Comp\u00e9titions&#013;&#010;Titres&#013;&#010;Ann\u00e9es&#013;&#010;&#013;&#010;&#013;&#010;Championnat de France&#013;&#010;Champion&#013;&#010;1893, 1894, 1895, 1897, 1898, 1901, 1903, 1908, 1998, 2000, 2003, 2004, 2007, 2015&#013;&#010;&#013;&#010;&#013;&#010;Vice-champion&#013;&#010;1892, 1896, 1899, 1904, 1905, 1906, 1907, 1927, 2005&#013;&#010;&#013;&#010;&#013;&#010;Challenge europ\u00e9en&#013;&#010;Vainqueur&#013;&#010;2017&#013;&#010;&#013;&#010;&#013;&#010;Coupe de France&#013;&#010;Vainqueur&#013;&#010;1999\" href=\"https:\/\/www.xvovalie.com\/stade-francais\/\" rel=\"nofollow noopener\" target=\"_blank\">Paris<\/a> en juillet<\/strong> pour la reprise de l\u2019entra\u00eenement.<\/p>\n<p>Mais selon plusieurs m\u00e9dias australiens, Manu <strong>souhaite \u00eatre lib\u00e9r\u00e9 de son engagement<\/strong>, pour des \u00ab <strong>raisons familiales<\/strong> \u00bb. Il aurait jusqu\u2019au <strong>30 juin<\/strong> pour activer cette clause, ce qui lui permettrait de <strong>revenir en NRL<\/strong> d\u00e8s la saison prochaine, ou de <strong>rejoindre une franchise n\u00e9o-z\u00e9landaise de Super Rugby<\/strong>, avec en ligne de mire une place chez les <strong>All Blacks<\/strong>.<\/p>\n<p>L\u2019ambition des All Blacks jamais bien loin<\/p>\n<p>Joseph Manu n\u2019a jamais cach\u00e9 son objectif de jouer un jour pour la s\u00e9lection nationale. Dans une interview au Sydney Morning Herald, il le rappelle sans d\u00e9tour :<br \/><strong>\u00ab J\u2019ai toujours dit que je voulais jouer pour les All Blacks. C\u2019est un objectif, un r\u00eave que j\u2019ai depuis que je suis gamin \u00bb<\/strong>, confie-t-il.<\/p>\n<p>Son passage au rugby \u00e0 XV au <a href=\"https:\/\/www.xvovalie.com\/japon\/\" rel=\"nofollow noopener\" target=\"_blank\">Japon<\/a> devait servir de <strong>tremplin<\/strong>, dans un cadre plus souple, encadr\u00e9 par <strong>Steve Hansen<\/strong>, ancien s\u00e9lectionneur des All Blacks. Hansen voit en lui un profil proche de celui de <strong>Sonny Bill Williams<\/strong>, autre joueur \u00e0 avoir r\u00e9ussi le passage du XIII au XV.<\/p>\n<p>Pas de retour pr\u00e9vu chez les Roosters<\/p>\n<p>Les sp\u00e9culations ont \u00e9videmment enflamm\u00e9 la NRL. L\u2019ancien club de Manu, les <strong>Sydney Roosters<\/strong>, a \u00e9t\u00e9 parmi les premiers \u00e0 r\u00e9agir. Mais leur coach <strong>Trent Robinson<\/strong> a coup\u00e9 court aux rumeurs :<br \/><strong>\u00ab Je n\u2019\u00e9tais pas au courant du tout. Joey a s\u00fbrement un plan, mais ce n\u2019est pas pour revenir chez nous \u00bb<\/strong>, a-t-il d\u00e9clar\u00e9, cit\u00e9 par Zero Tackle.<\/p>\n<p>M\u00eame son de cloche du c\u00f4t\u00e9 des <strong>New Zealand Warriors<\/strong>, o\u00f9 le pr\u00e9sident <strong>Cameron George<\/strong> a exprim\u00e9 un int\u00e9r\u00eat, tout en pr\u00e9cisant ne pas conna\u00eetre les intentions pr\u00e9cises du joueur.<\/p>\n<p>Un nouveau casse-t\u00eate pour le Racing<\/p>\n<p>Du c\u00f4t\u00e9 du Racing, ce revirement complique la situation. Manu avait sign\u00e9 <strong>avant le d\u00e9part de Stuart Lancaster<\/strong>, depuis remplac\u00e9 par <strong><a href=\"https:\/\/www.xvovalie.com\/tag\/patrice-collazo\/\" rel=\"nofollow noopener\" target=\"_blank\">Patrice Collazo<\/a><\/strong>. Le club, en difficult\u00e9 cette saison (<strong>11e du Top 14<\/strong>), comptait sur lui pour renforcer sa ligne de trois-quarts. Il va devoir <strong>relancer son recrutement en urgence<\/strong>.<\/p>\n<p>Le feuilleton Joseph Manu semble encore loin d\u2019\u00eatre termin\u00e9. Une chose est s\u00fbre : <strong>le maillot ciel et blanc ne sera pas pour cette saison<\/strong>, et <strong>le r\u00eave noir, lui, reste bien vivant<\/strong>.<\/p>\n<p><img src=\"https:\/\/www.europesays.com\/fr\/wp-content\/uploads\/2025\/04\/whatsapp-image-2024-07-31-at-09.08.32-e1727245864215.jpeg\" class=\" sp-no-webp\" alt=\"whatsapp image 2024 07 31 at 09.08.32\" decoding=\"async\" style=\"width: 100px; height: 100px; border-radius: 50%; object-fit: cover;\"\/> <\/p>\n<p>J\u2019ai grandi dans une famille o\u00f9 le rugby \u00e9tait de tous les moments. J\u2019\u00e9tais au bord du terrain quand Castres a battu Pau et a rejoint l\u2019\u00e9lite, j\u2019\u00e9tais dans le Stade Pierre Antoine face \u00e0 Gary Whetton quand il a fait son Haka pour c\u00e9l\u00e9brer le Brennus de 1993 et j\u2019ai toujours \u00e9t\u00e9 berc\u00e9 des l\u00e9gendes de ce sport. Maintenant, c\u2019est avec XV Ovalie que j\u2019entends prolonger l\u2019aventure. #TeamCO<\/p>\n","protected":false},"excerpt":{"rendered":"Joseph Manu ne rejoindra finalement pas le Racing 92. L\u2019international n\u00e9o-z\u00e9landais, star du rugby \u00e0 XIII pass\u00e9e au&hellip;\n","protected":false},"author":2,"featured_media":21617,"comment_status":"","ping_status":"","sticky":false,"template":"","format":"standard","meta":{"footnotes":""},"categories":[1416],"tags":[2305,1011,27,8080,5421,479,1468,60],"class_list":{"0":"post-21616","1":"post","2":"type-post","3":"status-publish","4":"format-standard","5":"has-post-thumbnail","7":"category-rugby","8":"tag-all-blacks","9":"tag-fr","10":"tag-france","11":"tag-joseph-manu","12":"tag-racing-92","13":"tag-rugby","14":"tag-rugby-football","15":"tag-sports"},"share_on_mastodon":{"url":"https:\/\/pubeurope.com\/@fr\/114329408266107014","error":""},"_links":{"self":[{"href":"https:\/\/www.europesays.com\/fr\/wp-json\/wp\/v2\/posts\/21616","targetHints":{"allow":["GET"]}}],"collection":[{"href":"https:\/\/www.europesays.com\/fr\/wp-json\/wp\/v2\/posts"}],"about":[{"href":"https:\/\/www.europesays.com\/fr\/wp-json\/wp\/v2\/types\/post"}],"author":[{"embeddable":true,"href":"https:\/\/www.europesays.com\/fr\/wp-json\/wp\/v2\/users\/2"}],"replies":[{"embeddable":true,"href":"https:\/\/www.europesays.com\/fr\/wp-json\/wp\/v2\/comments?post=21616"}],"version-history":[{"count":0,"href":"https:\/\/www.europesays.com\/fr\/wp-json\/wp\/v2\/posts\/21616\/revisions"}],"wp:featuredmedia":[{"embeddable":true,"href":"https:\/\/www.europesays.com\/fr\/wp-json\/wp\/v2\/media\/21617"}],"wp:attachment":[{"href":"https:\/\/www.europesays.com\/fr\/wp-json\/wp\/v2\/media?parent=21616"}],"wp:term":[{"taxonomy":"category","embeddable":true,"href":"https:\/\/www.europesays.com\/fr\/wp-json\/wp\/v2\/categories?post=21616"},{"taxonomy":"post_tag","embeddable":true,"href":"https:\/\/www.europesays.com\/fr\/wp-json\/wp\/v2\/tags?post=21616"}],"curies":[{"name":"wp","href":"https:\/\/api.w.org\/{rel}","templated":true}]}}