{"id":216174,"date":"2025-06-30T17:20:11","date_gmt":"2025-06-30T17:20:11","guid":{"rendered":"https:\/\/www.europesays.com\/fr\/216174\/"},"modified":"2025-06-30T17:20:11","modified_gmt":"2025-06-30T17:20:11","slug":"lyon-3e-rhone-devenues-amies-ces-salariees-partent-chaque-annee-entre-filles","status":"publish","type":"post","link":"https:\/\/www.europesays.com\/fr\/216174\/","title":{"rendered":"Lyon 3e. Rh\u00f4ne. Devenues amies, ces salari\u00e9es partent chaque ann\u00e9e \u00ab entre filles \u00bb"},"content":{"rendered":"<p>Anne, Annie, Jocelyne, Pascale et Sylvie se sont connues au sein d\u2019une grande\u00a0compagnie d\u2019assurances o\u00f9 elles sont (ou ont \u00e9t\u00e9) souscriptrices. Elles sont devenues amies et, depuis quelques ann\u00e9es, elles partent chaque fin d\u2019\u00e9t\u00e9 ensemble en s\u00e9jour dans le Sud\u00a0: il y a eu deux fois la Dr\u00f4me (les Baronnies, puis la for\u00eat de Saou), le plateau de l\u2019Aubrac il y a deux ans, Minorque l\u2019an dernier. \u00ab\u00a0Cette ann\u00e9e, ce sera le Gard, du c\u00f4t\u00e9 d\u2019Uz\u00e8s, fin septembre-d\u00e9but octobre\u00a0\u00bb, indique Jocelyne. Au programme\u00a0: visites de villages, balades, sorties culturelles (dont le mus\u00e9e d\u2019une c\u00e9l\u00e8bre confiserie), restaurants et, avant tout, des moments&#8230;<\/p>\n","protected":false},"excerpt":{"rendered":"Anne, Annie, Jocelyne, Pascale et Sylvie se sont connues au sein d\u2019une grande\u00a0compagnie d\u2019assurances o\u00f9 elles sont (ou&hellip;\n","protected":false},"author":2,"featured_media":216175,"comment_status":"","ping_status":"","sticky":false,"template":"","format":"standard","meta":{"footnotes":""},"categories":[1889],"tags":[1111,11,2430,1687,33,1777,674,107,1011,27,2428,12,25,602,216],"class_list":{"0":"post-216174","1":"post","2":"type-post","3":"status-publish","4":"format-standard","5":"has-post-thumbnail","7":"category-lyon","8":"tag-actu","9":"tag-actualites","10":"tag-auvergne-rhone-alpes","11":"tag-culture-loisirs","12":"tag-economie","13":"tag-eu","14":"tag-europe","15":"tag-fil-info","16":"tag-fr","17":"tag-france","18":"tag-lyon","19":"tag-news","20":"tag-republique-francaise","21":"tag-tourisme","22":"tag-vie-des-entreprises"},"share_on_mastodon":{"url":"https:\/\/pubeurope.com\/@fr\/114773467075849352","error":""},"_links":{"self":[{"href":"https:\/\/www.europesays.com\/fr\/wp-json\/wp\/v2\/posts\/216174","targetHints":{"allow":["GET"]}}],"collection":[{"href":"https:\/\/www.europesays.com\/fr\/wp-json\/wp\/v2\/posts"}],"about":[{"href":"https:\/\/www.europesays.com\/fr\/wp-json\/wp\/v2\/types\/post"}],"author":[{"embeddable":true,"href":"https:\/\/www.europesays.com\/fr\/wp-json\/wp\/v2\/users\/2"}],"replies":[{"embeddable":true,"href":"https:\/\/www.europesays.com\/fr\/wp-json\/wp\/v2\/comments?post=216174"}],"version-history":[{"count":0,"href":"https:\/\/www.europesays.com\/fr\/wp-json\/wp\/v2\/posts\/216174\/revisions"}],"wp:featuredmedia":[{"embeddable":true,"href":"https:\/\/www.europesays.com\/fr\/wp-json\/wp\/v2\/media\/216175"}],"wp:attachment":[{"href":"https:\/\/www.europesays.com\/fr\/wp-json\/wp\/v2\/media?parent=216174"}],"wp:term":[{"taxonomy":"category","embeddable":true,"href":"https:\/\/www.europesays.com\/fr\/wp-json\/wp\/v2\/categories?post=216174"},{"taxonomy":"post_tag","embeddable":true,"href":"https:\/\/www.europesays.com\/fr\/wp-json\/wp\/v2\/tags?post=216174"}],"curies":[{"name":"wp","href":"https:\/\/api.w.org\/{rel}","templated":true}]}}