{"id":216178,"date":"2025-06-30T17:22:08","date_gmt":"2025-06-30T17:22:08","guid":{"rendered":"https:\/\/www.europesays.com\/fr\/216178\/"},"modified":"2025-06-30T17:22:08","modified_gmt":"2025-06-30T17:22:08","slug":"face-au-mercure-qui-saffole-ces-villes-dile-de-france-ferment-leurs-ecoles","status":"publish","type":"post","link":"https:\/\/www.europesays.com\/fr\/216178\/","title":{"rendered":"face au mercure qui s&rsquo;affole, ces villes d&rsquo;\u00cele-de-France ferment leurs \u00e9coles"},"content":{"rendered":"<p>            Par<br \/>\n        <strong><br \/>\n            <a href=\"https:\/\/actu.fr\/auteur\/dorinegoth\" title=\"Consulter tous les articles de Dorine Goth\" rel=\"nofollow noopener\" target=\"_blank\">Dorine Goth<\/a><br \/>\n        <\/strong><\/p>\n<p>        Publi\u00e9 le<\/p>\n<p>            30 juin 2025 \u00e0 19h13        <\/p>\n<p>\u00c0 situation exceptionnelle, mesures exceptionnelles. Alors que <strong>l\u2019\u00cele-de-France<\/strong> vient d\u2019\u00eatre plac\u00e9e en <strong><a href=\"https:\/\/actu.fr\/ile-de-france\/paris_75056\/ressenti-44-c-meteo-france-declenche-la-vigilance-rouge-canicule-a-paris-et-en-petite-couronne_62846076.html\" rel=\"nofollow noopener\" target=\"_blank\">alerte rouge canicule<\/a><\/strong> pour la journ\u00e9e de mardi 1er\u00a0juillet 2025, certaines municipalit\u00e9s ont pris la d\u00e9cision de<a href=\"https:\/\/actu.fr\/societe\/canicule-des-ecoles-fermees-lundi-et-mardi-comment-faire-si-vous-devez-garder-votre-enfant-a-la-maison_62841468.html\" rel=\"nofollow noopener\" target=\"_blank\"><strong> fermer totalement leurs \u00e9coles<\/strong> <\/a>primaires et maternelles. Une d\u00e9cision prise alors que le b\u00e2ti scolaire est bien souvent inadapt\u00e9 aux vagues de chaleur qui d\u00e9ferlent de plus en plus sur la r\u00e9gion chaque \u00e9t\u00e9. En Seine-Saint-Denis, aucune \u00e9cole ne sera ouverte \u00e0 <strong>Villepinte<\/strong> et <strong>Villetaneuse.<\/strong> Ce sera \u00e9galement le cas dans le Val-de-Marne, \u00e0 <strong>Alfortville.<\/strong> \u00c0 Paris, les cr\u00e8ches et les \u00e9coles restent ouvertes mais ne sont pas obligatoires.<\/p>\n<p>Les conditions de s\u00e9curit\u00e9 ne sont pas r\u00e9unies<\/p>\n<p class=\" wall-content\">\u00ab\u2009Malgr\u00e9 les moyens d\u00e9ploy\u00e9s sur certains \u00e9tablissements scolaires et en concertation avec la communaut\u00e9 \u00e9ducative, les<strong> conditions d\u2019accueil et de s\u00e9curit\u00e9<\/strong> des \u00e9l\u00e8ves de nos \u00e9coles ne sont pas r\u00e9unies\u2009\u00bb, indique lundi 30\u00a0juin la municipalit\u00e9 de Villetaneuse.<\/p>\n<p class=\" wall-content\">M\u00eame son de cloche du c\u00f4t\u00e9 de Villepinte. \u00ab\u2009Depuis ce matin, de nombreux signalements parviennent des directeurs d\u2019\u00e9coles, faisant \u00e9tat de temp\u00e9ratures tr\u00e8s \u00e9lev\u00e9es \u00e0 l\u2019int\u00e9rieur des \u00e9tablissements scolaires. Malgr\u00e9 les dispositifs mis en place, les b\u00e2timents scolaires, souvent peu adapt\u00e9s \u00e0 de telles vagues de chaleur, ne permettent pas de maintenir les conditions de s\u00e9curit\u00e9 pour nos enfants et la communaut\u00e9 \u00e9ducative\u2009\u00bb, partage la municipalit\u00e9. Pour cette ville, un<a href=\"https:\/\/actu.fr\/societe\/greve-et-service-minimum-les-ecoles-peuvent-elles-refuser-d-accueillir-vos-enfants_56647161.html\" rel=\"nofollow noopener\" target=\"_blank\"><strong> service minimum d\u2019accueil<\/strong><\/a> (SMA) est mis en place par la ville de 7h30 \u00e0 18h30 pour les familles qui n\u2019ont pas de mode de garde.<\/p>\n<p>Les enfants des personnels prioritaires<\/p>\n<p class=\" wall-content\">\u00c0 Alfortville, la municipalit\u00e9 a fait le choix d\u2019accueillir seulement les enfants des <a href=\"https:\/\/actu.fr\/societe\/ecoles-fermees-voici-la-liste-des-personnels-prioritaires-qui-pourront-faire-garder-leurs-enfants_40759414.html\" rel=\"nofollow noopener\" target=\"_blank\">personnels prioritaires<\/a> (sant\u00e9, secours, s\u00e9curit\u00e9, scolaire et petite enfance). Une permanence sera effectu\u00e9e au sein du groupe scolaire \u00c9tienne Dolet. Pour \u00eatre accueillis, ils devront pr\u00e9senter un <strong>justificatif de la profession<\/strong> de leur parent.<\/p>\n<p class=\" wall-content\">Les autres villes ont fait le choix de suivre les recommandations du minist\u00e8re de l\u2019\u00c9ducation nationale. Les \u00e9coles resteront ouvertes mais il est recommand\u00e9 aux parents qui le peuvent de garder leurs enfants \u00e0 domicile. Au total, pr\u00e8s de <strong>200 \u00e9coles devraient \u00eatre ferm\u00e9es<\/strong> dans toute la France.<\/p>\n<p>Vid\u00e9os : en ce moment sur Actu<\/p>\n<p class=\" wall-content\">Suivez toute l\u2019actualit\u00e9 de vos villes et m\u00e9dias favoris en vous inscrivant \u00e0 <a href=\"https:\/\/moncompte.actu.fr\" title=\"D\u00e9couvez Mon Actu\" rel=\"nofollow noopener\" data-trk=\"{&quot;cta&quot;:{&quot;action&quot;:&quot;https:\\\/\\\/moncompte.actu.fr&quot;,&quot;category&quot;:&quot;mon compte&quot;,&quot;from&quot;:&quot;article footer&quot;,&quot;name&quot;:&quot;Mon actu&quot;,&quot;type&quot;:&quot;cta&quot;}}\" target=\"_blank\">Mon Actu<\/a>.<\/p>\n","protected":false},"excerpt":{"rendered":"Par Dorine Goth Publi\u00e9 le 30 juin 2025 \u00e0 19h13 \u00c0 situation exceptionnelle, mesures exceptionnelles. Alors que l\u2019\u00cele-de-France&hellip;\n","protected":false},"author":2,"featured_media":216179,"comment_status":"","ping_status":"","sticky":false,"template":"","format":"standard","meta":{"footnotes":""},"categories":[1592],"tags":[1111,11,6698,1057,1777,674,1011,27,662,12,626,25,104],"class_list":{"0":"post-216178","1":"post","2":"type-post","3":"status-publish","4":"format-standard","5":"has-post-thumbnail","7":"category-ile-de-france","8":"tag-actu","9":"tag-actualites","10":"tag-canicule","11":"tag-education","12":"tag-eu","13":"tag-europe","14":"tag-fr","15":"tag-france","16":"tag-ile-de-france","17":"tag-news","18":"tag-paris","19":"tag-republique-francaise","20":"tag-societe"},"share_on_mastodon":{"url":"https:\/\/pubeurope.com\/@fr\/114773474816091787","error":""},"_links":{"self":[{"href":"https:\/\/www.europesays.com\/fr\/wp-json\/wp\/v2\/posts\/216178","targetHints":{"allow":["GET"]}}],"collection":[{"href":"https:\/\/www.europesays.com\/fr\/wp-json\/wp\/v2\/posts"}],"about":[{"href":"https:\/\/www.europesays.com\/fr\/wp-json\/wp\/v2\/types\/post"}],"author":[{"embeddable":true,"href":"https:\/\/www.europesays.com\/fr\/wp-json\/wp\/v2\/users\/2"}],"replies":[{"embeddable":true,"href":"https:\/\/www.europesays.com\/fr\/wp-json\/wp\/v2\/comments?post=216178"}],"version-history":[{"count":0,"href":"https:\/\/www.europesays.com\/fr\/wp-json\/wp\/v2\/posts\/216178\/revisions"}],"wp:featuredmedia":[{"embeddable":true,"href":"https:\/\/www.europesays.com\/fr\/wp-json\/wp\/v2\/media\/216179"}],"wp:attachment":[{"href":"https:\/\/www.europesays.com\/fr\/wp-json\/wp\/v2\/media?parent=216178"}],"wp:term":[{"taxonomy":"category","embeddable":true,"href":"https:\/\/www.europesays.com\/fr\/wp-json\/wp\/v2\/categories?post=216178"},{"taxonomy":"post_tag","embeddable":true,"href":"https:\/\/www.europesays.com\/fr\/wp-json\/wp\/v2\/tags?post=216178"}],"curies":[{"name":"wp","href":"https:\/\/api.w.org\/{rel}","templated":true}]}}