{"id":21618,"date":"2025-04-13T07:11:11","date_gmt":"2025-04-13T07:11:11","guid":{"rendered":"https:\/\/www.europesays.com\/fr\/21618\/"},"modified":"2025-04-13T07:11:11","modified_gmt":"2025-04-13T07:11:11","slug":"atp-monte-carlo-daniil-medvedev-surclasse-par-de-minaur-en-huitiemes-de-finale-je-netais-pas-fatigue-et-je-ne-peux-pas-dire-que-cette-defaite-ma-acheve-car-alex-a-tout-simplement-mieux-joue","status":"publish","type":"post","link":"https:\/\/www.europesays.com\/fr\/21618\/","title":{"rendered":"ATP &#8211; Monte Carlo > Daniil Medvedev, surclass\u00e9 par De Minaur en huiti\u00e8mes de finale : \u00ab\u00a0Je n&rsquo;\u00e9tais pas fatigu\u00e9 et je ne peux pas dire que cette d\u00e9faite m&rsquo;a achev\u00e9 car Alex a tout simplement mieux jou\u00e9 que moi\u00a0\u00bb"},"content":{"rendered":"<p>Apr\u00e8s \u00eatre sorti vain\u00adqueur d\u2019un \u00e9norme combat face au Fran\u00e7ais Alexandre Muller au deuxi\u00e8me tour, Daniil Medvedev a \u00e9t\u00e9 tota\u00adle\u00adment surclass\u00e9 par Alex de Minaur en huiti\u00e8mes de finale du Masters 1000 de Monte\u2010Carlo.\u00a0<\/p>\n<p>Interrog\u00e9 par nos confr\u00e8res de Championnat apr\u00e8s la rencontre, le Russe a reconnu la sup\u00e9\u00adrio\u00adrit\u00e9 de son adversaire.\u00a0<\/p>\n<p><strong>\u00ab\u202fAlex a fait un excellent match. Il ne m\u2019a pas donn\u00e9 de balles faciles. J\u2019ai cherch\u00e9 la r\u00e9ponse, mais je n\u2019en ai pas trouv\u00e9. Et dans ce genre de match, on commence \u00e0 commettre des erreurs l\u00e0 o\u00f9 il ne faut pas. Je ne peux pas dire que j\u2019\u00e9tais fatigu\u00e9. J\u2019ai r\u00e9cu\u00adp\u00e9r\u00e9 norma\u00adle\u00adment, les condi\u00adtions \u00e9taient certes diff\u00e9\u00adrentes, mais je ne peux pas dire que cela ait eu un grand impact. Je n\u2019ai pas tr\u00e8s bien servi, mais je n\u2019ai pas servi mal non plus. Je ne peux pas dire que cette d\u00e9faite m\u2019a achev\u00e9. Je vais devoir parler \u00e0 mon entra\u00ee\u00adneur. Alex a tout simple\u00adment mieux jou\u00e9 que moi, ce qui signifie que je dois \u00eatre meilleur \u00e0 l\u2019en\u00adtra\u00ee\u00adne\u00adment et \u00eatre plus performant.\u202f\u00bb<\/strong><\/p>\n<p class=\"post-published-date\" style=\"color: silver; font-size: 75%; text-align: left;\">Publi\u00e9 le vendredi 11 avril 2025 \u00e0 13:13<\/p>\n","protected":false},"excerpt":{"rendered":"Apr\u00e8s \u00eatre sorti vain\u00adqueur d\u2019un \u00e9norme combat face au Fran\u00e7ais Alexandre Muller au deuxi\u00e8me tour, Daniil Medvedev a&hellip;\n","protected":false},"author":2,"featured_media":21619,"comment_status":"","ping_status":"","sticky":false,"template":"","format":"standard","meta":{"footnotes":""},"categories":[1415],"tags":[3252,8081,1011,27,60,1467],"class_list":{"0":"post-21618","1":"post","2":"type-post","3":"status-publish","4":"format-standard","5":"has-post-thumbnail","7":"category-tennis","8":"tag-daniil-medvedev","9":"tag-de-minaur","10":"tag-fr","11":"tag-france","12":"tag-sports","13":"tag-tennis"},"share_on_mastodon":{"url":"https:\/\/pubeurope.com\/@fr\/114329412079928749","error":""},"_links":{"self":[{"href":"https:\/\/www.europesays.com\/fr\/wp-json\/wp\/v2\/posts\/21618","targetHints":{"allow":["GET"]}}],"collection":[{"href":"https:\/\/www.europesays.com\/fr\/wp-json\/wp\/v2\/posts"}],"about":[{"href":"https:\/\/www.europesays.com\/fr\/wp-json\/wp\/v2\/types\/post"}],"author":[{"embeddable":true,"href":"https:\/\/www.europesays.com\/fr\/wp-json\/wp\/v2\/users\/2"}],"replies":[{"embeddable":true,"href":"https:\/\/www.europesays.com\/fr\/wp-json\/wp\/v2\/comments?post=21618"}],"version-history":[{"count":0,"href":"https:\/\/www.europesays.com\/fr\/wp-json\/wp\/v2\/posts\/21618\/revisions"}],"wp:featuredmedia":[{"embeddable":true,"href":"https:\/\/www.europesays.com\/fr\/wp-json\/wp\/v2\/media\/21619"}],"wp:attachment":[{"href":"https:\/\/www.europesays.com\/fr\/wp-json\/wp\/v2\/media?parent=21618"}],"wp:term":[{"taxonomy":"category","embeddable":true,"href":"https:\/\/www.europesays.com\/fr\/wp-json\/wp\/v2\/categories?post=21618"},{"taxonomy":"post_tag","embeddable":true,"href":"https:\/\/www.europesays.com\/fr\/wp-json\/wp\/v2\/tags?post=21618"}],"curies":[{"name":"wp","href":"https:\/\/api.w.org\/{rel}","templated":true}]}}