{"id":216180,"date":"2025-06-30T17:23:10","date_gmt":"2025-06-30T17:23:10","guid":{"rendered":"https:\/\/www.europesays.com\/fr\/216180\/"},"modified":"2025-06-30T17:23:10","modified_gmt":"2025-06-30T17:23:10","slug":"alertes-rouges-canicule-et-pollution-a-lozone-en-ile-de-france-ce-mardi-1er-juillet","status":"publish","type":"post","link":"https:\/\/www.europesays.com\/fr\/216180\/","title":{"rendered":"Alertes rouges canicule et pollution \u00e0 l&rsquo;ozone en Ile-de-France ce mardi 1er juillet"},"content":{"rendered":"\n<p>Une partie de la France, qui suffoque d\u00e9j\u00e0 presque partout lundi, va basculer dans la vigilance rouge mardi, pour la premi\u00e8re fois depuis 2023, avec un pic caniculaire \u201ctr\u00e8s fort\u201d sur Paris. Seize d\u00e9partements, dont le bassin parisien et le centre, passeront d\u2019orange \u00e0 rouge, a annonc\u00e9 lundi apr\u00e8s-midi M\u00e9t\u00e9o-France, et 68 resteront en vigilance orange. En Ile-de-France, c\u2019est la premi\u00e8re fois depuis cinq ans que la vigilance maximale est activ\u00e9e. Elle est utilis\u00e9e en cas de \u201ccanicule extr\u00eame, exceptionnelle par sa dur\u00e9e, son intensit\u00e9 et son extension g\u00e9ographique\u201d, et quand la chaleur \u201cpr\u00e9sente un fort impact sanitaire pour l\u2019ensemble de la population\u201d, pr\u00e9cise l\u2019institut de m\u00e9t\u00e9orologie. R\u00e9acteur nucl\u00e9aire \u00e0 l\u2019arr\u00eat, certaines \u00e9coles ferm\u00e9es, horaires am\u00e9nag\u00e9s sur les chantiers\u00a0: telles sont les mesures de pr\u00e9caution envisag\u00e9es.<\/p>\n<p>Dans la nuit de lundi \u00e0 mardi, les temp\u00e9ratures minimales devraient \u00eatre comprises entre 17 et 20\u00b0C en grande couronne. \u201cDans Paris et la petite couronne, sous l\u2019effet de l\u2019\u00eelot de chaleur urbain les valeurs seront tr\u00e8s \u00e9lev\u00e9es, jusqu\u2019\u00e0 23-24\u00b0C\u201d, indique M\u00e9t\u00e9o France.<\/p>\n<p>\u201cMardi sera une journ\u00e9e exceptionnellement chaude. L\u2019apr\u00e8s-midi, les temp\u00e9ratures s\u2019\u00e9chelonneront entre 35 et 41\u00b0C, avec fr\u00e9quemment 40 \u00e0 41\u00b0C dans Paris et la petite couronne.\u201d<\/p>\n<p>\u201cJusqu\u2019\u00e0 15 \u00b0C au-dessus des normales de saison\u201c<\/p>\n<p>\u201cLa nuit suivante, de mardi \u00e0 mercredi, restera tr\u00e8s chaude, \u00e9touffante, similaire \u00e0 la pr\u00e9c\u00e9dente : on attend des temp\u00e9ratures minimales allant de 18 \u00e0 22\u00b0C en grande couronne, et jusqu\u2019\u00e0 23 \u00e0 24\u00b0C sous l\u2019effet de l\u2019ilot de chaleur urbain dans Paris et la petite couronne\u201d, poursuit l\u2019agence m\u00e9t\u00e9orologique.<\/p>\n<p>Les temp\u00e9ratures commenceront \u00e0 baisser mercredi, par le nord-ouest. Le vent se renforcera aussi, rendant l\u2019air plus respirable.<\/p>\n<p>\u201cCes temp\u00e9ratures exceptionnellement chaudes se situent parfois jusqu\u2019\u00e0 15 \u00b0C au-dessus des normales de saison. La fin de cet \u00e9pisode caniculaire est envisag\u00e9 pour mercredi soir, avec une baisse sensible des temp\u00e9ratures\u201d, d\u00e9taille encore M\u00e9t\u00e9o France.<\/p>\n<p>Cette 50e vague de chaleur nationale recens\u00e9e depuis 1947, la 33e du 21e si\u00e8cle, s\u2019inscrit dans un contexte de changement climatique qui augmente l\u2019intensit\u00e9 et la fr\u00e9quence des canicules.<\/p>\n<p>Pollution \u00e0 l\u2019ozone<\/p>\n<p>Cet \u00e9pisode caniculaire impacte aussi l\u2019environnement: 26 d\u00e9partements sont lundi en vigilance pour la s\u00e9cheresse, et 10 au niveau de crise, entra\u00eenant des restrictions importantes des usages. Ce contexte est propice aux incendies: dans l\u2019Aude, 400 hectares de for\u00eat ont br\u00fbl\u00e9 dans le massif des Corbi\u00e8res en raison d\u2019un barbecue mal \u00e9teint. Plus de 600 pompiers ont d\u00fb \u00eatre d\u00e9ploy\u00e9s pour ma\u00eetriser les flammes mais des risques de r\u00e9activation subsistent.<\/p>\n<p>Une pollution de l\u2019air est \u00e9galement en train de s\u2019installer pour l\u2019ozone. Des restrictions de circulation ont du reste \u00e9t\u00e9 d\u00e9cid\u00e9es en Ile-de-France o\u00f9 Airparif a \u00e9mis une alerte rouge,<\/p>\n<p>\u201cLes conditions m\u00e9t\u00e9orologiques chaudes et ensoleill\u00e9es sont favorables \u00e0 la formation d\u2019ozone par r\u00e9action chimique \u00e0 partir de polluants pr\u00e9sents dans l\u2019atmosph\u00e8re, notamment les oxydes d\u2019azote et les COV. Les concentrations en ozone devraient d\u00e9passer le seuil d\u2019information, la qualit\u00e9 de l\u2019air sera mauvaise sur l\u2019ensemble de l\u2019\u00cele-de-France\u201d,\u00a0indique le bulletin d\u2019Airparif, qui pr\u00e9voit une augmentation progressive de la concentration en Ozone (O3) jusqu\u2019\u00e0 210 \u00b5g\/m\u00b3 (microgramme par m\u00e8tre cube) ce mardi, au-del\u00e0 du seuil d\u2019alerte de 180, et au-del\u00e0 des pr\u00e9c\u00e9dentes alertes de juin.\u00a0<\/p>\n<p>Pour rappel, l\u2019ozone est naturellement pr\u00e9sent dans l\u2019atmosph\u00e8re, et la couche qu\u2019il forme au niveau de la stratosph\u00e8re est indispensable pour se prot\u00e9ger des rayons ultraviolets du soleil. A basse altitude (dans la troposph\u00e8re), en revanche, il agresse le syst\u00e8me respiratoire et peut m\u00eame br\u00fbler les v\u00e9g\u00e9taux les plus sensibles.<a href=\"https:\/\/fr.wikipedia.org\/wiki\/Ozone\" target=\"_blank\" rel=\"noreferrer noopener nofollow\">\u00a0(Plus d\u2019infos)<\/a><\/p>\n<p>D\u00f4me de chaleur<\/p>\n<p>Cette vague de chaleur concerne tout le sud de l\u2019Europe, de l\u2019Italie au Portugal. L\u2019Espagne a enregistr\u00e9 46\u00b0C samedi, un record pour un mois de juin.<\/p>\n<p>La cause de ce nouveau pic est un d\u00f4me de chaleur: un large et puissant anticyclone forme une sorte de couvercle qui bloque l\u2019air en basses couches, emp\u00eachant l\u2019entr\u00e9e de perturbations tout en le r\u00e9chauffant progressivement.<\/p>\n","protected":false},"excerpt":{"rendered":"Une partie de la France, qui suffoque d\u00e9j\u00e0 presque partout lundi, va basculer dans la vigilance rouge mardi,&hellip;\n","protected":false},"author":2,"featured_media":216181,"comment_status":"","ping_status":"","sticky":false,"template":"","format":"standard","meta":{"footnotes":""},"categories":[1592],"tags":[1111,11,26833,35556,6698,4107,3542,1129,436,1936,7935,1777,674,1011,27,3314,662,1310,2487,2357,12,626,23090,1800,1311,940,25,12817,1937,1945,2292,1938],"class_list":{"0":"post-216180","1":"post","2":"type-post","3":"status-publish","4":"format-standard","5":"has-post-thumbnail","7":"category-ile-de-france","8":"tag-actu","9":"tag-actualites","10":"tag-airparif","11":"tag-alerte-rouge","12":"tag-canicule","13":"tag-chantier","14":"tag-circulation","15":"tag-climat","16":"tag-environnement","17":"tag-essonne","18":"tag-est-parisien","19":"tag-eu","20":"tag-europe","21":"tag-fr","22":"tag-france","23":"tag-hauts-de-seine","24":"tag-ile-de-france","25":"tag-incendie","26":"tag-meteo","27":"tag-meteo-france","28":"tag-news","29":"tag-paris","30":"tag-petite-couronne","31":"tag-pollution","32":"tag-pompiers","33":"tag-population","34":"tag-republique-francaise","35":"tag-secheresse","36":"tag-seine-et-marne","37":"tag-seine-saint-denis","38":"tag-val-doise","39":"tag-yvelines"},"share_on_mastodon":{"url":"","error":""},"_links":{"self":[{"href":"https:\/\/www.europesays.com\/fr\/wp-json\/wp\/v2\/posts\/216180","targetHints":{"allow":["GET"]}}],"collection":[{"href":"https:\/\/www.europesays.com\/fr\/wp-json\/wp\/v2\/posts"}],"about":[{"href":"https:\/\/www.europesays.com\/fr\/wp-json\/wp\/v2\/types\/post"}],"author":[{"embeddable":true,"href":"https:\/\/www.europesays.com\/fr\/wp-json\/wp\/v2\/users\/2"}],"replies":[{"embeddable":true,"href":"https:\/\/www.europesays.com\/fr\/wp-json\/wp\/v2\/comments?post=216180"}],"version-history":[{"count":0,"href":"https:\/\/www.europesays.com\/fr\/wp-json\/wp\/v2\/posts\/216180\/revisions"}],"wp:featuredmedia":[{"embeddable":true,"href":"https:\/\/www.europesays.com\/fr\/wp-json\/wp\/v2\/media\/216181"}],"wp:attachment":[{"href":"https:\/\/www.europesays.com\/fr\/wp-json\/wp\/v2\/media?parent=216180"}],"wp:term":[{"taxonomy":"category","embeddable":true,"href":"https:\/\/www.europesays.com\/fr\/wp-json\/wp\/v2\/categories?post=216180"},{"taxonomy":"post_tag","embeddable":true,"href":"https:\/\/www.europesays.com\/fr\/wp-json\/wp\/v2\/tags?post=216180"}],"curies":[{"name":"wp","href":"https:\/\/api.w.org\/{rel}","templated":true}]}}