{"id":216182,"date":"2025-06-30T17:24:10","date_gmt":"2025-06-30T17:24:10","guid":{"rendered":"https:\/\/www.europesays.com\/fr\/216182\/"},"modified":"2025-06-30T17:24:10","modified_gmt":"2025-06-30T17:24:10","slug":"les-pompiers-de-paris-sequipent-de-nouvelles-lances-a-incendie","status":"publish","type":"post","link":"https:\/\/www.europesays.com\/fr\/216182\/","title":{"rendered":"les pompiers de Paris s&rsquo;\u00e9quipent de nouvelles lances \u00e0 incendie"},"content":{"rendered":"<p>            Par<br \/>\n        <strong><br \/>\n            <a href=\"https:\/\/actu.fr\/auteur\/antoine-blanchet\" title=\"Consulter tous les articles de Antoine Blanchet\" target=\"_blank\" rel=\"noopener\">Antoine Blanchet<\/a><br \/>\n        <\/strong><\/p>\n<p>        Publi\u00e9 le<\/p>\n<p>            30 juin 2025 \u00e0 19h06        <\/p>\n<p>\u00ab\u2009Diphasique\u2009\u00bb. Ce mot, n\u00e9buleux, a pourtant des allures de r\u00e9volution pour la Brigade des sapeurs-pompiers de <a href=\"https:\/\/actu.fr\/paris\/\" target=\"_blank\" rel=\"noopener\">Paris<\/a> (BSPP). Jeudi 26\u00a0juin 2025, les <a href=\"https:\/\/actu.fr\/ile-de-france\/issy-les-moulineaux_92040\/video-decouvrez-le-gign-des-pompiers-de-paris-unite-d-elite-formee-aux-pires-situations_46467333.html\" target=\"_blank\" rel=\"noopener\">soldats du feu<\/a> ont pr\u00e9sent\u00e9 \u00e0 la caserne de la <strong>porte de Champerret<\/strong> leur nouveau mod\u00e8le de v\u00e9hicule \u00ab\u2009Premi\u00e8re \u00e9vacuation sixi\u00e8me g\u00e9n\u00e9ration\u2009\u00bb. Ces v\u00e9hicules utilis\u00e9s pour intervenir sur les incendies seront \u00e9quip\u00e9s de lances \u00e0 eau bas\u00e9es sur une nouvelle technologie\u2009: les lances diphasiques.<\/p>\n<p>\u00ab\u2009La plus grosse innovation depuis les ann\u00e9es 70\u2009\u00bb<\/p>\n<p class=\" wall-content\">L\u2019innovation majeure de ces nouvelles lances\u2009: leur \u00ab\u2009sobri\u00e9t\u00e9\u2009\u00bb. \u00ab\u2009Elles consomment <strong>cinq fois moins d\u2019eau qu\u2019une lance classique<\/strong>, ce qui est un vrai gain environnemental. C\u2019est une innovation r\u00e9volutionnaire\u2009\u00bb, explique le <a href=\"https:\/\/actu.fr\/tag\/laurent-nunez\" target=\"_blank\" rel=\"noopener\">pr\u00e9fet de Police Laurent Nu\u00f1ez<\/a>. Le projet, imagin\u00e9 il y a 100\u00a0ans, a \u00e9t\u00e9 mis en chantier par la BSPP en 2016. Aux c\u00f4t\u00e9s de l\u2019entreprise Sides et du laboratoire central de la <a href=\"https:\/\/actu.fr\/tag\/prefecture-de-police-de-paris\" target=\"_blank\" rel=\"noopener\">pr\u00e9fecture de Police<\/a>, les pompiers parisiens ont travaill\u00e9 d\u2019arrache-pied sur cette nouvelle technologie. \u00ab\u2009C\u2019est la plus grosse innovation depuis les ann\u00e9es 70\u2009\u00bb, affirme le g\u00e9n\u00e9ral <strong>Arnaud de Cacqueray,<\/strong> commandant de la BSPP.<\/p>\n<p>Limiter les dangers et les d\u00e9g\u00e2ts<\/p>\n<p class=\" wall-content\">En plus de limiter radicalement la consommation d\u2019eau, les lances diphasiques ont d\u2019autres atouts en r\u00e9serve. Avant, lorsque les pompiers intervenaient dans un appartement, l\u2019eau s\u2019\u00e9coulait et endommageait les logements situ\u00e9s en dessous. \u00ab\u2009Le fonctionnement de ces lances permet de supprimer les d\u00e9g\u00e2ts li\u00e9s au ruissellement lors des interventions\u2009\u00bb, d\u00e9taille le lieutenant-colonel <strong>Fabian Testa<\/strong>. \u00ab\u2009Cette r\u00e9duction des dommages va permettre une protection des habitations, mais aussi sur les sites culturels\u2009\u00bb, rajoute Arnaud de Cacqueray.<\/p>\n<p class=\" wall-content\">Niveau efficacit\u00e9, les lances diphasiques devraient aussi permettre une ma\u00eetrise des flammes plus rapides. \u00ab\u2009En restant \u00e0 l\u2019ext\u00e9rieur de l\u2019appartement et en utilisant ces lances, on a pu \u00e9teindre l\u2019incendie en une vingtaine de secondes tout en restant en s\u00e9curit\u00e9\u2009\u00bb, nous r\u00e9v\u00e8le un soldat du feu.<\/p>\n<p>Vers un \u00e9quipement massif<\/p>\n<p class=\" wall-content\">Cette nouvelle invention devrait se d\u00e9mocratiser dans les prochaines ann\u00e9es au sein de la BSPP. \u00ab\u2009Nous attendons <strong>52 v\u00e9hicules \u00e9quip\u00e9s de lances diphasiques d\u2019ici 2030<\/strong>\u2009\u00bb, affirme le g\u00e9n\u00e9ral Arnaud de Cacqueray. La priorit\u00e9 devrait \u00eatre donn\u00e9e aux casernes des zones p\u00e9riph\u00e9riques o\u00f9 les besoins en eau sont les plus importants, comme \u00e0 <a href=\"https:\/\/actu.fr\/ile-de-france\/tremblay-en-france_93073\" target=\"_blank\" rel=\"noopener\">Tremblay-en-France<\/a> (<a href=\"https:\/\/actu.fr\/ile-de-france\/seine-saint-denis_93\" target=\"_blank\" rel=\"noopener\">Seine-Saint-Denis<\/a>) ou encore dans le sud du <a href=\"https:\/\/actu.fr\/ile-de-france\/val-de-marne_94\" target=\"_blank\" rel=\"noopener\">Val-de-Marne<\/a>.<\/p>\n<p class=\" wall-content\">Suivez toute l\u2019actualit\u00e9 de vos villes et m\u00e9dias favoris en vous inscrivant \u00e0 <a href=\"https:\/\/moncompte.actu.fr\" title=\"D\u00e9couvez Mon Actu\" rel=\"nofollow noopener\" data-trk=\"{&quot;cta&quot;:{&quot;action&quot;:&quot;https:\\\/\\\/moncompte.actu.fr&quot;,&quot;category&quot;:&quot;mon compte&quot;,&quot;from&quot;:&quot;article footer&quot;,&quot;name&quot;:&quot;Mon actu&quot;,&quot;type&quot;:&quot;cta&quot;}}\" target=\"_blank\">Mon Actu<\/a>.<\/p>\n","protected":false},"excerpt":{"rendered":"Par Antoine Blanchet Publi\u00e9 le 30 juin 2025 \u00e0 19h06 \u00ab\u2009Diphasique\u2009\u00bb. Ce mot, n\u00e9buleux, a pourtant des allures&hellip;\n","protected":false},"author":2,"featured_media":216183,"comment_status":"","ping_status":"","sticky":false,"template":"","format":"standard","meta":{"footnotes":""},"categories":[1888],"tags":[1111,1928,11,1927,3056,1777,674,118,1011,27,1310,12,1926,626,1925,1311,25],"class_list":{"0":"post-216182","1":"post","2":"type-post","3":"status-publish","4":"format-standard","5":"has-post-thumbnail","7":"category-paris","8":"tag-actu","9":"tag-actu-paris","10":"tag-actualites","11":"tag-actualites-paris","12":"tag-brigade-de-sapeurs-pompiers-de-paris","13":"tag-eu","14":"tag-europe","15":"tag-faits-divers","16":"tag-fr","17":"tag-france","18":"tag-incendie","19":"tag-news","20":"tag-news-paris","21":"tag-paris","22":"tag-paris-news","23":"tag-pompiers","24":"tag-republique-francaise"},"share_on_mastodon":{"url":"https:\/\/pubeurope.com\/@fr\/114773482694259044","error":""},"_links":{"self":[{"href":"https:\/\/www.europesays.com\/fr\/wp-json\/wp\/v2\/posts\/216182","targetHints":{"allow":["GET"]}}],"collection":[{"href":"https:\/\/www.europesays.com\/fr\/wp-json\/wp\/v2\/posts"}],"about":[{"href":"https:\/\/www.europesays.com\/fr\/wp-json\/wp\/v2\/types\/post"}],"author":[{"embeddable":true,"href":"https:\/\/www.europesays.com\/fr\/wp-json\/wp\/v2\/users\/2"}],"replies":[{"embeddable":true,"href":"https:\/\/www.europesays.com\/fr\/wp-json\/wp\/v2\/comments?post=216182"}],"version-history":[{"count":0,"href":"https:\/\/www.europesays.com\/fr\/wp-json\/wp\/v2\/posts\/216182\/revisions"}],"wp:featuredmedia":[{"embeddable":true,"href":"https:\/\/www.europesays.com\/fr\/wp-json\/wp\/v2\/media\/216183"}],"wp:attachment":[{"href":"https:\/\/www.europesays.com\/fr\/wp-json\/wp\/v2\/media?parent=216182"}],"wp:term":[{"taxonomy":"category","embeddable":true,"href":"https:\/\/www.europesays.com\/fr\/wp-json\/wp\/v2\/categories?post=216182"},{"taxonomy":"post_tag","embeddable":true,"href":"https:\/\/www.europesays.com\/fr\/wp-json\/wp\/v2\/tags?post=216182"}],"curies":[{"name":"wp","href":"https:\/\/api.w.org\/{rel}","templated":true}]}}